 {"id":311,"date":"2017-12-22T11:37:31","date_gmt":"2017-12-22T10:37:31","guid":{"rendered":"https:\/\/blogs.univ-tlse2.fr\/15grandesfigures-scedu\/?p=311"},"modified":"2017-12-22T13:20:10","modified_gmt":"2017-12-22T12:20:10","slug":"melees-et-demeles-50-ans-de-recherches-en-sciences-de-leducation","status":"publish","type":"post","link":"https:\/\/blogs.univ-tlse2.fr\/15grandesfigures-scedu\/2017\/12\/22\/melees-et-demeles-50-ans-de-recherches-en-sciences-de-leducation\/","title":{"rendered":"M\u00eal\u00e9es et d\u00e9m\u00eal\u00e9s, 50 ans de recherches en Sciences de l\u2019\u00e9ducation &#8211; 20-22 Sept 2017"},"content":{"rendered":"<p>A <img loading=\"lazy\" decoding=\"async\" class=\"alignleft wp-image-135 size-full\" src=\"https:\/\/blogs.univ-tlse2.fr\/15grandesfigures-scedu\/files\/2017\/12\/me\u0302le\u0301es-milieu.jpg\" alt=\"\" width=\"168\" height=\"160\" \/>l\u2019occasion des 50 ans des Sciences de l\u2019\u00e9ducation, l\u2019Unit\u00e9 Mixte de Recherche <a href=\"http:\/\/efts.univ-tlse2.fr\/\">EFTS<\/a> (Education, Formation, Travail, Savoirs) de l\u2019Universit\u00e9 Toulouse &#8211; Jean Jaur\u00e8s a organis\u00e9 le colloque international \u00ab\u00a0M\u00eal\u00e9es et d\u00e9m\u00eal\u00e9s, 50 ans de recherches en Sciences de l\u2019\u00e9ducation\u00a0\u00bb. Pour en savoir plus : <a href=\"https:\/\/50-ans-se.sciencesconf.org\/\">https:\/\/50-ans-se.sciencesconf.org\/<\/a><\/p>\n<p><strong>Retour en image sur l&rsquo;exposition lors du colloque :<\/strong><\/p>\n<p><img loading=\"lazy\" decoding=\"async\" class=\"alignnone size-medium wp-image-314 aligncenter\" src=\"https:\/\/blogs.univ-tlse2.fr\/15grandesfigures-scedu\/files\/2017\/12\/expoMD50ans4-300x200.jpg\" alt=\"\" width=\"300\" height=\"200\" srcset=\"https:\/\/blogs.univ-tlse2.fr\/15grandesfigures-scedu\/files\/2017\/12\/expoMD50ans4-300x200.jpg 300w, https:\/\/blogs.univ-tlse2.fr\/15grandesfigures-scedu\/files\/2017\/12\/expoMD50ans4-768x512.jpg 768w, https:\/\/blogs.univ-tlse2.fr\/15grandesfigures-scedu\/files\/2017\/12\/expoMD50ans4-1024x683.jpg 1024w, https:\/\/blogs.univ-tlse2.fr\/15grandesfigures-scedu\/files\/2017\/12\/expoMD50ans4.jpg 1500w\" sizes=\"auto, (max-width: 300px) 100vw, 300px\" \/><img loading=\"lazy\" decoding=\"async\" class=\"alignnone size-medium wp-image-316 aligncenter\" src=\"https:\/\/blogs.univ-tlse2.fr\/15grandesfigures-scedu\/files\/2017\/12\/expoMD50ans5-300x200.jpg\" alt=\"\" width=\"300\" height=\"200\" srcset=\"https:\/\/blogs.univ-tlse2.fr\/15grandesfigures-scedu\/files\/2017\/12\/expoMD50ans5-300x200.jpg 300w, https:\/\/blogs.univ-tlse2.fr\/15grandesfigures-scedu\/files\/2017\/12\/expoMD50ans5-768x512.jpg 768w, https:\/\/blogs.univ-tlse2.fr\/15grandesfigures-scedu\/files\/2017\/12\/expoMD50ans5-1024x683.jpg 1024w, https:\/\/blogs.univ-tlse2.fr\/15grandesfigures-scedu\/files\/2017\/12\/expoMD50ans5.jpg 1500w\" sizes=\"auto, (max-width: 300px) 100vw, 300px\" \/><\/p>\n<p><img loading=\"lazy\" decoding=\"async\" class=\"size-medium wp-image-313 aligncenter\" src=\"https:\/\/blogs.univ-tlse2.fr\/15grandesfigures-scedu\/files\/2017\/12\/expoMD50ans1-200x300.jpg\" alt=\"\" width=\"200\" height=\"300\" srcset=\"https:\/\/blogs.univ-tlse2.fr\/15grandesfigures-scedu\/files\/2017\/12\/expoMD50ans1-200x300.jpg 200w, https:\/\/blogs.univ-tlse2.fr\/15grandesfigures-scedu\/files\/2017\/12\/expoMD50ans1-768x1152.jpg 768w, https:\/\/blogs.univ-tlse2.fr\/15grandesfigures-scedu\/files\/2017\/12\/expoMD50ans1-683x1024.jpg 683w, https:\/\/blogs.univ-tlse2.fr\/15grandesfigures-scedu\/files\/2017\/12\/expoMD50ans1.jpg 1000w\" sizes=\"auto, (max-width: 200px) 100vw, 200px\" \/><\/p>\n<p><a href=\"https:\/\/blogs.univ-tlse2.fr\/15grandesfigures-scedu\/my-calendar\/?cid=my-calendar&amp;month=9&amp;yr=2017#mc_4-20-calendar-details\">Calendrier d&rsquo;itin\u00e9rance<\/a><\/p>\n","protected":false},"excerpt":{"rendered":"<p>A l\u2019occasion des 50 ans des Sciences de l\u2019\u00e9ducation, l\u2019Unit\u00e9 Mixte de Recherche EFTS (Education, Formation, Travail, Savoirs) de l\u2019Universit\u00e9 Toulouse &#8211; Jean Jaur\u00e8s a organis\u00e9 le colloque international \u00ab\u00a0M\u00eal\u00e9es et d\u00e9m\u00eal\u00e9s, 50 ans de recherches en Sciences de l\u2019\u00e9ducation\u00a0\u00bb. &hellip; <a href=\"https:\/\/blogs.univ-tlse2.fr\/15grandesfigures-scedu\/2017\/12\/22\/melees-et-demeles-50-ans-de-recherches-en-sciences-de-leducation\/\">Continuer la lecture <span class=\"meta-nav\">&rarr;<\/span><\/a><\/p>\n","protected":false},"author":271,"featured_media":0,"comment_status":"closed","ping_status":"open","sticky":false,"template":"","format":"standard","meta":{"footnotes":""},"categories":[1],"tags":[],"class_list":["post-311","post","type-post","status-publish","format-standard","hentry","category-non-classe"],"_links":{"self":[{"href":"https:\/\/blogs.univ-tlse2.fr\/15grandesfigures-scedu\/wp-json\/wp\/v2\/posts\/311","targetHints":{"allow":["GET"]}}],"collection":[{"href":"https:\/\/blogs.univ-tlse2.fr\/15grandesfigures-scedu\/wp-json\/wp\/v2\/posts"}],"about":[{"href":"https:\/\/blogs.univ-tlse2.fr\/15grandesfigures-scedu\/wp-json\/wp\/v2\/types\/post"}],"author":[{"embeddable":true,"href":"https:\/\/blogs.univ-tlse2.fr\/15grandesfigures-scedu\/wp-json\/wp\/v2\/users\/271"}],"replies":[{"embeddable":true,"href":"https:\/\/blogs.univ-tlse2.fr\/15grandesfigures-scedu\/wp-json\/wp\/v2\/comments?post=311"}],"version-history":[{"count":7,"href":"https:\/\/blogs.univ-tlse2.fr\/15grandesfigures-scedu\/wp-json\/wp\/v2\/posts\/311\/revisions"}],"predecessor-version":[{"id":329,"href":"https:\/\/blogs.univ-tlse2.fr\/15grandesfigures-scedu\/wp-json\/wp\/v2\/posts\/311\/revisions\/329"}],"wp:attachment":[{"href":"https:\/\/blogs.univ-tlse2.fr\/15grandesfigures-scedu\/wp-json\/wp\/v2\/media?parent=311"}],"wp:term":[{"taxonomy":"category","embeddable":true,"href":"https:\/\/blogs.univ-tlse2.fr\/15grandesfigures-scedu\/wp-json\/wp\/v2\/categories?post=311"},{"taxonomy":"post_tag","embeddable":true,"href":"https:\/\/blogs.univ-tlse2.fr\/15grandesfigures-scedu\/wp-json\/wp\/v2\/tags?post=311"}],"curies":[{"name":"wp","href":"https:\/\/api.w.org\/{rel}","templated":true}]}}