 {"id":323,"date":"2017-12-22T13:17:39","date_gmt":"2017-12-22T12:17:39","guid":{"rendered":"https:\/\/blogs.univ-tlse2.fr\/15grandesfigures-scedu\/?p=323"},"modified":"2018-01-08T10:57:15","modified_gmt":"2018-01-08T09:57:15","slug":"enjeux-debats-et-perspectives-50-ans-de-sciences-de-leducation-18-20-oct-2017","status":"publish","type":"post","link":"https:\/\/blogs.univ-tlse2.fr\/15grandesfigures-scedu\/2017\/12\/22\/enjeux-debats-et-perspectives-50-ans-de-sciences-de-leducation-18-20-oct-2017\/","title":{"rendered":"Enjeux, d\u00e9bats et perspectives : 50 ans de sciences de l&rsquo;\u00e9ducation &#8211; 18-20 oct 2017"},"content":{"rendered":"<p><img loading=\"lazy\" decoding=\"async\" class=\"alignleft wp-image-335\" src=\"https:\/\/blogs.univ-tlse2.fr\/15grandesfigures-scedu\/files\/2017\/12\/DMbn5ReW0AEHHD2-212x300.jpg\" alt=\"\" width=\"68\" height=\"96\" srcset=\"https:\/\/blogs.univ-tlse2.fr\/15grandesfigures-scedu\/files\/2017\/12\/DMbn5ReW0AEHHD2-212x300.jpg 212w, https:\/\/blogs.univ-tlse2.fr\/15grandesfigures-scedu\/files\/2017\/12\/DMbn5ReW0AEHHD2-768x1086.jpg 768w, https:\/\/blogs.univ-tlse2.fr\/15grandesfigures-scedu\/files\/2017\/12\/DMbn5ReW0AEHHD2-724x1024.jpg 724w, https:\/\/blogs.univ-tlse2.fr\/15grandesfigures-scedu\/files\/2017\/12\/DMbn5ReW0AEHHD2.jpg 842w\" sizes=\"auto, (max-width: 68px) 100vw, 68px\" \/>Le Centre interdisciplinaire de recherche normand en \u00e9ducation et formation (<a href=\"https:\/\/www.google.fr\/url?sa=t&amp;rct=j&amp;q=&amp;esrc=s&amp;source=web&amp;cd=1&amp;cad=rja&amp;uact=8&amp;ved=0ahUKEwiL7v3KzJ3YAhWBzxQKHVlLDkMQFggnMAA&amp;url=http%3A%2F%2Fcirnef.normandie-univ.fr%2F&amp;usg=AOvVaw3qImQpf2ZbGsldqotC52sO\">Cirnef<\/a>) et l\u2019Association des enseignants et chercheurs en sciences de l&rsquo;\u00e9ducation (<a href=\"https:\/\/www.google.fr\/url?sa=t&amp;rct=j&amp;q=&amp;esrc=s&amp;source=web&amp;cd=1&amp;cad=rja&amp;uact=8&amp;ved=0ahUKEwjXwe7SzJ3YAhVJPRQKHeYbAn4QFggnMAA&amp;url=http%3A%2F%2Fwww.aecse.net%2F&amp;usg=AOvVaw3PsJdUK9MhU2PgR39qoWSK\">AECSE<\/a>) ont organis\u00e9 les 18-20 octobre 2017 \u00e0 Caen un colloque pour les 50 ans des sciences de l&rsquo;\u00e9ducation. <a href=\"https:\/\/50ans-sc-educ.sciencesconf.org\/\">Pour en savoir plus.<\/a><\/p>\n<p><strong>Retour en image sur l\u2019exposition lors du colloque :<\/strong><\/p>\n<p><img loading=\"lazy\" decoding=\"async\" class=\"size-medium wp-image-358 aligncenter\" src=\"https:\/\/blogs.univ-tlse2.fr\/15grandesfigures-scedu\/files\/2017\/12\/expocaen1-300x200.jpg\" alt=\"\" width=\"300\" height=\"200\" srcset=\"https:\/\/blogs.univ-tlse2.fr\/15grandesfigures-scedu\/files\/2017\/12\/expocaen1-300x200.jpg 300w, https:\/\/blogs.univ-tlse2.fr\/15grandesfigures-scedu\/files\/2017\/12\/expocaen1-768x512.jpg 768w, https:\/\/blogs.univ-tlse2.fr\/15grandesfigures-scedu\/files\/2017\/12\/expocaen1-1024x683.jpg 1024w, https:\/\/blogs.univ-tlse2.fr\/15grandesfigures-scedu\/files\/2017\/12\/expocaen1.jpg 1500w\" sizes=\"auto, (max-width: 300px) 100vw, 300px\" \/><\/p>\n<p><img loading=\"lazy\" decoding=\"async\" class=\"size-medium wp-image-359 aligncenter\" src=\"https:\/\/blogs.univ-tlse2.fr\/15grandesfigures-scedu\/files\/2017\/12\/expocaen2-300x200.jpg\" alt=\"\" width=\"300\" height=\"200\" srcset=\"https:\/\/blogs.univ-tlse2.fr\/15grandesfigures-scedu\/files\/2017\/12\/expocaen2-300x200.jpg 300w, https:\/\/blogs.univ-tlse2.fr\/15grandesfigures-scedu\/files\/2017\/12\/expocaen2-768x512.jpg 768w, https:\/\/blogs.univ-tlse2.fr\/15grandesfigures-scedu\/files\/2017\/12\/expocaen2-1024x683.jpg 1024w, https:\/\/blogs.univ-tlse2.fr\/15grandesfigures-scedu\/files\/2017\/12\/expocaen2.jpg 1500w\" sizes=\"auto, (max-width: 300px) 100vw, 300px\" \/><\/p>\n<p><img loading=\"lazy\" decoding=\"async\" class=\" wp-image-330 aligncenter\" src=\"https:\/\/blogs.univ-tlse2.fr\/15grandesfigures-scedu\/files\/2017\/12\/expocaen3-200x300.jpg\" alt=\"\" width=\"164\" height=\"246\" srcset=\"https:\/\/blogs.univ-tlse2.fr\/15grandesfigures-scedu\/files\/2017\/12\/expocaen3-200x300.jpg 200w, https:\/\/blogs.univ-tlse2.fr\/15grandesfigures-scedu\/files\/2017\/12\/expocaen3-768x1152.jpg 768w, https:\/\/blogs.univ-tlse2.fr\/15grandesfigures-scedu\/files\/2017\/12\/expocaen3-683x1024.jpg 683w, https:\/\/blogs.univ-tlse2.fr\/15grandesfigures-scedu\/files\/2017\/12\/expocaen3.jpg 1000w\" sizes=\"auto, (max-width: 164px) 100vw, 164px\" \/><\/p>\n<p>&nbsp;<\/p>\n<p>&nbsp;<\/p>\n","protected":false},"excerpt":{"rendered":"<p>Le Centre interdisciplinaire de recherche normand en \u00e9ducation et formation (Cirnef) et l\u2019Association des enseignants et chercheurs en sciences de l&rsquo;\u00e9ducation (AECSE) ont organis\u00e9 les 18-20 octobre 2017 \u00e0 Caen un colloque pour les 50 ans des sciences de l&rsquo;\u00e9ducation. &hellip; <a href=\"https:\/\/blogs.univ-tlse2.fr\/15grandesfigures-scedu\/2017\/12\/22\/enjeux-debats-et-perspectives-50-ans-de-sciences-de-leducation-18-20-oct-2017\/\">Continuer la lecture <span class=\"meta-nav\">&rarr;<\/span><\/a><\/p>\n","protected":false},"author":271,"featured_media":0,"comment_status":"closed","ping_status":"closed","sticky":false,"template":"","format":"standard","meta":{"footnotes":""},"categories":[1],"tags":[],"class_list":["post-323","post","type-post","status-publish","format-standard","hentry","category-non-classe"],"_links":{"self":[{"href":"https:\/\/blogs.univ-tlse2.fr\/15grandesfigures-scedu\/wp-json\/wp\/v2\/posts\/323","targetHints":{"allow":["GET"]}}],"collection":[{"href":"https:\/\/blogs.univ-tlse2.fr\/15grandesfigures-scedu\/wp-json\/wp\/v2\/posts"}],"about":[{"href":"https:\/\/blogs.univ-tlse2.fr\/15grandesfigures-scedu\/wp-json\/wp\/v2\/types\/post"}],"author":[{"embeddable":true,"href":"https:\/\/blogs.univ-tlse2.fr\/15grandesfigures-scedu\/wp-json\/wp\/v2\/users\/271"}],"replies":[{"embeddable":true,"href":"https:\/\/blogs.univ-tlse2.fr\/15grandesfigures-scedu\/wp-json\/wp\/v2\/comments?post=323"}],"version-history":[{"count":12,"href":"https:\/\/blogs.univ-tlse2.fr\/15grandesfigures-scedu\/wp-json\/wp\/v2\/posts\/323\/revisions"}],"predecessor-version":[{"id":364,"href":"https:\/\/blogs.univ-tlse2.fr\/15grandesfigures-scedu\/wp-json\/wp\/v2\/posts\/323\/revisions\/364"}],"wp:attachment":[{"href":"https:\/\/blogs.univ-tlse2.fr\/15grandesfigures-scedu\/wp-json\/wp\/v2\/media?parent=323"}],"wp:term":[{"taxonomy":"category","embeddable":true,"href":"https:\/\/blogs.univ-tlse2.fr\/15grandesfigures-scedu\/wp-json\/wp\/v2\/categories?post=323"},{"taxonomy":"post_tag","embeddable":true,"href":"https:\/\/blogs.univ-tlse2.fr\/15grandesfigures-scedu\/wp-json\/wp\/v2\/tags?post=323"}],"curies":[{"name":"wp","href":"https:\/\/api.w.org\/{rel}","templated":true}]}}