 {"id":349,"date":"2017-12-22T14:56:20","date_gmt":"2017-12-22T13:56:20","guid":{"rendered":"https:\/\/blogs.univ-tlse2.fr\/15grandesfigures-scedu\/?p=349"},"modified":"2018-04-09T00:46:00","modified_gmt":"2018-04-08T22:46:00","slug":"departement-des-sciences-de-leducation-et-de-la-formation-ut2j-17-mai-2018","status":"publish","type":"post","link":"https:\/\/blogs.univ-tlse2.fr\/15grandesfigures-scedu\/2017\/12\/22\/departement-des-sciences-de-leducation-et-de-la-formation-ut2j-17-mai-2018\/","title":{"rendered":"D\u00e9partement des sciences de l&rsquo;\u00e9ducation et de la formation &#8211; UT2J &#8211; 17 mai 2018"},"content":{"rendered":"<p><img loading=\"lazy\" decoding=\"async\" class=\"alignleft wp-image-350 size-full\" src=\"https:\/\/blogs.univ-tlse2.fr\/15grandesfigures-scedu\/files\/2017\/12\/dpt.jpg\" alt=\"\" width=\"175\" height=\"75\" \/>F\u00eate du <a href=\"http:\/\/sciences-education.univ-tlse2.fr\/\">d\u00e9partement des sciences de l&rsquo;\u00e9ducation et de la formation<\/a> de l&rsquo;UT2J<\/p>\n","protected":false},"excerpt":{"rendered":"<p>F\u00eate du d\u00e9partement des sciences de l&rsquo;\u00e9ducation et de la formation de l&rsquo;UT2J<\/p>\n","protected":false},"author":271,"featured_media":0,"comment_status":"closed","ping_status":"closed","sticky":false,"template":"","format":"standard","meta":{"footnotes":""},"categories":[1],"tags":[],"class_list":["post-349","post","type-post","status-publish","format-standard","hentry","category-non-classe"],"_links":{"self":[{"href":"https:\/\/blogs.univ-tlse2.fr\/15grandesfigures-scedu\/wp-json\/wp\/v2\/posts\/349","targetHints":{"allow":["GET"]}}],"collection":[{"href":"https:\/\/blogs.univ-tlse2.fr\/15grandesfigures-scedu\/wp-json\/wp\/v2\/posts"}],"about":[{"href":"https:\/\/blogs.univ-tlse2.fr\/15grandesfigures-scedu\/wp-json\/wp\/v2\/types\/post"}],"author":[{"embeddable":true,"href":"https:\/\/blogs.univ-tlse2.fr\/15grandesfigures-scedu\/wp-json\/wp\/v2\/users\/271"}],"replies":[{"embeddable":true,"href":"https:\/\/blogs.univ-tlse2.fr\/15grandesfigures-scedu\/wp-json\/wp\/v2\/comments?post=349"}],"version-history":[{"count":3,"href":"https:\/\/blogs.univ-tlse2.fr\/15grandesfigures-scedu\/wp-json\/wp\/v2\/posts\/349\/revisions"}],"predecessor-version":[{"id":459,"href":"https:\/\/blogs.univ-tlse2.fr\/15grandesfigures-scedu\/wp-json\/wp\/v2\/posts\/349\/revisions\/459"}],"wp:attachment":[{"href":"https:\/\/blogs.univ-tlse2.fr\/15grandesfigures-scedu\/wp-json\/wp\/v2\/media?parent=349"}],"wp:term":[{"taxonomy":"category","embeddable":true,"href":"https:\/\/blogs.univ-tlse2.fr\/15grandesfigures-scedu\/wp-json\/wp\/v2\/categories?post=349"},{"taxonomy":"post_tag","embeddable":true,"href":"https:\/\/blogs.univ-tlse2.fr\/15grandesfigures-scedu\/wp-json\/wp\/v2\/tags?post=349"}],"curies":[{"name":"wp","href":"https:\/\/api.w.org\/{rel}","templated":true}]}}