 {"id":2583,"global_id":"blogs.univ-tlse2.fr\/aparea?id=2583","global_id_lineage":["blogs.univ-tlse2.fr\/aparea?id=2583"],"author":"320","status":"publish","date":"2026-03-01 09:07:51","date_utc":"2026-03-01 08:07:51","modified":"2026-03-01 09:09:47","modified_utc":"2026-03-01 08:09:47","url":"https:\/\/blogs.univ-tlse2.fr\/aparea\/event\/sortie-a-la-cite-de-carcassonne\/","rest_url":"https:\/\/blogs.univ-tlse2.fr\/aparea\/wp-json\/tribe\/events\/v1\/events\/2583","title":"Sortie \u00e0 la Cit\u00e9 de Carcassonne","description":"<div>\n<p><img loading=\"lazy\" decoding=\"async\" class=\"alignnone size-medium wp-image-2585\" src=\"https:\/\/blogs.univ-tlse2.fr\/aparea\/files\/2026\/03\/sortie-a-Carcassonne-212x300.png\" alt=\"\" width=\"212\" height=\"300\" srcset=\"https:\/\/blogs.univ-tlse2.fr\/aparea\/files\/2026\/03\/sortie-a-Carcassonne-212x300.png 212w, https:\/\/blogs.univ-tlse2.fr\/aparea\/files\/2026\/03\/sortie-a-Carcassonne-724x1024.png 724w, https:\/\/blogs.univ-tlse2.fr\/aparea\/files\/2026\/03\/sortie-a-Carcassonne-768x1086.png 768w, https:\/\/blogs.univ-tlse2.fr\/aparea\/files\/2026\/03\/sortie-a-Carcassonne-1086x1536.png 1086w, https:\/\/blogs.univ-tlse2.fr\/aparea\/files\/2026\/03\/sortie-a-Carcassonne-1448x2048.png 1448w, https:\/\/blogs.univ-tlse2.fr\/aparea\/files\/2026\/03\/sortie-a-Carcassonne.png 1587w\" sizes=\"auto, (max-width: 212px) 100vw, 212px\" \/><\/p>\n<p>L\u2019APAREA est heureuse de vous proposer une\u00a0<b>sortie gratuite \u00e0 la cit\u00e9 de Carcassonne<\/b>\u00a0le samedi\u00a0<b>14 mars 2026<\/b>. Le transport, les visites ainsi que le pique-nique du midi sont enti\u00e8rement pris en charge par l\u2019association. Plusieurs choix de sandwichs vous sont propos\u00e9s.<\/p>\n<p><strong><u>Programme de la journ\u00e9e :<\/u><\/strong><\/p>\n<p><strong>8h00 \u2014 D\u00e9part en bus depuis l\u2019Universit\u00e9 Jean-Jaur\u00e8s<\/strong><br \/>\nRendez-vous \u00e0 l&rsquo;arr\u00eat de bus derri\u00e8re le m\u00e9tro Mirail-Universit\u00e9.<\/p>\n<p><strong>\u00c0 partir de 10h00 \u2014 Visites<\/strong><br \/>\nLes participants seront r\u00e9partis en deux groupes de 25 :<\/p>\n<ul>\n<li>un groupe visitera le ch\u00e2teau comtal avec audioguide (fran\u00e7ais ou autre langue si besoin),<\/li>\n<li>l\u2019autre d\u00e9couvrira la cit\u00e9 en autonomie.<\/li>\n<\/ul>\n<p><strong>12h00 \u2013 13h00 \u2014 Pause d\u00e9jeuner<\/strong><\/p>\n<p><strong>13h00 \u2013 15h30 \u2014 Inversion des groupes<\/strong><br \/>\nLe second groupe visitera le ch\u00e2teau comtal avec audioguide pendant que le premier explorera la cit\u00e9 en autonomie.<\/p>\n<p><strong>16h00 \u2014 D\u00e9part de Carcassonne<\/strong><br \/>\nRetour \u00e0 Toulouse vers 17h00.<\/p>\n<\/div>\n<div>\n<div><span style=\"color: #1f1f1f;font-family: arial, sans-serif\"><b>Vous pouvez vous inscrire via ce lien :<\/b>\u00a0<\/span><a href=\"https:\/\/docs.google.com\/forms\/d\/e\/1FAIpQLSeqSxXLomd2oxFUvvD8RWWOauXjG-c2PenmzfB_2MV-9Qx0tA\/viewform?usp=header\" target=\"_blank\" rel=\"noopener\" data-saferedirecturl=\"https:\/\/www.google.com\/url?q=https:\/\/docs.google.com\/forms\/d\/e\/1FAIpQLSeqSxXLomd2oxFUvvD8RWWOauXjG-c2PenmzfB_2MV-9Qx0tA\/viewform?usp%3Dheader&amp;source=gmail&amp;ust=1772438846717000&amp;usg=AOvVaw0_Oa_22JcANK99nar8sPVV\">https:\/\/docs.google.com\/<wbr \/>forms\/d\/e\/<wbr \/>1FAIpQLSeqSxXLomd2oxFUvvD8RWWO<wbr \/>auXjG-c2PenmzfB_2MV-9Qx0tA\/<wbr \/>viewform?usp=header<\/a><\/div>\n<\/div>\n<div><\/div>","excerpt":"","slug":"sortie-a-la-cite-de-carcassonne","image":false,"all_day":false,"start_date":"2026-03-14 08:00:00","start_date_details":{"year":"2026","month":"03","day":"14","hour":"08","minutes":"00","seconds":"00"},"end_date":"2026-03-14 17:00:00","end_date_details":{"year":"2026","month":"03","day":"14","hour":"17","minutes":"00","seconds":"00"},"utc_start_date":"2026-03-14 07:00:00","utc_start_date_details":{"year":"2026","month":"03","day":"14","hour":"07","minutes":"00","seconds":"00"},"utc_end_date":"2026-03-14 16:00:00","utc_end_date_details":{"year":"2026","month":"03","day":"14","hour":"16","minutes":"00","seconds":"00"},"timezone":"Europe\/Paris","timezone_abbr":"CET","cost":"","cost_details":{"currency_symbol":"","currency_code":"","currency_position":"","values":[]},"website":"","show_map":true,"show_map_link":true,"hide_from_listings":false,"sticky":false,"featured":false,"categories":[],"tags":[],"venue":[],"organizer":[],"custom_fields":[],"json_ld":{"@context":"http:\/\/schema.org","@type":"Event","name":"Sortie \u00e0 la Cit\u00e9 de Carcassonne","description":"&lt;p&gt;L\u2019APAREA est heureuse de vous proposer une\u00a0sortie gratuite \u00e0 la cit\u00e9 de Carcassonne\u00a0le samedi\u00a014 mars 2026. Le transport, les visites ainsi que le pique-nique du midi sont enti\u00e8rement pris en [&hellip;]&lt;\/p&gt;\\n","url":"https:\/\/blogs.univ-tlse2.fr\/aparea\/event\/sortie-a-la-cite-de-carcassonne\/","eventAttendanceMode":"https:\/\/schema.org\/OfflineEventAttendanceMode","eventStatus":"https:\/\/schema.org\/EventScheduled","startDate":"2026-03-14T08:00:00+01:00","endDate":"2026-03-14T17:00:00+01:00","performer":"Organization"},"ticketed":false}