 {"id":1889,"date":"2021-12-19T13:57:52","date_gmt":"2021-12-19T12:57:52","guid":{"rendered":"https:\/\/blogs.univ-tlse2.fr\/aparea\/?p=1889"},"modified":"2023-10-05T16:29:50","modified_gmt":"2023-10-05T14:29:50","slug":"lexposition-archeo-sexisme-est-de-retour","status":"publish","type":"post","link":"https:\/\/blogs.univ-tlse2.fr\/aparea\/2021\/12\/19\/lexposition-archeo-sexisme-est-de-retour\/","title":{"rendered":"L&rsquo;exposition Arch\u00e9o-Sexisme est de retour !"},"content":{"rendered":"\n<figure class=\"wp-block-image size-full is-resized\"><img loading=\"lazy\" decoding=\"async\" src=\"https:\/\/blogs.univ-tlse2.fr\/aparea\/files\/2021\/12\/Visuel-blog.png\" alt=\"\" class=\"wp-image-1890\" width=\"625\" height=\"362\" srcset=\"https:\/\/blogs.univ-tlse2.fr\/aparea\/files\/2021\/12\/Visuel-blog.png 2499w, https:\/\/blogs.univ-tlse2.fr\/aparea\/files\/2021\/12\/Visuel-blog-300x174.png 300w, https:\/\/blogs.univ-tlse2.fr\/aparea\/files\/2021\/12\/Visuel-blog-1024x594.png 1024w, https:\/\/blogs.univ-tlse2.fr\/aparea\/files\/2021\/12\/Visuel-blog-768x445.png 768w, https:\/\/blogs.univ-tlse2.fr\/aparea\/files\/2021\/12\/Visuel-blog-1536x891.png 1536w, https:\/\/blogs.univ-tlse2.fr\/aparea\/files\/2021\/12\/Visuel-blog-2048x1187.png 2048w\" sizes=\"auto, (max-width: 625px) 100vw, 625px\" \/><\/figure>\n\n\n\n<!--more-->\n\n\n\n<p>En octobre 2020, l\u2019<strong>APAREA<\/strong> avait accueilli <strong>l\u2019exposition Arch\u00e9o-Sexisme<\/strong>, cr\u00e9e par l\u2019association <strong>Arch\u00e9o-Ethique<\/strong> et le collectif <strong>Paye ta Truelle<\/strong>, dans le hall de la Maison de la Recherche sur le Campus de L\u2019Universit\u00e9 Toulouse 2 Jean Jaur\u00e8s. Mais en raison des conditions sanitaires, nous avons \u00e9t\u00e9 contraint\u00b7es de la d\u00e9crocher au bout d\u2019une semaine.<\/p>\n\n\n\n<h2 class=\"wp-block-heading\">La voil\u00e0 donc de retour !<\/h2>\n\n\n\n<p>Notre partenariat avec les commissaires d\u2019exposition B\u00e9line Pasquini, S\u00e9gol\u00e8ne Vandevelde et Laura Mary se poursuit&nbsp;! L\u2019<strong>APAREA<\/strong> accueillera l\u2019exposition Arch\u00e9o-Sexisme <strong>du 04 janvier au 28 f\u00e9vrier 2022<\/strong>, cette fois dans le <strong>Hall du b\u00e2timent Olympe de Gouges<\/strong> \u2013 5 all\u00e9es Antonio Machado, 31100, Toulouse \u2013 Campus UT2J.&nbsp;<\/p>\n\n\n\n<figure class=\"wp-block-image size-large is-resized\"><img loading=\"lazy\" decoding=\"async\" src=\"https:\/\/blogs.univ-tlse2.fr\/aparea\/files\/2021\/12\/Plan-acces-ODG-1024x733.png\" alt=\"\" class=\"wp-image-1891\" width=\"512\" height=\"367\" srcset=\"https:\/\/blogs.univ-tlse2.fr\/aparea\/files\/2021\/12\/Plan-acces-ODG-1024x733.png 1024w, https:\/\/blogs.univ-tlse2.fr\/aparea\/files\/2021\/12\/Plan-acces-ODG-300x215.png 300w, https:\/\/blogs.univ-tlse2.fr\/aparea\/files\/2021\/12\/Plan-acces-ODG-768x550.png 768w, https:\/\/blogs.univ-tlse2.fr\/aparea\/files\/2021\/12\/Plan-acces-ODG-1536x1100.png 1536w, https:\/\/blogs.univ-tlse2.fr\/aparea\/files\/2021\/12\/Plan-acces-ODG-2048x1467.png 2048w\" sizes=\"auto, (max-width: 512px) 100vw, 512px\" \/><\/figure>\n\n\n\n<h2 class=\"wp-block-heading\">L\u2019exposition Arch\u00e9o-Sexisme qu\u2019est-ce que c\u2019est&nbsp;?<\/h2>\n\n\n\n<p>L\u2019exposition Arch\u00e9o-Sexisme est une exposition itin\u00e9rante de t\u00e9moignages sur le sexisme en arch\u00e9ologie, principalement sur les terrains de fouilles. Elle vise \u00e0 encourager la mixit\u00e9 et l\u2019\u00e9galit\u00e9 \u00e0 travers une meilleure \u00e9thique dans le monde de la recherche. Les t\u00e9moignages, recueillis par le collectif <em><strong>Paye ta Truelle<\/strong><\/em>et l\u2019association <em><strong>Arch\u00e9o-\u00c9thique<\/strong>, <\/em>ont \u00e9t\u00e9 illustr\u00e9s par des artistes. Une premi\u00e8re inauguration a eu lieu le 8 mars 2019, journ\u00e9e internationale des droits des femmes, \u00e0 la Maison de l\u2019Arch\u00e9ologie et de l\u2019Ethnologie sur le campus de Nanterre et, depuis, l\u2019exposition a \u00e9t\u00e9 accueillie partout en francophonie et a su s\u2019exporter \u00e0 l\u2019\u00e9tranger, o\u00f9 elle a \u00e9t\u00e9 adapt\u00e9e en anglais.<\/p>\n\n\n\n<h2 class=\"has-text-align-center wp-block-heading\">Pr\u00e9sentation de l\u2019exposition par ses cr\u00e9atrices et commissaires<\/h2>\n\n\n\n<p class=\"has-text-align-left\">\u00ab&nbsp;L\u2019exposition Arch\u00e9o-Sexisme est une exposition itin\u00e9rante de t\u00e9moignages sur le sexisme en arch\u00e9ologie, principalement sur les terrains de fouilles. Elle vise \u00e0 encourager la mixit\u00e9 et l\u2019\u00e9galit\u00e9 \u00e0 travers une meilleure \u00e9thique dans le monde de la recherche. Les t\u00e9moignages, recueillis par <em>Paye ta Truelle <\/em>et l\u2019association <em>Arch\u00e9o-\u00c9thique, <\/em>ont \u00e9t\u00e9 illustr\u00e9s par des artistes et seront expos\u00e9s dans plusieurs institutions. Une premi\u00e8re inauguration a eu lieu le 8 mars 2019, journ\u00e9e internationale des droits des femmes, \u00e0 la Maison de l\u2019Arch\u00e9ologie et de l\u2019Ethnologie sur le campus de Nanterre. L\u2019expo circulera ensuite \u00e0 l\u2019Inrap (juin 2019), l\u2019Universit\u00e9 Paris 1 \u2013 Panth\u00e9on-Sorbonne (automne 2019), le Centre de Recherches Interdisciplinaires (hiver 2019-2020, \u00e0 confirmer) et le si\u00e8ge du CNRS, entre autres.<\/p>\n\n\n\n<p><strong>Gen\u00e8se du projet<\/strong><\/p>\n\n\n\n<p>L\u2019arch\u00e9ologie est un milieu professionnel particulier, alliant pratique de terrain, travail de laboratoire, milieu universitaire, monde de l\u2019entreprise, service public et secteur priv\u00e9. Pour les femmes arch\u00e9ologues, ces conditions de travail particuli\u00e8res sont souvent \u00e0 l\u2019origine de contraintes li\u00e9es \u00e0 leur genre. Le sexisme en arch\u00e9ologie se manifeste sous la forme de remarques, de gestes et de comportements inappropri\u00e9s, ainsi que par des difficult\u00e9s accrues d\u2019acc\u00e8s \u00e0 l\u2019emploi.<\/p>\n\n\n\n<p>On constate notamment l\u2019existence de harc\u00e8lement moral et sexuel, de violences, d\u2019agressions sexuelles de la part de sup\u00e9rieurs hi\u00e9rarchiques ou de coll\u00e8gues : fouilleurs, directeurs de chantier ou de recherche, responsables d\u2019op\u00e9ration ou de secteur, professeurs d\u2019universit\u00e9, ou m\u00eame pr\u00e9sidents du jury de th\u00e8se (Bohannon, 2013 ; Meyers et al., 2015 ; Wright, 2008). Les conditions de travail sur certaines fouilles (vie en autarcie, fouille dans des espaces restreints, parfois \u00e0 plusieurs ou dans des positions acrobatiques, etc.) rendent ce type d\u2019agissements d\u2019autant plus propices. Les t\u00e9moignages re\u00e7us par le projet <em>Paye ta truelle <\/em>(milieu francophone) mettent en lumi\u00e8re toute l\u2019ampleur du probl\u00e8me. Les t\u00e9moignages qui seront illustr\u00e9s dans l\u2019exposition Arch\u00e9o-Sexisme sont issus du projet <em>Paye ta Truelle<\/em>.<\/p>\n\n\n\n<p>Ces actes demeurent encore trop souvent minor\u00e9s, marginalis\u00e9s ou tout simplement ni\u00e9s. Cette exposition est l\u2019occasion pour nous de sensibiliser un public issu du monde du patrimoine et de l\u2019arch\u00e9ologie (\u00e9tudiants et professionnels), directement concern\u00e9 par le sujet, dans l\u2019espoir de faire \u00e9voluer la situation.<\/p>\n\n\n\n<p><strong>Contexte<\/strong><\/p>\n\n\n\n<p>L\u2019association Arch\u00e9o-\u00c9thique a \u00e9t\u00e9 cr\u00e9\u00e9e le 13 mai 2017 afin de soutenir et de valoriser la recherche sur l\u2019\u00e9thique en arch\u00e9ologie. Elle compte \u00e0 ce jour vingt adh\u00e9rents et trois membres actifs \u00e0 l\u2019origine de l\u2019organisation d\u2019\u00e9v\u00e9nements :<\/p>\n\n\n\n<ul class=\"wp-block-list\"><li><strong>Laura Mary <\/strong>est restauratrice de mat\u00e9riel arch\u00e9ologique pour l\u2019a.s.b.l. Recherches et Prospections arch\u00e9ologiques (Belgique). Elle est aussi r\u00e9dactrice et correctrice b\u00e9n\u00e9vole pour la revue f\u00e9ministe en ligne <em>Simonae<\/em>. En janvier 2017, elle lance le projet <em>Paye ta Truelle <\/em>afin de rassembler des t\u00e9moignages d\u2019\u00e9tudiantes victimes de sexisme en arch\u00e9ologie.<\/li><\/ul>\n\n\n\n<ul class=\"wp-block-list\"><li><strong>B\u00e9line Pasquini <\/strong>est doctorante \u00e0 l\u2019Universit\u00e9 Paris 1 \u2013 Panth\u00e9on Sorbonne, rattach\u00e9e \u00e0 l\u2019UMR 7041 ArScAn. Elle est membre fondateur et co-pr\u00e9sidente de l\u2019Association Arch\u00e9o-\u00c9thique. B\u00e9line a \u00e9t\u00e9 sensibilis\u00e9e aux probl\u00e9matiques \u00e9thiques en arch\u00e9ologie au cours de plusieurs s\u00e9jours d\u2019\u00e9tude dans des universit\u00e9s am\u00e9ricaines (Brown, Columbia, Stanford). Elle a notamment suivi les cours d\u2019\u00e9thique en arch\u00e9ologie du professeur John Cherry \u00e0 Brown University.<\/li><\/ul>\n\n\n\n<ul class=\"wp-block-list\"><li><strong>S\u00e9gol\u00e8ne Vandevelde <\/strong>est doctorante \u00e0 l\u2019Universit\u00e9 Paris 1 \u2013 Panth\u00e9on Sorbonne, rattach\u00e9e \u00e0 l\u2019UMR 7041 ArScAn. Elle est membre fondateur et co-pr\u00e9sidente de l\u2019Association Arch\u00e9o-\u00c9thique. S\u00e9gol\u00e8ne a \u00e9t\u00e9 initi\u00e9e \u00e0 la r\u00e9flexion \u00e9thique lors de son <em>Bachelor <\/em>\u00e0 l\u2019Universit\u00e9 de Montr\u00e9al (Canada). Elle a notamment \u00e9t\u00e9 organisatrice du Concours \u00c9thique en Arch\u00e9ologie \/ <em>Ethics in Archaeology Contest <\/em>\u00e0 Montr\u00e9al en 2012.<\/li><\/ul>\n\n\n\n<p>En tant que doctorantes \u00e0 l\u2019Universit\u00e9 Paris 1 &#8211; Panth\u00e9on-Sorbonne, B\u00e9line Pasquini et S\u00e9gol\u00e8ne Vandevelde ont organis\u00e9 un colloque international sur l\u2019\u00e9thique en arch\u00e9ologie, qui s\u2019est tenu \u00e0 de l\u2019Institut National d\u2019Histoire de l\u2019Art les 25 et 26 mai 2018. Pour des raisons de contraintes de temps, la question du sexisme en arch\u00e9ologie n\u2019y a pas \u00e9t\u00e9 abord\u00e9e. Pourtant, les nombreux t\u00e9moignages d\u2019\u00e9tudiants et de professionnels de l\u2019arch\u00e9ologie recueillis via le projet <em>Paye ta Truelle <\/em>fond\u00e9 par Laura Mary nous montrent que le probl\u00e8me du sexisme en arch\u00e9ologie est r\u00e9el et qu\u2019il pr\u00e9sente des sp\u00e9cificit\u00e9s propres \u00e0 cette discipline. D\u00e8s lors, il nous a sembl\u00e9 important d\u2019organiser une manifestation d\u00e9di\u00e9e \u00e0 cette probl\u00e9matique. C\u2019est de cette volont\u00e9 qu\u2019est n\u00e9 le projet d\u2019exposition itin\u00e9rante Arch\u00e9o-Sexisme.<\/p>\n\n\n\n<p><strong>Une d\u00e9marche artistique engag\u00e9e<\/strong><\/p>\n\n\n\n<p>L\u2019illustration de t\u00e9moignages sur le sexisme en arch\u00e9ologie est un moyen de transmettre un message de mani\u00e8re forte tout en mettant \u00e0 l\u2019honneur le travail de jeunes artistes professionnels. L\u2019illustration est accompagn\u00e9e du t\u00e9moignage (texte), plac\u00e9 en dessous de l\u2019image. La plus grande libert\u00e9 stylistique est accept\u00e9e.&nbsp;\u00bb<\/p>\n\n\n\n<figure class=\"wp-block-image size-large is-resized is-style-default\"><img loading=\"lazy\" decoding=\"async\" src=\"https:\/\/blogs.univ-tlse2.fr\/aparea\/files\/2021\/12\/Affiche_Expo_2022_finale-745x1024.png\" alt=\"\" class=\"wp-image-1892\" width=\"559\" height=\"768\" srcset=\"https:\/\/blogs.univ-tlse2.fr\/aparea\/files\/2021\/12\/Affiche_Expo_2022_finale-745x1024.png 745w, https:\/\/blogs.univ-tlse2.fr\/aparea\/files\/2021\/12\/Affiche_Expo_2022_finale-218x300.png 218w, https:\/\/blogs.univ-tlse2.fr\/aparea\/files\/2021\/12\/Affiche_Expo_2022_finale-768x1056.png 768w, https:\/\/blogs.univ-tlse2.fr\/aparea\/files\/2021\/12\/Affiche_Expo_2022_finale-1117x1536.png 1117w, https:\/\/blogs.univ-tlse2.fr\/aparea\/files\/2021\/12\/Affiche_Expo_2022_finale-1489x2048.png 1489w\" sizes=\"auto, (max-width: 559px) 100vw, 559px\" \/><\/figure>\n\n\n\n<div class=\"wp-block-file\"><a href=\"https:\/\/blogs.univ-tlse2.fr\/aparea\/files\/2021\/12\/Affiche_Expo_2022-2.pdf\" class=\"wp-block-file__button\" download>T\u00e9l\u00e9charger Affiche PDF<\/a><\/div>\n\n\n\n<p><\/p>\n","protected":false},"excerpt":{"rendered":"","protected":false},"author":320,"featured_media":1892,"comment_status":"closed","ping_status":"closed","sticky":false,"template":"","format":"standard","meta":{"_acf_changed":false,"_price":"","_stock":"","_tribe_ticket_header":"","_tribe_default_ticket_provider":"","_tribe_ticket_capacity":"0","_ticket_start_date":"","_ticket_end_date":"","_tribe_ticket_show_description":"","_tribe_ticket_show_not_going":false,"_tribe_ticket_use_global_stock":"","_tribe_ticket_global_stock_level":"","_global_stock_mode":"","_global_stock_cap":"","_tribe_rsvp_for_event":"","_tribe_ticket_going_count":"","_tribe_ticket_not_going_count":"","_tribe_tickets_list":"[]","_tribe_ticket_has_attendee_info_fields":false,"ocean_post_layout":"","ocean_both_sidebars_style":"","ocean_both_sidebars_content_width":0,"ocean_both_sidebars_sidebars_width":0,"ocean_sidebar":"","ocean_second_sidebar":"","ocean_disable_margins":"enable","ocean_add_body_class":"","ocean_shortcode_before_top_bar":"","ocean_shortcode_after_top_bar":"","ocean_shortcode_before_header":"","ocean_shortcode_after_header":"","ocean_has_shortcode":"","ocean_shortcode_after_title":"","ocean_shortcode_before_footer_widgets":"","ocean_shortcode_after_footer_widgets":"","ocean_shortcode_before_footer_bottom":"","ocean_shortcode_after_footer_bottom":"","ocean_display_top_bar":"default","ocean_display_header":"default","ocean_header_style":"","ocean_center_header_left_menu":"","ocean_custom_header_template":"","ocean_custom_logo":0,"ocean_custom_retina_logo":0,"ocean_custom_logo_max_width":0,"ocean_custom_logo_tablet_max_width":0,"ocean_custom_logo_mobile_max_width":0,"ocean_custom_logo_max_height":0,"ocean_custom_logo_tablet_max_height":0,"ocean_custom_logo_mobile_max_height":0,"ocean_header_custom_menu":"","ocean_menu_typo_font_family":"","ocean_menu_typo_font_subset":"","ocean_menu_typo_font_size":0,"ocean_menu_typo_font_size_tablet":0,"ocean_menu_typo_font_size_mobile":0,"ocean_menu_typo_font_size_unit":"px","ocean_menu_typo_font_weight":"","ocean_menu_typo_font_weight_tablet":"","ocean_menu_typo_font_weight_mobile":"","ocean_menu_typo_transform":"","ocean_menu_typo_transform_tablet":"","ocean_menu_typo_transform_mobile":"","ocean_menu_typo_line_height":0,"ocean_menu_typo_line_height_tablet":0,"ocean_menu_typo_line_height_mobile":0,"ocean_menu_typo_line_height_unit":"","ocean_menu_typo_spacing":0,"ocean_menu_typo_spacing_tablet":0,"ocean_menu_typo_spacing_mobile":0,"ocean_menu_typo_spacing_unit":"","ocean_menu_link_color":"","ocean_menu_link_color_hover":"","ocean_menu_link_color_active":"","ocean_menu_link_background":"","ocean_menu_link_hover_background":"","ocean_menu_link_active_background":"","ocean_menu_social_links_bg":"","ocean_menu_social_hover_links_bg":"","ocean_menu_social_links_color":"","ocean_menu_social_hover_links_color":"","ocean_disable_title":"default","ocean_disable_heading":"default","ocean_post_title":"","ocean_post_subheading":"","ocean_post_title_style":"","ocean_post_title_background_color":"","ocean_post_title_background":0,"ocean_post_title_bg_image_position":"","ocean_post_title_bg_image_attachment":"","ocean_post_title_bg_image_repeat":"","ocean_post_title_bg_image_size":"","ocean_post_title_height":0,"ocean_post_title_bg_overlay":0.5,"ocean_post_title_bg_overlay_color":"","ocean_disable_breadcrumbs":"default","ocean_breadcrumbs_color":"","ocean_breadcrumbs_separator_color":"","ocean_breadcrumbs_links_color":"","ocean_breadcrumbs_links_hover_color":"","ocean_display_footer_widgets":"default","ocean_display_footer_bottom":"default","ocean_custom_footer_template":"","ocean_post_oembed":"","ocean_post_self_hosted_media":"","ocean_post_video_embed":"","ocean_link_format":"","ocean_link_format_target":"self","ocean_quote_format":"","ocean_quote_format_link":"post","ocean_gallery_link_images":"on","ocean_gallery_id":[],"footnotes":""},"categories":[2945,102470,102466],"tags":[102466],"class_list":["post-1889","post","type-post","status-publish","format-standard","has-post-thumbnail","hentry","category-activites-de-lassociation","category-actualite-de-lassociation","category-festival-sexe-genre-et-archeologie","tag-festival-sexe-genre-et-archeologie","entry","has-media"],"acf":[],"_links":{"self":[{"href":"https:\/\/blogs.univ-tlse2.fr\/aparea\/wp-json\/wp\/v2\/posts\/1889","targetHints":{"allow":["GET"]}}],"collection":[{"href":"https:\/\/blogs.univ-tlse2.fr\/aparea\/wp-json\/wp\/v2\/posts"}],"about":[{"href":"https:\/\/blogs.univ-tlse2.fr\/aparea\/wp-json\/wp\/v2\/types\/post"}],"author":[{"embeddable":true,"href":"https:\/\/blogs.univ-tlse2.fr\/aparea\/wp-json\/wp\/v2\/users\/320"}],"replies":[{"embeddable":true,"href":"https:\/\/blogs.univ-tlse2.fr\/aparea\/wp-json\/wp\/v2\/comments?post=1889"}],"version-history":[{"count":8,"href":"https:\/\/blogs.univ-tlse2.fr\/aparea\/wp-json\/wp\/v2\/posts\/1889\/revisions"}],"predecessor-version":[{"id":1908,"href":"https:\/\/blogs.univ-tlse2.fr\/aparea\/wp-json\/wp\/v2\/posts\/1889\/revisions\/1908"}],"wp:featuredmedia":[{"embeddable":true,"href":"https:\/\/blogs.univ-tlse2.fr\/aparea\/wp-json\/wp\/v2\/media\/1892"}],"wp:attachment":[{"href":"https:\/\/blogs.univ-tlse2.fr\/aparea\/wp-json\/wp\/v2\/media?parent=1889"}],"wp:term":[{"taxonomy":"category","embeddable":true,"href":"https:\/\/blogs.univ-tlse2.fr\/aparea\/wp-json\/wp\/v2\/categories?post=1889"},{"taxonomy":"post_tag","embeddable":true,"href":"https:\/\/blogs.univ-tlse2.fr\/aparea\/wp-json\/wp\/v2\/tags?post=1889"}],"curies":[{"name":"wp","href":"https:\/\/api.w.org\/{rel}","templated":true}]}}