 {"id":713,"date":"2013-06-01T12:00:19","date_gmt":"2013-06-01T10:00:19","guid":{"rendered":"https:\/\/blogs.univ-tlse2.fr\/archeodrone\/?p=713"},"modified":"2014-05-21T08:55:29","modified_gmt":"2014-05-21T06:55:29","slug":"mission-a-la-silla-del-papa-et-belo-claudia-espagne","status":"publish","type":"post","link":"https:\/\/blogs.univ-tlse2.fr\/archeodrone\/2013\/06\/01\/mission-a-la-silla-del-papa-et-belo-claudia-espagne\/","title":{"rendered":"Mission \u00e0 la Silla del Papa et Belo Claudia (Espagne) &#8211; mai 2013"},"content":{"rendered":"<p style=\"text-align: justify\">L&rsquo;\u00e9quipe Arch\u00e9odrone a \u00e9t\u00e9 mobilis\u00e9e pour une mission de dix jours dans le sud de l&rsquo;Espagne, pr\u00e8s de Tarifa, sur 2 sites \u00e9tudi\u00e9s en partenariat avec l&rsquo;Universit\u00e9 d&rsquo;Alicante : l&rsquo;oppidum de la Silla del Papa et l&rsquo;agglom\u00e9ration romaine de Baelo Claudia.<\/p>\n<p style=\"text-align: justify\"><img loading=\"lazy\" decoding=\"async\" class=\"alignright  wp-image-721\" alt=\"DSC_0553\" src=\"https:\/\/blogs.univ-tlse2.fr\/archeodrone\/files\/2013\/07\/DSC_0553-300x199.jpg\" width=\"240\" height=\"159\" srcset=\"https:\/\/blogs.univ-tlse2.fr\/archeodrone\/files\/2013\/07\/DSC_0553-300x199.jpg 300w, https:\/\/blogs.univ-tlse2.fr\/archeodrone\/files\/2013\/07\/DSC_0553-1024x680.jpg 1024w\" sizes=\"auto, (max-width: 240px) 100vw, 240px\" \/><\/p>\n<p style=\"text-align: justify\">L&rsquo;objectif \u00e9tait de r\u00e9aliser une couverture photographique a\u00e9rienne \u00e0 basse altitude du site de la Silla del Papa, un site de hauteur occup\u00e9 durant la Protohistoire, particuli\u00e8rement difficile d&rsquo;acc\u00e8s.<\/p>\n<p style=\"text-align: justify\">Il s&rsquo;agissait d&rsquo;une part de produire une orthophotographie verticale suffisamment fine pour aider les arch\u00e9ologues au rep\u00e9rage et au lever topographique des structures d\u00e9couvertes, en particulier dans le secteur de la n\u00e9cropole du site r\u00e9cemment identifi\u00e9e.<\/p>\n<p style=\"text-align: justify\">D&rsquo;autre part, l&rsquo;enjeu \u00e9tait de parvenir \u00e0 une restitution 3D des parois rocheuses sur<\/p>\n<p style=\"text-align: justify\"><a style=\"color: #ff4b33;line-height: 24px;font-size: 16px\" href=\"https:\/\/blogs.univ-tlse2.fr\/archeodrone\/files\/2013\/07\/DSC_0426.jpg\"><img loading=\"lazy\" decoding=\"async\" class=\"alignright  wp-image-719\" alt=\"DSC_0426\" src=\"https:\/\/blogs.univ-tlse2.fr\/archeodrone\/files\/2013\/07\/DSC_0426-300x199.jpg\" width=\"240\" height=\"159\" srcset=\"https:\/\/blogs.univ-tlse2.fr\/archeodrone\/files\/2013\/07\/DSC_0426-300x199.jpg 300w, https:\/\/blogs.univ-tlse2.fr\/archeodrone\/files\/2013\/07\/DSC_0426-1024x680.jpg 1024w\" sizes=\"auto, (max-width: 240px) 100vw, 240px\" \/><\/a><\/p>\n<p style=\"text-align: justify\">lesquelles se sont appuy\u00e9es de nombreuses constructions, dont t\u00e9moigne encore la pr\u00e9sence d&rsquo;encoches ayant servi au logement de poutres et poteaux porteurs.<\/p>\n<p style=\"text-align: justify\">L&rsquo;ensemble du site a d&rsquo;abord fait l&rsquo;objet d&rsquo;une campagne d&rsquo;implantation de points topographiques au GPS diff\u00e9rentiel devant servir par la suite de bornes d&rsquo;implantation pour les tach\u00e9om\u00e8tres lasers utilis\u00e9s pour le relev\u00e9 des structures (<a href=\"https:\/\/blogs.univ-tlse2.fr\/plateformeterrae\/2013\/06\/10\/silla-del-papa-tarifa-espagne\/\">Plus d&rsquo;information sur le blog de la plateforme arch\u00e9ologique Terrae)<\/a>. Ces points topographiques sont \u00e9galement utilis\u00e9s dans le processus d&rsquo;assemblage et de r\u00e9f\u00e9rencement des nombreuses photographies a\u00e9riennes prises gr\u00e2ce \u00e0 l&rsquo;Arch\u00e9odrone.<\/p>\n<div id=\"attachment_714\" style=\"width: 650px\" class=\"wp-caption aligncenter\"><a href=\"https:\/\/blogs.univ-tlse2.fr\/archeodrone\/files\/2013\/07\/mod\u00e8le.jpg\"><img loading=\"lazy\" decoding=\"async\" aria-describedby=\"caption-attachment-714\" class=\"size-large wp-image-714\" alt=\"Mod\u00e8le 3D d'une partie du site de la Silla del Papa obtenue par photogramm\u00e9trie\" src=\"https:\/\/blogs.univ-tlse2.fr\/archeodrone\/files\/2013\/07\/mod\u00e8le-1024x479.jpg\" width=\"640\" height=\"299\" srcset=\"https:\/\/blogs.univ-tlse2.fr\/archeodrone\/files\/2013\/07\/mod\u00e8le-1024x479.jpg 1024w, https:\/\/blogs.univ-tlse2.fr\/archeodrone\/files\/2013\/07\/mod\u00e8le-300x140.jpg 300w, https:\/\/blogs.univ-tlse2.fr\/archeodrone\/files\/2013\/07\/mod\u00e8le.jpg 1706w\" sizes=\"auto, (max-width: 640px) 100vw, 640px\" \/><\/a><p id=\"caption-attachment-714\" class=\"wp-caption-text\">Mod\u00e8le 3D d&rsquo;une partie du site de la Silla del Papa obtenue par photogramm\u00e9trie<\/p><\/div>\n<div id=\"attachment_750\" style=\"width: 250px\" class=\"wp-caption alignright\"><a href=\"https:\/\/blogs.univ-tlse2.fr\/archeodrone\/files\/2013\/07\/Belo_necro.png\"><img loading=\"lazy\" decoding=\"async\" aria-describedby=\"caption-attachment-750\" class=\" wp-image-750 \" alt=\"N\u00e9cropole de Baelo Claudia\" src=\"https:\/\/blogs.univ-tlse2.fr\/archeodrone\/files\/2013\/07\/Belo_necro-300x225.png\" width=\"240\" height=\"180\" srcset=\"https:\/\/blogs.univ-tlse2.fr\/archeodrone\/files\/2013\/07\/Belo_necro-300x225.png 300w, https:\/\/blogs.univ-tlse2.fr\/archeodrone\/files\/2013\/07\/Belo_necro.png 850w\" sizes=\"auto, (max-width: 240px) 100vw, 240px\" \/><\/a><p id=\"caption-attachment-750\" class=\"wp-caption-text\">N\u00e9cropole de Baelo Claudia<\/p><\/div>\n<div id=\"attachment_751\" style=\"width: 250px\" class=\"wp-caption alignleft\"><a href=\"https:\/\/blogs.univ-tlse2.fr\/archeodrone\/files\/2013\/07\/Belo_porte.png\"><img loading=\"lazy\" decoding=\"async\" aria-describedby=\"caption-attachment-751\" class=\" wp-image-751 \" alt=\"Porte Ouest de Baelo Claudia\" src=\"https:\/\/blogs.univ-tlse2.fr\/archeodrone\/files\/2013\/07\/Belo_porte-300x225.png\" width=\"240\" height=\"180\" srcset=\"https:\/\/blogs.univ-tlse2.fr\/archeodrone\/files\/2013\/07\/Belo_porte-300x225.png 300w, https:\/\/blogs.univ-tlse2.fr\/archeodrone\/files\/2013\/07\/Belo_porte.png 850w\" sizes=\"auto, (max-width: 240px) 100vw, 240px\" \/><\/a><p id=\"caption-attachment-751\" class=\"wp-caption-text\">Porte Ouest de Baelo Claudia<\/p><\/div>\n<p style=\"text-align: justify\"><span style=\"line-height: 24px\">Sur l&rsquo;agglom\u00e9ration romaine de Baelo Claudia situ\u00e9e en contrebas de l&rsquo;oppidum de la Silla del Papa, les travaux ont consist\u00e9 dans la documentation par photographie a\u00e9rienne verticale \u00e0 basse altitude de certains \u00e9l\u00e9ments comme la n\u00e9cropole et la porte Ouest, \u00e9tudi\u00e9s par\u00a0<\/span><a style=\"line-height: 24px\" href=\"http:\/\/blogs.ua.es\/fernandopradosmartinez\/?p=289\">nos coll\u00e8gues de l&rsquo;Universit\u00e9 d&rsquo;Alicante<\/a><span style=\"line-height: 24px\">.<\/span><\/p>\n<p style=\"text-align: justify\">Un travail a \u00e9galement \u00e9t\u00e9 r\u00e9alis\u00e9 sur l&rsquo;alimentation en eau de la cit\u00e9 antique par <a href=\"http:\/\/traces.univ-tlse2.fr\/accueil-traces\/equipes-et-poles-de-recherche\/equipe-cahpa-coordination-archeologie-et-histoire-protohistoire-et-antiquite\/borau-laetitia-157739.kjsp?RH=annuaire_traces\">Laetitia<\/a>\u00a0<a href=\"http:\/\/traces.univ-tlse2.fr\/accueil-traces\/equipes-et-poles-de-recherche\/equipe-cahpa-coordination-archeologie-et-histoire-protohistoire-et-antiquite\/borau-laetitia-157739.kjsp?RH=annuaire_traces\">Borau<\/a>. L&rsquo;utilisation du drone a permis dans ce cadre de r\u00e9aliser des photographies a\u00e9riennes \u00e0 basse altitude rendant mieux compte de l&rsquo;organisation spatiale des vestiges conserv\u00e9s, et relev\u00e9s par ailleurs gr\u00e2ce au GPS diff\u00e9rentiel (<a href=\"https:\/\/blogs.univ-tlse2.fr\/plateformeterrae\/2013\/06\/10\/baleo-claudio-bolonia-tarifa-espagne\/\">Plus d&rsquo;information sur le blog de la plateforme arch\u00e9ologique Terrae<\/a>).<\/p>\n","protected":false},"excerpt":{"rendered":"<p>L&rsquo;\u00e9quipe Arch\u00e9odrone a \u00e9t\u00e9 mobilis\u00e9e pour une mission de dix jours dans le sud de l&rsquo;Espagne, pr\u00e8s de Tarifa, sur 2 sites \u00e9tudi\u00e9s en partenariat avec l&rsquo;Universit\u00e9 d&rsquo;Alicante [..]<\/p>\n","protected":false},"author":117,"featured_media":0,"comment_status":"closed","ping_status":"closed","sticky":false,"template":"","format":"standard","meta":{"footnotes":""},"categories":[12431],"tags":[237],"class_list":["post-713","post","type-post","status-publish","format-standard","hentry","category-photogrammetrie","tag-espagne"],"_links":{"self":[{"href":"https:\/\/blogs.univ-tlse2.fr\/archeodrone\/wp-json\/wp\/v2\/posts\/713","targetHints":{"allow":["GET"]}}],"collection":[{"href":"https:\/\/blogs.univ-tlse2.fr\/archeodrone\/wp-json\/wp\/v2\/posts"}],"about":[{"href":"https:\/\/blogs.univ-tlse2.fr\/archeodrone\/wp-json\/wp\/v2\/types\/post"}],"author":[{"embeddable":true,"href":"https:\/\/blogs.univ-tlse2.fr\/archeodrone\/wp-json\/wp\/v2\/users\/117"}],"replies":[{"embeddable":true,"href":"https:\/\/blogs.univ-tlse2.fr\/archeodrone\/wp-json\/wp\/v2\/comments?post=713"}],"version-history":[{"count":67,"href":"https:\/\/blogs.univ-tlse2.fr\/archeodrone\/wp-json\/wp\/v2\/posts\/713\/revisions"}],"predecessor-version":[{"id":876,"href":"https:\/\/blogs.univ-tlse2.fr\/archeodrone\/wp-json\/wp\/v2\/posts\/713\/revisions\/876"}],"wp:attachment":[{"href":"https:\/\/blogs.univ-tlse2.fr\/archeodrone\/wp-json\/wp\/v2\/media?parent=713"}],"wp:term":[{"taxonomy":"category","embeddable":true,"href":"https:\/\/blogs.univ-tlse2.fr\/archeodrone\/wp-json\/wp\/v2\/categories?post=713"},{"taxonomy":"post_tag","embeddable":true,"href":"https:\/\/blogs.univ-tlse2.fr\/archeodrone\/wp-json\/wp\/v2\/tags?post=713"}],"curies":[{"name":"wp","href":"https:\/\/api.w.org\/{rel}","templated":true}]}}