 {"id":591,"date":"2025-07-23T20:01:09","date_gmt":"2025-07-23T18:01:09","guid":{"rendered":"https:\/\/blogs.univ-tlse2.fr\/ascidula\/?p=591"},"modified":"2025-08-13T15:02:23","modified_gmt":"2025-08-13T13:02:23","slug":"rencontre-licence-master-2025","status":"publish","type":"post","link":"https:\/\/blogs.univ-tlse2.fr\/ascidula\/2025\/07\/23\/rencontre-licence-master-2025\/","title":{"rendered":"Rencontre Licence-Master 2025"},"content":{"rendered":"\n<p>Le 5 mars 2025, chacun chez soi, sur un canap\u00e9 ou un lit, \u00e0 table ou au bureau, sur son ordi ou autre appareil digital, nous nous sommes rencontr\u00e9s via Zoom pour parler des masters de Sciences du Langage, parcours <strong>Linguistique et Cognition<\/strong> et parcours <strong>Linguistique et Traitement du Langage<\/strong>, aux \u00e9tudiantes de licence connect\u00e9es \u00e0 la r\u00e9union.<\/p>\n\n\n\n<p>Un moment d&rsquo;\u00e9change fort informatif qui a peut-\u00eatre donn\u00e9 lieu \u00e0 des candidatures \u00e0 l&rsquo;un des deux parcours du master&#8230; A l&rsquo;heure qu&rsquo;il est, la premi\u00e8re phase de candidatures est termin\u00e9e, et nous avons d\u00e9j\u00e0 pu rencontrer certain\u00b7es des \u00e9tudiant\u00b7es qui nous rejoindrons \u00e0 la rentr\u00e9e. Nous avons h\u00e2te de rencontrer les autres !<\/p>\n\n\n\n<p>Nous profitons de ce post sur le blog pour leur souhaiter la <strong>bienvenue <\/strong>dans ce master !<\/p>\n","protected":false},"excerpt":{"rendered":"<p>Le 5 mars 2025, chacun chez soi, sur un canap\u00e9 ou un lit, \u00e0 table ou au bureau, sur son ordi ou autre appareil digital, nous nous sommes rencontr\u00e9s via Zoom pour parler des&#46;&#46;&#46;<\/p>\n","protected":false},"author":672,"featured_media":523,"comment_status":"closed","ping_status":"open","sticky":true,"template":"","format":"standard","meta":{"footnotes":""},"categories":[179312,16573],"tags":[183699,115,214940,214941,214943],"class_list":["post-591","post","type-post","status-publish","format-standard","has-post-thumbnail","hentry","category-actualites-de-lasso","category-vie-de-lassociation","tag-ascidula","tag-association","tag-linguistique","tag-sciences-du-langage","tag-ut2j"],"_links":{"self":[{"href":"https:\/\/blogs.univ-tlse2.fr\/ascidula\/wp-json\/wp\/v2\/posts\/591","targetHints":{"allow":["GET"]}}],"collection":[{"href":"https:\/\/blogs.univ-tlse2.fr\/ascidula\/wp-json\/wp\/v2\/posts"}],"about":[{"href":"https:\/\/blogs.univ-tlse2.fr\/ascidula\/wp-json\/wp\/v2\/types\/post"}],"author":[{"embeddable":true,"href":"https:\/\/blogs.univ-tlse2.fr\/ascidula\/wp-json\/wp\/v2\/users\/672"}],"replies":[{"embeddable":true,"href":"https:\/\/blogs.univ-tlse2.fr\/ascidula\/wp-json\/wp\/v2\/comments?post=591"}],"version-history":[{"count":3,"href":"https:\/\/blogs.univ-tlse2.fr\/ascidula\/wp-json\/wp\/v2\/posts\/591\/revisions"}],"predecessor-version":[{"id":598,"href":"https:\/\/blogs.univ-tlse2.fr\/ascidula\/wp-json\/wp\/v2\/posts\/591\/revisions\/598"}],"wp:featuredmedia":[{"embeddable":true,"href":"https:\/\/blogs.univ-tlse2.fr\/ascidula\/wp-json\/wp\/v2\/media\/523"}],"wp:attachment":[{"href":"https:\/\/blogs.univ-tlse2.fr\/ascidula\/wp-json\/wp\/v2\/media?parent=591"}],"wp:term":[{"taxonomy":"category","embeddable":true,"href":"https:\/\/blogs.univ-tlse2.fr\/ascidula\/wp-json\/wp\/v2\/categories?post=591"},{"taxonomy":"post_tag","embeddable":true,"href":"https:\/\/blogs.univ-tlse2.fr\/ascidula\/wp-json\/wp\/v2\/tags?post=591"}],"curies":[{"name":"wp","href":"https:\/\/api.w.org\/{rel}","templated":true}]}}