 {"id":592,"date":"2026-02-23T09:57:06","date_gmt":"2026-02-23T08:57:06","guid":{"rendered":"https:\/\/blogs.univ-tlse2.fr\/benoit-petit\/?p=592"},"modified":"2026-02-23T09:57:29","modified_gmt":"2026-02-23T08:57:29","slug":"amitie-franco-allemande","status":"publish","type":"post","link":"https:\/\/blogs.univ-tlse2.fr\/benoit-petit\/2026\/02\/23\/amitie-franco-allemande\/","title":{"rendered":"Amiti\u00e9 Franco-Allemande"},"content":{"rendered":"\n<p>La 70\u00e8me session de l\u2019amiti\u00e9 franco-allemande aura lieu en <strong>2026 du 25 juillet au 2 ao\u00fbt 2026 \u00e0 Kassel<\/strong><\/p>\n\n\n\n<p>Kassel, ville universitaire allemande (204 687 habitants), dans le Land de Hesse au bord de la rivi\u00e8re Fulda,<\/p>\n\n\n\n<p>abrite <strong>la \u00ab&nbsp;documenta&nbsp;\u00bb<\/strong>, exposition majeure d&rsquo;art contemporain&nbsp;&#8211; Le mus\u00e9e pr\u00e9sente les <strong>fr\u00e8res Grimm<\/strong>.<\/p>\n\n\n\n<p>Les th\u00e8mes\u00ab&nbsp;<em>L&rsquo;art &#8211; reflet des soci\u00e9t\u00e9s \u00e0 l&rsquo;heure actuelle ! \u00bb<\/em><\/p>\n\n\n\n<p><em>Renoncement \u00e0 la consommation \/ sobri\u00e9t\u00e9 \/ <\/em><em>upcycling<\/em><\/p>\n\n\n\n<p>Inscriptions par Mail le plus t\u00f4t possible&nbsp; <a href=\"&#x6d;&#97;i&#x6c;&#x74;&#111;:&#x62;&#x65;&#110;o&#x69;&#x74;&#46;p&#x65;&#x74;&#105;t&#x34;&#x38;&#64;g&#x6d;&#x61;&#105;l&#x2e;&#x63;&#111;m\">b&#x65;&#x6e;o&#105;&#x74;&#46;p&#x65;&#x74;i&#116;&#x34;8&#64;&#x67;&#x6d;a&#105;&#x6c;&#46;c&#x6f;&#x6d;<\/a> + 06 15 91 94 49<\/p>\n\n\n\n<p>Autres informations&nbsp;: (Prix \u2013 h\u00e9bergement \u2013 nourriture etc. \u00e0 venir&nbsp; <a href=\"&#x6d;a&#x69;&#x6c;t&#x6f;&#x3a;l&#x75;&#x6b;a&#x73;&#x2e;s&#x63;&#x68;m&#x65;&#108;z&#x40;&#103;m&#x61;&#105;l&#x2e;&#99;o&#x6d;\">&#108;&#x75;k&#x61;s&#46;&#x73;c&#x68;m&#101;&#x6c;z&#x40;g&#x6d;&#x61;i&#x6c;&#46;&#x63;o&#109;<\/a>\u00b0<\/p>\n\n\n\n<p><\/p>\n","protected":false},"excerpt":{"rendered":"<p>La 70\u00e8me session de l\u2019amiti\u00e9 franco-allemande aura lieu en 2026 du 25 juillet au 2 ao\u00fbt 2026 \u00e0 Kassel Kassel, ville universitaire allemande (204 687 habitants), dans le Land de Hesse au bord de la rivi\u00e8re Fulda, abrite la \u00ab&nbsp;documenta&nbsp;\u00bb, exposition majeure d&rsquo;art contemporain&nbsp;&#8211; Le mus\u00e9e pr\u00e9sente les fr\u00e8res Grimm. Les th\u00e8mes\u00ab&nbsp;L&rsquo;art &#8211; reflet des [&hellip;]<\/p>\n","protected":false},"author":66,"featured_media":0,"comment_status":"closed","ping_status":"closed","sticky":false,"template":"","format":"standard","meta":{"footnotes":"","_links_to":"","_links_to_target":""},"categories":[1],"tags":[],"class_list":["post-592","post","type-post","status-publish","format-standard","hentry","category-non-classe"],"_links":{"self":[{"href":"https:\/\/blogs.univ-tlse2.fr\/benoit-petit\/wp-json\/wp\/v2\/posts\/592","targetHints":{"allow":["GET"]}}],"collection":[{"href":"https:\/\/blogs.univ-tlse2.fr\/benoit-petit\/wp-json\/wp\/v2\/posts"}],"about":[{"href":"https:\/\/blogs.univ-tlse2.fr\/benoit-petit\/wp-json\/wp\/v2\/types\/post"}],"author":[{"embeddable":true,"href":"https:\/\/blogs.univ-tlse2.fr\/benoit-petit\/wp-json\/wp\/v2\/users\/66"}],"replies":[{"embeddable":true,"href":"https:\/\/blogs.univ-tlse2.fr\/benoit-petit\/wp-json\/wp\/v2\/comments?post=592"}],"version-history":[{"count":1,"href":"https:\/\/blogs.univ-tlse2.fr\/benoit-petit\/wp-json\/wp\/v2\/posts\/592\/revisions"}],"predecessor-version":[{"id":593,"href":"https:\/\/blogs.univ-tlse2.fr\/benoit-petit\/wp-json\/wp\/v2\/posts\/592\/revisions\/593"}],"wp:attachment":[{"href":"https:\/\/blogs.univ-tlse2.fr\/benoit-petit\/wp-json\/wp\/v2\/media?parent=592"}],"wp:term":[{"taxonomy":"category","embeddable":true,"href":"https:\/\/blogs.univ-tlse2.fr\/benoit-petit\/wp-json\/wp\/v2\/categories?post=592"},{"taxonomy":"post_tag","embeddable":true,"href":"https:\/\/blogs.univ-tlse2.fr\/benoit-petit\/wp-json\/wp\/v2\/tags?post=592"}],"curies":[{"name":"wp","href":"https:\/\/api.w.org\/{rel}","templated":true}]}}