 {"id":25,"date":"2014-03-14T15:32:32","date_gmt":"2014-03-14T14:32:32","guid":{"rendered":"https:\/\/blogs.univ-tlse2.fr\/burgos\/?p=25"},"modified":"2014-03-14T15:32:32","modified_gmt":"2014-03-14T14:32:32","slug":"burgos-soutient-les-cours","status":"publish","type":"post","link":"https:\/\/blogs.univ-tlse2.fr\/burgos\/2014\/03\/14\/burgos-soutient-les-cours\/","title":{"rendered":"Burgos soutient les Cours"},"content":{"rendered":"<p><strong>Les Cours de Burgos sont les premiers cours d&rsquo;\u00e9t\u00e9 internationaux de la P\u00e9ninsule ib\u00e9rique<\/strong><\/p>\n<p>En 1886, fut cr\u00e9\u00e9e \u00e0 l&rsquo;Universit\u00e9 de Toulouse la premi\u00e8re chaire fran\u00e7aise de langue et litt\u00e9rature espagnoles. C&rsquo;est le d\u00e9but de l&rsquo;hispanisme universitaire fran\u00e7ais. Ernest M\u00e9rim\u00e9e fut le premier titulaire de cette premi\u00e8re chaire. En 1908, li\u00e9 d&rsquo;amiti\u00e9 avec don Rodrigo de Sebasti\u00e1n, professeur \u00e0 l&rsquo;Instituto Cardenal L\u00f3pez de Mendoza de Burgos, ils fond\u00e8rent en 1908 les premiers cours d&rsquo;\u00e9t\u00e9 internationaux. On pourra consulter la Galer\u00eda de im\u00e1genes sur le site de ce prestigieux lyc\u00e9e burgalais o\u00f9 appara\u00eet la plaque comm\u00e9rative  de la cr\u00e9ation \u00ab\u00a0del Curso hispano-franc\u00e9s de Burgos\u00a0\u00bb. Leur Centenaire fut c\u00e9l\u00e9br\u00e9 en 2008 et il donna lieu \u00e0 une publication (voir page correspondante).<br \/>\nBas\u00e9s sur les \u00e9changes franco-espagnols et destin\u00e9s aux publics des deux pays, ces Cours offrent, d\u00e8s l&rsquo;origine, des formations en espagnol et en fran\u00e7ais. Avec le temps des enseignements d&rsquo;anglais, d&rsquo;allemand et d&rsquo;italien sont venus compl\u00e9ter l&rsquo;ensemble.<\/p>\n<p><strong>Burgos soutient les Cours<\/strong><\/p>\n<p>L&rsquo;existence de ces cours tient essentiellement \u00e0 l&rsquo;obstination de ses partenaires, de ceux qui les animent et des \u00e9tudiants qui les fr\u00e9quentent. Au bout d&rsquo;un si\u00e8cle on peut les consid\u00e9rer comme un petit bijou des \u00e9changes franco-espagnols, une sorte de r\u00e9table du XX\u00e8 si\u00e8cle.<br \/>\nLes liens entre les autorit\u00e9s burgalaises, les Burgalais et les Cours M\u00e9rim\u00e9e-De Sebasti\u00e1n de l&rsquo;Universit\u00e9 de Toulouse2-Le Mirail sont anciens, solides et chaleureux au point que la Mairie (de Burgos), le Conseil g\u00e9n\u00e9ral (Diputacion), le Patronat au Tourisme (Patronato de Turismo) contribuent au financement des Cours que l&rsquo;Universit\u00e9 maintient depuis plus d&rsquo;un si\u00e8cle. Directement ou par l&rsquo;interm\u00e9diaire du Conseil R\u00e9gional (Junta de Castilla y Leon), de nombreuses institutions apportent \u00e9galement leur concours : la Escuela Oficial de Idiomas, el Instituto de la lengua, l&rsquo;Universit\u00e9 de Burgos, Caja Burgos, Caja C\u00edrculo ainsi que la presse locale, principalement, Diario de Burgos, Cadena Ser. Ces soutiens permettent d&rsquo;offrir des cours de haut niveau \u00e0 des prix tr\u00e8s raisonnables.<\/p>\n<p><strong>Burgos et ses environs offrent un cadre id\u00e9al<\/strong><\/p>\n<p><\/p>","protected":false},"excerpt":{"rendered":"<p>Les Cours de Burgos sont les premiers cours d&rsquo;\u00e9t\u00e9 internationaux de la P\u00e9ninsule ib\u00e9rique En 1886, fut cr\u00e9\u00e9e \u00e0 l&rsquo;Universit\u00e9 de Toulouse la premi\u00e8re chaire fran\u00e7aise de langue et litt\u00e9rature espagnoles. C&rsquo;est le d\u00e9but de l&rsquo;hispanisme universitaire fran\u00e7ais. Ernest M\u00e9rim\u00e9e fut le premier titulaire de cette premi\u00e8re chaire. En 1908, li\u00e9 d&rsquo;amiti\u00e9 avec don Rodrigo &hellip; <a href=\"https:\/\/blogs.univ-tlse2.fr\/burgos\/2014\/03\/14\/burgos-soutient-les-cours\/\" class=\"more-link\">Continuer la lecture de <span class=\"screen-reader-text\">Burgos soutient les Cours<\/span>  <span class=\"meta-nav\">&rarr;<\/span><\/a><\/p>\n","protected":false},"author":1,"featured_media":0,"comment_status":"closed","ping_status":"open","sticky":false,"template":"","format":"standard","meta":{"footnotes":""},"categories":[1],"tags":[],"class_list":["post-25","post","type-post","status-publish","format-standard","hentry","category-non-classe"],"_links":{"self":[{"href":"https:\/\/blogs.univ-tlse2.fr\/burgos\/wp-json\/wp\/v2\/posts\/25","targetHints":{"allow":["GET"]}}],"collection":[{"href":"https:\/\/blogs.univ-tlse2.fr\/burgos\/wp-json\/wp\/v2\/posts"}],"about":[{"href":"https:\/\/blogs.univ-tlse2.fr\/burgos\/wp-json\/wp\/v2\/types\/post"}],"author":[{"embeddable":true,"href":"https:\/\/blogs.univ-tlse2.fr\/burgos\/wp-json\/wp\/v2\/users\/1"}],"replies":[{"embeddable":true,"href":"https:\/\/blogs.univ-tlse2.fr\/burgos\/wp-json\/wp\/v2\/comments?post=25"}],"version-history":[{"count":1,"href":"https:\/\/blogs.univ-tlse2.fr\/burgos\/wp-json\/wp\/v2\/posts\/25\/revisions"}],"predecessor-version":[{"id":29,"href":"https:\/\/blogs.univ-tlse2.fr\/burgos\/wp-json\/wp\/v2\/posts\/25\/revisions\/29"}],"wp:attachment":[{"href":"https:\/\/blogs.univ-tlse2.fr\/burgos\/wp-json\/wp\/v2\/media?parent=25"}],"wp:term":[{"taxonomy":"category","embeddable":true,"href":"https:\/\/blogs.univ-tlse2.fr\/burgos\/wp-json\/wp\/v2\/categories?post=25"},{"taxonomy":"post_tag","embeddable":true,"href":"https:\/\/blogs.univ-tlse2.fr\/burgos\/wp-json\/wp\/v2\/tags?post=25"}],"curies":[{"name":"wp","href":"https:\/\/api.w.org\/{rel}","templated":true}]}}