 {"id":1732,"date":"2017-11-13T13:25:12","date_gmt":"2017-11-13T12:25:12","guid":{"rendered":"https:\/\/blogs.univ-tlse2.fr\/concertation-universitedetoulouse-idex\/?p=1732"},"modified":"2017-11-24T11:06:35","modified_gmt":"2017-11-24T10:06:35","slug":"reunion-inter-ca-construction-de-luniversite-de-toulouse-reconquete-de-lidex-1011017","status":"publish","type":"post","link":"https:\/\/blogs.univ-tlse2.fr\/concertation-universitedetoulouse-idex\/2017\/11\/13\/reunion-inter-ca-construction-de-luniversite-de-toulouse-reconquete-de-lidex-1011017\/","title":{"rendered":"R\u00e9union inter-CA : Construction de l\u2019Universit\u00e9 de Toulouse \/ Reconqu\u00eate de l\u2019IDEX (10\/11\/2017)"},"content":{"rendered":"<p><strong>R\u00e9union inter-CA du vendredi 10 Novembre 2017<\/strong><\/p>\n<p><strong> Construction de l\u2019Universit\u00e9 de Toulouse \/ Reconqu\u00eate de l\u2019IDEX<\/strong><\/p>\n<p>Cette r\u00e9union, en pr\u00e9sence des 3 pr\u00e9sidents (Philippe Raimbault, Jean-Pierre Vinel et Daniel Lacroix) et 2 directeurs (Olivier Simonin, INP et Bertrand Raquet, INSA) du noyau dur, durant 2h30, a donn\u00e9 l\u2019occasion de r\u00e9pondre aux questions des membres des 5 CA (environ 70 pr\u00e9sents).<\/p>\n<p>Dans le cadre des concertations souhait\u00e9es avec les communaut\u00e9s des diff\u00e9rents \u00e9tablissements au c\u0153ur du projet de construction de l\u2019Universit\u00e9 de Toulouse et de reconqu\u00eate de l\u2019IDEX, cette r\u00e9union avait pour objectif de rassembler les \u00e9lus des instances centrales des diff\u00e9rents \u00e9tablissements fondateurs de l\u2019UT autour de ce projet majeur pour l\u2019ensemble de la communaut\u00e9 de l\u2019ESR d\u2019Occitanie.<\/p>\n<p>Cette r\u00e9union s\u2019inscrivait dans la d\u00e9marche entreprise pr\u00e9c\u00e9demment lors des r\u00e9unions des \u00e9lus des commissions Formation et Recherche des diff\u00e9rents \u00e9tablissements organis\u00e9es au d\u00e9but du mois d\u2019octobre. Ce travail contribue \u00e0 faire vivre la future Universit\u00e9 de Toulouse par la rencontre entre les \u00e9lus de ses diff\u00e9rentes entit\u00e9s et \u00e0 d\u00e9velopper le sentiment d\u2019appartenance \u00e0 ce nouvel \u00e9tablissement.<\/p>\n<p><a href=\"https:\/\/blogs.univ-tlse2.fr\/concertation-universitedetoulouse-idex\/files\/2017\/11\/Presentation-Inter-CA-10-11-2017.pdf\" target=\"_blank\" rel=\"noopener\">Un document de synth\u00e8se<\/a> proposant un \u00e9tat des lieux de la r\u00e9flexion sur le projet de construction de l\u2019UT et de reconqu\u00eate de l\u2019IDEX a \u00e9t\u00e9 transmis afin que chaque conseiller puisse en prendre connaissance. Lors de cette r\u00e9union la s\u00e9ance de discussion de l\u2019inter-CA\u00a0 a permis avant tout favoriser les questions et les remarques formul\u00e9es par l\u2019ensemble des conseillers \u00e0 destination des pr\u00e9sidents, directeurs et vice-pr\u00e9sidents des conseils d\u2019administration pr\u00e9sents.<\/p>\n<p>La s\u00e9ance s&rsquo;est organis\u00e9e sous la forme d\u2019une discussion \u00e9quilibr\u00e9e autour de 4 axes majeurs du projet trait\u00e9s\u00a0chronologiquement :<\/p>\n<ul>\n<li>Pilotage et gouvernance de l\u2019UT et de l\u2019IDEX (incluant les questions finances et RH),<\/li>\n<li>le projet de formation et de vie \u00e9tudiante,<\/li>\n<li>la politique de recherche,<\/li>\n<li>les relations internationales.<\/li>\n<\/ul>\n<p>Compte tenu du calendrier, les \u00e9l\u00e9ments les plus pertinents apparus lors de cette r\u00e9union seront pris en compte pour enrichir le dossier \u00e9crit (en cours de finalisation), mais \u00e9galement la r\u00e9flexion future en vue de la pr\u00e9paration des auditions devant le jury international.<\/p>\n","protected":false},"excerpt":{"rendered":"<p>R\u00e9union inter-CA du vendredi 10 Novembre 2017 Construction de l\u2019Universit\u00e9 de Toulouse \/ Reconqu\u00eate de l\u2019IDEX Cette r\u00e9union, en pr\u00e9sence des 3 pr\u00e9sidents (Philippe Raimbault, Jean-Pierre Vinel et Daniel Lacroix) et 2 directeurs (Olivier Simonin, INP et Bertrand Raquet, INSA) du noyau dur, durant 2h30, a donn\u00e9 l\u2019occasion de r\u00e9pondre aux questions des membres des<\/p>\n","protected":false},"author":126,"featured_media":0,"comment_status":"closed","ping_status":"closed","sticky":false,"template":"","format":"standard","meta":{"footnotes":""},"categories":[1],"tags":[],"class_list":["post-1732","post","type-post","status-publish","format-standard","hentry","category-non-classe"],"_links":{"self":[{"href":"https:\/\/blogs.univ-tlse2.fr\/concertation-universitedetoulouse-idex\/wp-json\/wp\/v2\/posts\/1732","targetHints":{"allow":["GET"]}}],"collection":[{"href":"https:\/\/blogs.univ-tlse2.fr\/concertation-universitedetoulouse-idex\/wp-json\/wp\/v2\/posts"}],"about":[{"href":"https:\/\/blogs.univ-tlse2.fr\/concertation-universitedetoulouse-idex\/wp-json\/wp\/v2\/types\/post"}],"author":[{"embeddable":true,"href":"https:\/\/blogs.univ-tlse2.fr\/concertation-universitedetoulouse-idex\/wp-json\/wp\/v2\/users\/126"}],"replies":[{"embeddable":true,"href":"https:\/\/blogs.univ-tlse2.fr\/concertation-universitedetoulouse-idex\/wp-json\/wp\/v2\/comments?post=1732"}],"version-history":[{"count":5,"href":"https:\/\/blogs.univ-tlse2.fr\/concertation-universitedetoulouse-idex\/wp-json\/wp\/v2\/posts\/1732\/revisions"}],"predecessor-version":[{"id":1828,"href":"https:\/\/blogs.univ-tlse2.fr\/concertation-universitedetoulouse-idex\/wp-json\/wp\/v2\/posts\/1732\/revisions\/1828"}],"wp:attachment":[{"href":"https:\/\/blogs.univ-tlse2.fr\/concertation-universitedetoulouse-idex\/wp-json\/wp\/v2\/media?parent=1732"}],"wp:term":[{"taxonomy":"category","embeddable":true,"href":"https:\/\/blogs.univ-tlse2.fr\/concertation-universitedetoulouse-idex\/wp-json\/wp\/v2\/categories?post=1732"},{"taxonomy":"post_tag","embeddable":true,"href":"https:\/\/blogs.univ-tlse2.fr\/concertation-universitedetoulouse-idex\/wp-json\/wp\/v2\/tags?post=1732"}],"curies":[{"name":"wp","href":"https:\/\/api.w.org\/{rel}","templated":true}]}}