 {"id":1751,"date":"2017-11-15T18:00:53","date_gmt":"2017-11-15T17:00:53","guid":{"rendered":"https:\/\/blogs.univ-tlse2.fr\/concertation-universitedetoulouse-idex\/?p=1751"},"modified":"2017-11-23T20:54:59","modified_gmt":"2017-11-23T19:54:59","slug":"projet-universite-de-toulouse-lut2j-consultee","status":"publish","type":"post","link":"https:\/\/blogs.univ-tlse2.fr\/concertation-universitedetoulouse-idex\/2017\/11\/15\/projet-universite-de-toulouse-lut2j-consultee\/","title":{"rendered":"Projet Universit\u00e9 de Toulouse : la communaut\u00e9 de l&rsquo;UT2J consult\u00e9e !"},"content":{"rendered":"<p id=\"resume\">O\u00f9, quand et comment voter ? Toutes les informations pratiques \u00e0 l\u2019attention de la communaut\u00e9 universitaire.<\/p>\n<div id=\"description\">\n<div class=\"photo\"><a title=\"homme-tenant-le-papier-de-vote-dans-la-boite_318-64517.jpg\" href=\"http:\/\/ent-utm.univ-tlse2.fr\/medias\/photo\/homme-tenant-le-papier-de-vote-dans-la-boite-318-64517_1508750188031-jpg\"><img decoding=\"async\" title=\"homme-tenant-le-papier-de-vote-dans-la-boite_318-64517.jpg\" src=\"http:\/\/ent-utm.univ-tlse2.fr\/medias\/photo\/homme-tenant-le-papier-de-vote-dans-la-boite-318-64517_1508750188031-jpg\" alt=\"homme-tenant-le-papier-de-vote-dans-la-boite_318-64517.jpg\" width=\"150\" \/><\/a><\/div>\n<p><strong>Pourquoi une consultation\u00a0?<\/strong><\/p>\n<p>Le pr\u00e9sident de l\u2019Universit\u00e9 Toulouse \u2013 Jean Jaur\u00e8s, Daniel Lacroix s\u2019est engag\u00e9, il y a quelques mois, \u00e0 consulter la communaut\u00e9 universitaire sur le devenir de l\u2019Universit\u00e9 de Toulouse. Les diff\u00e9rentes instances seront \u00e9galement amen\u00e9es \u00e0 se prononcer sur le projet.<\/p>\n<p>Des r\u00e9unions d&rsquo;information auront lieu pour vous pr\u00e9senter le processus.<\/p>\n<ul>\n<li>Mercredi 15 novembre : UFR Psycho de 12h15 \u00e0 14h &#8211; amphi F<\/li>\n<li>Mardi 21 novembre : UFR HAA de 12h15 \u00e0 14h amphi 4<\/li>\n<li>Jeudi 23 novembre :<br \/>\nCh. de service de 9h30 \u00e0 12h &#8211; salle du Conseil (b\u00e2t. La Pr\u00e9sidence)<br \/>\nUFR LPMASC de 12h15 \u00e0 14h &#8211; amphi 1<\/li>\n<li>Lundi 27 novembre : \u00e9tudiants de 12h30 \u00e0 14h &#8211; Grand amphi<\/li>\n<li>Mardi 28 novembre :<br \/>\nPersonnels de 10h \u00e0 12 h &#8211; UFR Psycho, Amphi F<br \/>\nUFR SES de 12h30 \u00e0 14h &#8211; amphi 3<\/li>\n<li>Mercredi 29 novembre : UFR LLCE de 12h30 \u00e0 14h &#8211; amphi 12<\/li>\n<\/ul>\n<p><strong>Soumettez vos questions avant la r\u00e9union sur la <a class=\"lien_externe\" title=\"bo\u00eete \u00e0 id\u00e9es du blog d\u00e9di\u00e9 (nouvelle fen\u00eatre)\" href=\"https:\/\/blogs.univ-tlse2.fr\/concertation-universitedetoulouse-idex\/boites-a-idees\/\">bo\u00eete \u00e0 id\u00e9es du blog d\u00e9di\u00e9<\/a> ou par email \u00e0 &#x70;&#x72;es&#x69;&#x64;&#101;nc&#x65;&#x40;un&#x69;&#x76;&#45;tl&#x73;&#x65;2&#46;&#x66;&#x72; !<\/strong><\/p>\n<p><strong>Quand aura lieu cette consultation ?<\/strong><\/p>\n<p>Mercredi 6 et jeudi 7 d\u00e9cembre (\u00e9tudiants du campus Mirail)<br \/>\nJeudi 7 d\u00e9cembre (tous les personnels et \u00e9tudiants sur les autres sites)<\/p>\n<p><strong>Qui vote\u00a0? <\/strong><\/p>\n<p>Les personnels et \u00e9tudiants de l\u2019universit\u00e9 seront invit\u00e9s \u00e0 participer dans deux coll\u00e8ges distincts, l\u2019un pour les personnels, l\u2019autre pour les usagers (\u00e9tudiants, stagiaires en formation continue, auditeurs libres).<\/p>\n<p>Certains personnels et \u00e9tudiants sont inscrits d\u2019office sur les listes \u00e9lectorales, <strong>d\u2019autres doivent en faire la demande<\/strong>, avant le 29 novembre 16h par mail \u00e0 l\u2019adresse <a href=\"m&#97;&#x69;&#x6c;to&#58;&#x65;&#x6c;e&#99;&#x74;&#x69;on&#115;&#x2e;&#x75;t&#50;&#x40;&#x75;ni&#118;&#x2d;&#x74;ls&#x65;&#x32;&#46;f&#114;\">elections&#46;&#117;&#116;&#50;&#x40;&#x75;&#x6e;&#x69;&#x76;&#x2d;&#x74;&#x6c;&#x73;&#x65;&#x32;&#x2e;fr<\/a> avec pour objet\u00a0: consultation-inscription (en pr\u00e9cisant votre nom, votre pr\u00e9nom, votre date de naissance et votre coll\u00e8ge de vote).<\/p>\n<ul>\n<li><a href=\"https:\/\/blogs.univ-tlse2.fr\/concertation-universitedetoulouse-idex\/files\/2017\/11\/consultationut-exercice-suffrage-ec-enseignants-vcom.pdf\" target=\"_blank\" rel=\"noopener\">Qui vote chez les enseignants chercheurs\u00a0? <\/a><\/li>\n<li><a href=\"https:\/\/blogs.univ-tlse2.fr\/concertation-universitedetoulouse-idex\/files\/2017\/11\/consultationut-exercice-suffrage-biatss-chercheurs-itar-vcom.pdf\" target=\"_blank\" rel=\"noopener\">Qui vote chez les personnels de la recherche et BIATSS\u00a0? <\/a><\/li>\n<li>Qui vote chez les \u00e9tudiants\u00a0? Tous les \u00e9tudiants inscrits \u00e0 l&rsquo;UT2J.<\/li>\n<\/ul>\n<p>Le vote aura lieu \u00e0 bulletin secret, \u00e0 l\u2019urne et sous enveloppe.<\/p>\n<p><strong>Comment voter si vous ne pouvez vous d\u00e9placer\u00a0?<\/strong><\/p>\n<p>Le vote par correspondance n\u2019est pas possible tandis que le vote par procuration est autoris\u00e9 sous condition.<\/p>\n<p>Le mandataire devra justifier son identit\u00e9 et celle du mandant (originaux de carte professionnelle, d\u2019\u00e9tudiant, pi\u00e8ce d\u2019identit\u00e9) et fournir la procuration originale sign\u00e9e par le mandant. Plus d\u2019informations, <a href=\"https:\/\/blogs.univ-tlse2.fr\/concertation-universitedetoulouse-idex\/files\/2017\/11\/ut-consultation-arre-770-te-769-15112017.pdf\" target=\"_blank\" rel=\"noopener\">consulter l\u2019arr\u00eat\u00e9 <\/a>.<\/p>\n<p><strong>O\u00f9 voter\u00a0? <\/strong><\/p>\n<p>La communaut\u00e9 universitaire pourra participer \u00e0 cette consultation sur le campus Mirail de 9h \u00e0 16h30, et dans les autres sites de 9h \u00e0 16h.<\/p>\n<p><em>Sur le campus Mirail<\/em><\/p>\n<p>Un lieu unique \u00e0 l\u2019Arche (salle AR005) pour les personnels et dans les composantes pour les \u00e9tudiants :<br \/>\n&#8211; B\u00e2t. Olympe de Gouges, G023 pour les \u00e9tudiants de l&rsquo;UFR\u00a0HAA, l&rsquo;UFR\u00a0SES\u00a0et de l&rsquo;ISTHIA<br \/>\n&#8211; B\u00e2t. Erasme, salle LA 005 pour les \u00e9tudiants de l&rsquo;UFR LLCE et IPEALT<br \/>\n&#8211; B\u00e2t. Le Gai Savoir, hall d&rsquo;accueil, rdc pour les \u00e9tudiants de l&rsquo;UFR LPMASC et de l&rsquo;IFMI<br \/>\n&#8211; B\u00e2t. Philippe Malrieu, hall d&rsquo;accueil rdc pour les \u00e9tudiants de l&rsquo;UFR\u00a0Psychologie<br \/>\n&#8211; Maison de la recherche, D31 pour les doctorants du campus Mirail<\/p>\n<p><em>Sur les autres campus (\u00e9tudiants et personnels des sites)<br \/>\n<\/em><\/p>\n<p><strong>\u00c0 Toulouse\u00a0:<\/strong><\/p>\n<ul>\n<li>Campus Toulouse centre (rue du Taur)\u00a0: ENSAV, hall d\u2019entr\u00e9e<\/li>\n<li>Campus Toulouse Saint-Agne\u00a0: ESPE, salle 8<\/li>\n<li>Croix de Pierre : ESPE, salle E03<\/li>\n<li>Rangueil : ESPE, salle 22<\/li>\n<\/ul>\n<p><strong><br \/>\nEn r\u00e9gion\u00a0:<br \/>\n<\/strong><\/p>\n<ul>\n<li>Albi\u00a0: ESPE, salle de r\u00e9union (rdc)<\/li>\n<li>Auch\u00a0: ESPE, salle 3<\/li>\n<li>Rodez : ESPE, salle 107<\/li>\n<li>Tarbes : ESPE, salle Montaigu<\/li>\n<li>Campus Blagnac\u00a0: IUT de Blagnac, salle du Conseil<\/li>\n<li>Campus Figeac\u00a0: IUT de Figeac, salle B21, 1er \u00e9tage<\/li>\n<li>Cahors\u00a0Cahors : centre universitaire Maurice-Faure, salle 1.12, 1er \u00e9tage<\/li>\n<li>Campus Foix\u00a0: centre universitaire de Foix, bureau du secr\u00e9tariat de l&rsquo;ESPE<\/li>\n<li>Campus Montauban\u00a0: centre universitaire de Tarn et Garonne, salle 010, rdc<\/li>\n<\/ul>\n<p><em>Sous r\u00e9serve de modifications.<br \/>\n<\/em><strong><br \/>\nLes deux questions qui seront pos\u00e9es :<\/strong><\/p>\n<ol>\n<li>Souhaitez-vous que l\u2019UT2J poursuive son engagement dans le projet d\u2019int\u00e9gration Universit\u00e9 de Toulouse (tel qu\u2019il figure dans le dossier IDEX) ?Oui ou Non<\/li>\n<li>Seriez-vous favorable \u00e0 ce projet s\u2019il \u00e9tait assorti d\u2019une p\u00e9riode transitoire, o\u00f9 l\u2019UT2J conserverait sa personnalit\u00e9 juridique?Oui ou Non<\/li>\n<\/ol>\n<p><strong>Les r\u00e9sultats seront proclam\u00e9s le 8 d\u00e9cembre, lendemain de la consultation. <\/strong><br \/>\nPlus de pr\u00e9cisions sur les modalit\u00e9s du vote, <a href=\"https:\/\/blogs.univ-tlse2.fr\/concertation-universitedetoulouse-idex\/files\/2017\/11\/ut-consultation-arre-770-te-769-15112017.pdf\" target=\"_blank\" rel=\"noopener\">consulter l\u2019arr\u00eat\u00e9 <\/a>.<\/p>\n<\/div>\n","protected":false},"excerpt":{"rendered":"<p>O\u00f9, quand et comment voter ? Toutes les informations pratiques \u00e0 l\u2019attention de la communaut\u00e9 universitaire. Pourquoi une consultation\u00a0? Le pr\u00e9sident de l\u2019Universit\u00e9 Toulouse \u2013 Jean Jaur\u00e8s, Daniel Lacroix s\u2019est engag\u00e9, il y a quelques mois, \u00e0 consulter la communaut\u00e9 universitaire sur le devenir de l\u2019Universit\u00e9 de Toulouse. Les diff\u00e9rentes instances seront \u00e9galement amen\u00e9es \u00e0<\/p>\n","protected":false},"author":126,"featured_media":0,"comment_status":"closed","ping_status":"closed","sticky":false,"template":"","format":"standard","meta":{"footnotes":""},"categories":[1],"tags":[],"class_list":["post-1751","post","type-post","status-publish","format-standard","hentry","category-non-classe"],"_links":{"self":[{"href":"https:\/\/blogs.univ-tlse2.fr\/concertation-universitedetoulouse-idex\/wp-json\/wp\/v2\/posts\/1751","targetHints":{"allow":["GET"]}}],"collection":[{"href":"https:\/\/blogs.univ-tlse2.fr\/concertation-universitedetoulouse-idex\/wp-json\/wp\/v2\/posts"}],"about":[{"href":"https:\/\/blogs.univ-tlse2.fr\/concertation-universitedetoulouse-idex\/wp-json\/wp\/v2\/types\/post"}],"author":[{"embeddable":true,"href":"https:\/\/blogs.univ-tlse2.fr\/concertation-universitedetoulouse-idex\/wp-json\/wp\/v2\/users\/126"}],"replies":[{"embeddable":true,"href":"https:\/\/blogs.univ-tlse2.fr\/concertation-universitedetoulouse-idex\/wp-json\/wp\/v2\/comments?post=1751"}],"version-history":[{"count":7,"href":"https:\/\/blogs.univ-tlse2.fr\/concertation-universitedetoulouse-idex\/wp-json\/wp\/v2\/posts\/1751\/revisions"}],"predecessor-version":[{"id":1798,"href":"https:\/\/blogs.univ-tlse2.fr\/concertation-universitedetoulouse-idex\/wp-json\/wp\/v2\/posts\/1751\/revisions\/1798"}],"wp:attachment":[{"href":"https:\/\/blogs.univ-tlse2.fr\/concertation-universitedetoulouse-idex\/wp-json\/wp\/v2\/media?parent=1751"}],"wp:term":[{"taxonomy":"category","embeddable":true,"href":"https:\/\/blogs.univ-tlse2.fr\/concertation-universitedetoulouse-idex\/wp-json\/wp\/v2\/categories?post=1751"},{"taxonomy":"post_tag","embeddable":true,"href":"https:\/\/blogs.univ-tlse2.fr\/concertation-universitedetoulouse-idex\/wp-json\/wp\/v2\/tags?post=1751"}],"curies":[{"name":"wp","href":"https:\/\/api.w.org\/{rel}","templated":true}]}}