 {"id":1829,"date":"2017-11-28T13:57:33","date_gmt":"2017-11-28T12:57:33","guid":{"rendered":"https:\/\/blogs.univ-tlse2.fr\/concertation-universitedetoulouse-idex\/?p=1829"},"modified":"2017-12-01T12:44:53","modified_gmt":"2017-12-01T11:44:53","slug":"des-precisions-sur-le-contours-des-futurs-regroupements","status":"publish","type":"post","link":"https:\/\/blogs.univ-tlse2.fr\/concertation-universitedetoulouse-idex\/2017\/11\/28\/des-precisions-sur-le-contours-des-futurs-regroupements\/","title":{"rendered":"Des pr\u00e9cisions sur le contour des futurs regroupements"},"content":{"rendered":"<p>Tir\u00e9 de l\u2019article AEF paru le 22 novembre 2017: \u00ab\u00a0<em>Ordonnance sur les regroupements : la derni\u00e8re version du projet d&rsquo;habilitation, qui concernerait une quinzaine de sites<\/em>\u00a0\u00bb (Ana\u00efs G\u00e9rard)<\/p>\n<p><strong>L&rsquo;article 34 du projet de loi<\/strong> \u00ab\u00a0pour un \u00c9tat au service d&rsquo;une soci\u00e9t\u00e9 de confiance\u00a0\u00bb autorisera le gouvernement \u00e0 prendre par ordonnance \u00ab\u00a0les mesures relevant du domaine de la loi destin\u00e9es \u00e0 <strong>exp\u00e9rimenter de nouvelles formes de rapprochement<\/strong>, de regroupement ou de fusion d&rsquo;\u00e9tablissements d&rsquo;ESR\u00a0\u00bb.<\/p>\n<p><strong>Ce qui pourra \u00eatre mis en place sur les sites<\/strong><\/p>\n<p>\u00ab\u00a0de nouveaux modes <strong>d&rsquo;organisation et de fonctionnement<\/strong> des \u00e9tablissements d&rsquo;enseignement sup\u00e9rieur et de recherche et de leur regroupement pr\u00e9vu au 2\u00b0 de l&rsquo;article L.718-3 du code de l&rsquo;\u00e9ducation\u00a0\u00bb, autrement dit la <strong>Comue<\/strong> et <strong>l&rsquo;association<\/strong>.<\/p>\n<p>\u00ab\u00a0de nouveaux modes <strong>de coordination territoriale d\u00e9rogeant<\/strong> aux dispositions du dernier alin\u00e9a de l&rsquo;article 718-3 du code de l&rsquo;\u00e9ducation\u00a0\u00bb, autrement dit \u00e0 l&rsquo;organisation <strong>acad\u00e9mique<\/strong> ou <strong>inter-acad\u00e9mique <\/strong>de la coordination territoriale.<\/p>\n<p>\u00ab\u00a0<strong>de nouveaux modes d&rsquo;int\u00e9gration<\/strong>, sous la forme d&rsquo;un<strong> EPCSCP, regroupant plusieurs \u00e9tablissements d&rsquo;enseignement sup\u00e9rieur et de recherche qui peuvent conserver ou non leur personnalit\u00e9 morale pendant tout ou partie de l&rsquo;exp\u00e9rimentation<\/strong>\u00ab\u00a0.<\/p>\n<blockquote><p><strong><em>A retenir\u00a0: <\/em><\/strong><\/p>\n<p>Soit un <strong>EPCSCP <\/strong>exp\u00e9rimental, soit une <strong>Comue<\/strong> exp\u00e9rimentale.<\/p>\n<p>La possibilit\u00e9 pour les \u00e9tablissements regroup\u00e9s de<strong> conserver leur personnalit\u00e9 morale permettra, <\/strong><strong>\u00ab\u00a0le <\/strong><strong>cas \u00e9ch\u00e9ant, de mettre fin \u00e0 l&rsquo;exp\u00e9rimentation en reprenant leur forme d&rsquo;\u00e9tablissement d&rsquo;origine\u00a0\u00bb<\/strong>, pr\u00e9cise l&rsquo;\u00e9tude d&rsquo;impact.<\/p>\n<p>\u00ab\u00a0L\u2019exp\u00e9rimentation est men\u00e9e pour une <strong>p\u00e9riode maximale de 10 ans<\/strong> \u00e0 compter de la date de publication de l&rsquo;ordonnance\u00a0\u00bb.<\/p><\/blockquote>\n<p><strong>Exp\u00e9rimentation dit bilan obligatoire<\/strong><\/p>\n<p>En outre, \u00ab\u00a0un an au plus tard avant son terme, [l&rsquo;exp\u00e9rimentation] fait l&rsquo;objet d&rsquo;une \u00e9valuation par le HCERES [&#8230;].\u00a0\u00bb L&rsquo;expos\u00e9 des motifs indique que le gouvernement et le Parlement <strong>tireront les cons\u00e9quences <\/strong>du rapport du Haut conseil, \u00ab\u00a0y compris le cas \u00e9ch\u00e9ant, afin de faire \u00e9voluer le cadre l\u00e9gislatif et r\u00e9glementaire\u00a0\u00bb.<\/p>\n<p>L&rsquo;ordonnance doit \u00eatre prise dans un d\u00e9lai d&rsquo;un an <strong>\u00e0 compter de la publication de la loi<\/strong>. Ce d\u00e9lai doit permettre un temps de \u00ab\u00a0<strong>concertation<\/strong> avec tous les acteurs de la communaut\u00e9 universitaire\u00a0\u00bb, pr\u00e9cise l&rsquo;expos\u00e9 des motifs. Trois mois apr\u00e8s l\u2019ordonnance, un projet de loi ratifiera ces mesures.<\/p>\n<p><strong>Une \u00e9tude d\u2019impact<\/strong><\/p>\n<p>Selon l&rsquo;\u00e9tude d&rsquo;impact, une quinzaine de regroupements ou d&rsquo;\u00e9tablissements sont susceptibles d&rsquo;\u00eatre concern\u00e9s\u00a0:<\/p>\n<p><strong>Impacts<\/strong> sur<\/p>\n<p>&#8211; la<strong> contractualisation\u00a0<\/strong>: le contenu et le p\u00e9rim\u00e8tre des contrats de sites\u00a0\u00bb devront \u00ab\u00a0s\u00fbrement\u00a0\u00bb \u00eatre repens\u00e9s et adapt\u00e9s \u00ab\u00a0pour r\u00e9pondre aux attentes exprim\u00e9es par les nouveaux \u00e9tablissements ou regroupements d&rsquo;\u00e9tablissements \u00e0 partir de leurs projets\u00a0\u00bb<\/p>\n<p>&#8211; <strong>juridiques\u00a0:<\/strong> des d\u00e9crets d&rsquo;ex\u00e9cution seront n\u00e9cessaires pour faire \u00e9voluer les statuts,<\/p>\n<p>&#8211; <strong>budg\u00e9taires\u00a0<\/strong>: \u00ab\u00a0\u00e0 terme (sans qu&rsquo;il soit possible de les chiffrer pr\u00e9cis\u00e9ment \u00e0 ce stade) par des \u00e9conomies d&rsquo;\u00e9chelle induites notamment par les nombreuses synergies et mutualisations issues des rapprochements et\/ou simplifications op\u00e9r\u00e9s notamment en mati\u00e8re de gouvernances et de fonctions supports et de soutien (gestion financi\u00e8re, syst\u00e8mes d&rsquo;information, documentation, achats, vie \u00e9tudiante, etc.)\u00a0\u00bb. En outre, \u00ab\u00a0sur le moyen et long terme, les nouveaux modes d&rsquo;organisation devraient renforcer l&rsquo;efficience globale des missions de formation et de recherche des \u00e9tablissements partenaires\u00a0\u00bb<\/p>\n","protected":false},"excerpt":{"rendered":"<p>Tir\u00e9 de l\u2019article AEF paru le 22 novembre 2017: \u00ab\u00a0Ordonnance sur les regroupements : la derni\u00e8re version du projet d&rsquo;habilitation, qui concernerait une quinzaine de sites\u00a0\u00bb (Ana\u00efs G\u00e9rard) L&rsquo;article 34 du projet de loi \u00ab\u00a0pour un \u00c9tat au service d&rsquo;une soci\u00e9t\u00e9 de confiance\u00a0\u00bb autorisera le gouvernement \u00e0 prendre par ordonnance \u00ab\u00a0les mesures relevant du domaine<\/p>\n","protected":false},"author":126,"featured_media":0,"comment_status":"closed","ping_status":"closed","sticky":false,"template":"","format":"standard","meta":{"footnotes":""},"categories":[1],"tags":[],"class_list":["post-1829","post","type-post","status-publish","format-standard","hentry","category-non-classe"],"_links":{"self":[{"href":"https:\/\/blogs.univ-tlse2.fr\/concertation-universitedetoulouse-idex\/wp-json\/wp\/v2\/posts\/1829","targetHints":{"allow":["GET"]}}],"collection":[{"href":"https:\/\/blogs.univ-tlse2.fr\/concertation-universitedetoulouse-idex\/wp-json\/wp\/v2\/posts"}],"about":[{"href":"https:\/\/blogs.univ-tlse2.fr\/concertation-universitedetoulouse-idex\/wp-json\/wp\/v2\/types\/post"}],"author":[{"embeddable":true,"href":"https:\/\/blogs.univ-tlse2.fr\/concertation-universitedetoulouse-idex\/wp-json\/wp\/v2\/users\/126"}],"replies":[{"embeddable":true,"href":"https:\/\/blogs.univ-tlse2.fr\/concertation-universitedetoulouse-idex\/wp-json\/wp\/v2\/comments?post=1829"}],"version-history":[{"count":7,"href":"https:\/\/blogs.univ-tlse2.fr\/concertation-universitedetoulouse-idex\/wp-json\/wp\/v2\/posts\/1829\/revisions"}],"predecessor-version":[{"id":1839,"href":"https:\/\/blogs.univ-tlse2.fr\/concertation-universitedetoulouse-idex\/wp-json\/wp\/v2\/posts\/1829\/revisions\/1839"}],"wp:attachment":[{"href":"https:\/\/blogs.univ-tlse2.fr\/concertation-universitedetoulouse-idex\/wp-json\/wp\/v2\/media?parent=1829"}],"wp:term":[{"taxonomy":"category","embeddable":true,"href":"https:\/\/blogs.univ-tlse2.fr\/concertation-universitedetoulouse-idex\/wp-json\/wp\/v2\/categories?post=1829"},{"taxonomy":"post_tag","embeddable":true,"href":"https:\/\/blogs.univ-tlse2.fr\/concertation-universitedetoulouse-idex\/wp-json\/wp\/v2\/tags?post=1829"}],"curies":[{"name":"wp","href":"https:\/\/api.w.org\/{rel}","templated":true}]}}