 {"id":123,"name":"Groupe D\u00c9PART","url":"https:\/\/blogs.univ-tlse2.fr\/depart\/","description":"Le collectif D\u00c9PART a \u00e9t\u00e9 cr\u00e9\u00e9 en 2012 par des \u00e9tudiants du Master Recherche en Sciences de l'Antiquit\u00e9 de l'Universit\u00e9 Toulouse-II Le Mirail (actuelle Universit\u00e9 Jean-Jaur\u00e8s). \r\nSon but est de proposer des \u00e9v\u00e9nements organis\u00e9s, g\u00e9r\u00e9s et assum\u00e9s par des \u00e9tudiants, en promouvant les \u00e9tudes sur l'Antiquit\u00e9 \u00e0 travers des caf\u00e9s-d\u00e9bats et des journ\u00e9es d'\u00e9tudes.","link":"https:\/\/blogs.univ-tlse2.fr\/depart\/author\/depart\/","slug":"depart","avatar_urls":{"24":"https:\/\/secure.gravatar.com\/avatar\/3ca0e0a5ffcc97c83868228ddfeb88ebd744dbaf7ee692f2497dac8df5ccf2f0?s=24&d=mm&r=g","48":"https:\/\/secure.gravatar.com\/avatar\/3ca0e0a5ffcc97c83868228ddfeb88ebd744dbaf7ee692f2497dac8df5ccf2f0?s=48&d=mm&r=g","96":"https:\/\/secure.gravatar.com\/avatar\/3ca0e0a5ffcc97c83868228ddfeb88ebd744dbaf7ee692f2497dac8df5ccf2f0?s=96&d=mm&r=g"},"meta":[],"_links":{"self":[{"href":"https:\/\/blogs.univ-tlse2.fr\/depart\/wp-json\/wp\/v2\/users\/123","targetHints":{"allow":["GET"]}}],"collection":[{"href":"https:\/\/blogs.univ-tlse2.fr\/depart\/wp-json\/wp\/v2\/users"}]}}