 {"id":1,"date":"2015-11-23T09:21:02","date_gmt":"2015-11-23T08:21:02","guid":{"rendered":"https:\/\/blogs.univ-tlse2.fr\/dynamiquesrurales\/?p=1"},"modified":"2016-03-18T16:43:46","modified_gmt":"2016-03-18T15:43:46","slug":"bonjour-tout-le-monde","status":"publish","type":"post","link":"https:\/\/blogs.univ-tlse2.fr\/dynamiquesrurales\/2015\/11\/23\/bonjour-tout-le-monde\/","title":{"rendered":"Colloque international \u00ab\u00a0La renaissance rurale d&rsquo;un si\u00e8cle \u00e0 l&rsquo;autre ?\u00a0\u00bb"},"content":{"rendered":"<p>A l\u2019o<a href=\"http:\/\/dynamiques-rurales.univ-tlse2.fr\/\" target=\"_blank\"><img loading=\"lazy\" decoding=\"async\" class=\" wp-image-107 alignleft\" src=\"https:\/\/blogs.univ-tlse2.fr\/dynamiquesrurales\/files\/2015\/10\/logo-DR.jpg\" alt=\"logo DR\" width=\"146\" height=\"90\" \/><\/a>ccasion des 25 ans du laboratoire \u2018Dynamiques Rurales\u2019, un colloque international pluridisciplinaire se tiendra \u00e0 <strong>Toulouse<\/strong> du <strong>23 au 27 mai 2016<\/strong>. Ce colloque sera coupl\u00e9 aux <strong>Journ\u00e9es Rurales 2016<\/strong> de la Commission fran\u00e7aise de G\u00e9ographie rurale (Comit\u00e9 National Fran\u00e7ais de G\u00e9ographie). Cette double manifestation appelle des contributions de l\u2019ensemble des sciences humaines et sociales travaillant sur les ruralit\u00e9s (g\u00e9ographie, sociologie, \u00e9conomie, anthropologie, gestion, droit, \u00e9tudes audiovisuelles\u2026), \u00e0 l\u2019image du dialogue entre disciplines propre \u00e0 \u2018Dynamiques Rurales\u2019. Elle invite \u00e0 d\u00e9velopper une collaboration tant avec les partenaires historiques de \u2018Dynamiques Rurales\u2019, notamment en Am\u00e9rique latine et en Afrique, qu\u2019avec les homologues de la Commission fran\u00e7aise de G\u00e9ographie rurale dans diff\u00e9rents pays europ\u00e9ens (Allemagne, Belgique, Espagne, Italie, Portugal, Royaume Uni\u2026) dans le cadre du R\u00e9seau europ\u00e9en de g\u00e9ographie rurale.<\/p>\n<p>Vous trouverez sur ce site toutes les informations li\u00e9es \u00e0 ce colloque international : appel \u00e0 communication, programme, informations pratiques,&#8230;<\/p>\n<p>Le module vous permettant de vous inscrire en ligne est ouvert.<\/p>\n<p><a href=\"http:\/\/www.univ-toulouse.fr\/\" target=\"_blank\"><img loading=\"lazy\" decoding=\"async\" class=\"wp-image-91 alignright\" src=\"https:\/\/blogs.univ-tlse2.fr\/dynamiquesrurales\/files\/2015\/10\/logo-U-Toulouse.jpg\" alt=\"logo U Toulouse\" width=\"73\" height=\"110\" \/><\/a><a href=\"http:\/\/www.univ-tlse2.fr\" target=\"_blank\"><img loading=\"lazy\" decoding=\"async\" class=\"wp-image-90 alignleft\" src=\"https:\/\/blogs.univ-tlse2.fr\/dynamiquesrurales\/files\/2015\/10\/logo-jean-jaures-300x76.jpg\" alt=\"logo jean jaures\" width=\"225\" height=\"57\" srcset=\"https:\/\/blogs.univ-tlse2.fr\/dynamiquesrurales\/files\/2015\/10\/logo-jean-jaures-300x76.jpg 300w, https:\/\/blogs.univ-tlse2.fr\/dynamiquesrurales\/files\/2015\/10\/logo-jean-jaures.jpg 447w\" sizes=\"auto, (max-width: 225px) 100vw, 225px\" \/><\/a><a href=\"https:\/\/blogs.univ-tlse2.fr\/dynamiquesrurales\/files\/2016\/03\/LISTT-DR.jpg\" rel=\"attachment wp-att-169\"><img loading=\"lazy\" decoding=\"async\" class=\"alignnone wp-image-169\" src=\"https:\/\/blogs.univ-tlse2.fr\/dynamiquesrurales\/files\/2016\/03\/LISTT-DR-300x148.jpg\" alt=\"LISTT DR\" width=\"193\" height=\"95\" srcset=\"https:\/\/blogs.univ-tlse2.fr\/dynamiquesrurales\/files\/2016\/03\/LISTT-DR-300x148.jpg 300w, https:\/\/blogs.univ-tlse2.fr\/dynamiquesrurales\/files\/2016\/03\/LISTT-DR-768x380.jpg 768w, https:\/\/blogs.univ-tlse2.fr\/dynamiquesrurales\/files\/2016\/03\/LISTT-DR-1024x507.jpg 1024w, https:\/\/blogs.univ-tlse2.fr\/dynamiquesrurales\/files\/2016\/03\/LISTT-DR.jpg 1063w\" sizes=\"auto, (max-width: 193px) 100vw, 193px\" \/><\/a><a href=\"http:\/\/www.enfa.fr\/\" target=\"_blank\"><img loading=\"lazy\" decoding=\"async\" class=\"wp-image-89 alignright\" src=\"https:\/\/blogs.univ-tlse2.fr\/dynamiquesrurales\/files\/2015\/10\/Logo-ENFA.jpg\" alt=\"Logo ENFA\" width=\"177\" height=\"71\" \/><\/a><\/p>\n<p><a href=\"http:\/\/tesc.univ-tlse2.fr\/\" target=\"_blank\"><img loading=\"lazy\" decoding=\"async\" class=\"wp-image-123 alignright\" src=\"https:\/\/blogs.univ-tlse2.fr\/dynamiquesrurales\/files\/2015\/10\/TESC.png\" alt=\"TESC\" width=\"116\" height=\"67\" \/><\/a> <a href=\"http:\/\/ipeat.univ-tlse2.fr\/\" target=\"_blank\"><img loading=\"lazy\" decoding=\"async\" class=\"wp-image-121 alignright\" src=\"https:\/\/blogs.univ-tlse2.fr\/dynamiquesrurales\/files\/2015\/10\/IPEAT.jpg\" alt=\"IPEAT\" width=\"96\" height=\"96\" \/><\/a><a href=\"http:\/\/www.cnfg.fr\/\" target=\"_blank\"><img loading=\"lazy\" decoding=\"async\" class=\"wp-image-119 alignright\" src=\"https:\/\/blogs.univ-tlse2.fr\/dynamiquesrurales\/files\/2015\/10\/CNFG.png\" alt=\"CNFG\" width=\"91\" height=\"102\" \/><\/a>\u00a0<a href=\"http:\/\/www.midipyrenees.fr\/\" target=\"_blank\"><img loading=\"lazy\" decoding=\"async\" class=\"wp-image-126 alignright\" src=\"https:\/\/blogs.univ-tlse2.fr\/dynamiquesrurales\/files\/2015\/10\/Logo_largeur_2pantones-300x94.gif\" alt=\"Logo_largeur_2pantones\" width=\"159\" height=\"50\" srcset=\"https:\/\/blogs.univ-tlse2.fr\/dynamiquesrurales\/files\/2015\/10\/Logo_largeur_2pantones-300x94.gif 300w, https:\/\/blogs.univ-tlse2.fr\/dynamiquesrurales\/files\/2015\/10\/Logo_largeur_2pantones-1024x321.gif 1024w\" sizes=\"auto, (max-width: 159px) 100vw, 159px\" \/><\/a> <a href=\"http:\/\/igu-online.org\/about-us\/\" target=\"_blank\"><img loading=\"lazy\" decoding=\"async\" class=\"wp-image-120 alignright\" src=\"https:\/\/blogs.univ-tlse2.fr\/dynamiquesrurales\/files\/2015\/10\/IGU-UGI.jpg\" alt=\"IGU UGI\" width=\"74\" height=\"99\" \/><\/a>\u00a0 <a href=\"http:\/\/www.midi-quercy.fr\/\" target=\"_blank\"><img loading=\"lazy\" decoding=\"async\" class=\"wp-image-124 alignleft\" src=\"https:\/\/blogs.univ-tlse2.fr\/dynamiquesrurales\/files\/2015\/10\/midiquercy.jpg\" alt=\"midiquercy\" width=\"122\" height=\"67\" \/><\/a><\/p>\n","protected":false},"excerpt":{"rendered":"<p>A l\u2019occasion des 25 ans du laboratoire \u2018Dynamiques Rurales\u2019, un colloque international pluridisciplinaire se tiendra \u00e0 Toulouse du 23 au 27 mai 2016. Ce colloque sera coupl\u00e9 aux Journ\u00e9es Rurales 2016 de la Commission fran\u00e7aise de G\u00e9ographie rurale (Comit\u00e9 National Fran\u00e7ais de G\u00e9ographie). Cette double manifestation appelle des contributions de l\u2019ensemble des sciences humaines et [&hellip;]<\/p>\n","protected":false},"author":289,"featured_media":0,"comment_status":"closed","ping_status":"closed","sticky":false,"template":"","format":"standard","meta":{"footnotes":""},"categories":[340],"tags":[],"class_list":["post-1","post","type-post","status-publish","format-standard","hentry","category-accueil"],"_links":{"self":[{"href":"https:\/\/blogs.univ-tlse2.fr\/dynamiquesrurales\/wp-json\/wp\/v2\/posts\/1","targetHints":{"allow":["GET"]}}],"collection":[{"href":"https:\/\/blogs.univ-tlse2.fr\/dynamiquesrurales\/wp-json\/wp\/v2\/posts"}],"about":[{"href":"https:\/\/blogs.univ-tlse2.fr\/dynamiquesrurales\/wp-json\/wp\/v2\/types\/post"}],"author":[{"embeddable":true,"href":"https:\/\/blogs.univ-tlse2.fr\/dynamiquesrurales\/wp-json\/wp\/v2\/users\/289"}],"replies":[{"embeddable":true,"href":"https:\/\/blogs.univ-tlse2.fr\/dynamiquesrurales\/wp-json\/wp\/v2\/comments?post=1"}],"version-history":[{"count":13,"href":"https:\/\/blogs.univ-tlse2.fr\/dynamiquesrurales\/wp-json\/wp\/v2\/posts\/1\/revisions"}],"predecessor-version":[{"id":173,"href":"https:\/\/blogs.univ-tlse2.fr\/dynamiquesrurales\/wp-json\/wp\/v2\/posts\/1\/revisions\/173"}],"wp:attachment":[{"href":"https:\/\/blogs.univ-tlse2.fr\/dynamiquesrurales\/wp-json\/wp\/v2\/media?parent=1"}],"wp:term":[{"taxonomy":"category","embeddable":true,"href":"https:\/\/blogs.univ-tlse2.fr\/dynamiquesrurales\/wp-json\/wp\/v2\/categories?post=1"},{"taxonomy":"post_tag","embeddable":true,"href":"https:\/\/blogs.univ-tlse2.fr\/dynamiquesrurales\/wp-json\/wp\/v2\/tags?post=1"}],"curies":[{"name":"wp","href":"https:\/\/api.w.org\/{rel}","templated":true}]}}