 {"id":587,"date":"2022-12-06T23:21:21","date_gmt":"2022-12-06T22:21:21","guid":{"rendered":"https:\/\/blogs.univ-tlse2.fr\/ensemble-pourluniversite\/?p=587"},"modified":"2023-01-24T20:11:14","modified_gmt":"2023-01-24T19:11:14","slug":"bienvenue","status":"publish","type":"post","link":"https:\/\/blogs.univ-tlse2.fr\/ensemble-pourluniversite\/2022\/12\/06\/bienvenue\/","title":{"rendered":"Bienvenue !"},"content":{"rendered":"\n<p>Le collectif <em>Ensemble pour l&rsquo;universit\u00e9<\/em> r\u00e9unit des enseignant.es-chercheur.es, des enseignant.es, des chercheur.es, des personnels BIATSS, titulaires ou non-titulaires, de l&rsquo;universit\u00e9 Toulouse &#8211; Jean Jaur\u00e8s.<\/p>\n\n\n\n<p>Ce collectif pr\u00e9sente des candidates et des candidats dans chacun des coll\u00e8ges des personnels pour les \u00e9lections aux conseils centraux de l&rsquo;\u00e9tablissement (Conseil d&rsquo;administration, commission Formation et vie universitaire, commission Recherche) qui se d\u00e9rouleront le 30 janvier 2023 pour les personnels et du 30 janvier au 1<sup>er<\/sup> f\u00e9vrier 2023 pour les \u00e9tudiant.es.<\/p>\n\n\n\n<p>Vous retrouverez sur ce blog les propositions d&rsquo;<em>Ensemble pour l&rsquo;universit\u00e9<\/em> pour la mandature 2023-2027 ainsi que des \u00e9l\u00e9ments de bilan de la mandature 2018-2022.<\/p>\n\n\n\n<p>Ce blog sera enrichi de contenu jusqu&rsquo;aux \u00e9lections, nous vous invitons donc \u00e0 le consulter r\u00e9guli\u00e8rement.<\/p>\n\n\n\n<figure class=\"wp-block-image size-large\"><img loading=\"lazy\" decoding=\"async\" width=\"1024\" height=\"489\" src=\"https:\/\/blogs.univ-tlse2.fr\/ensemble-pourluniversite\/files\/2022\/12\/Campus-vue-du-parc_V2-1024x489.jpg\" alt=\"\" class=\"wp-image-675\" srcset=\"https:\/\/blogs.univ-tlse2.fr\/ensemble-pourluniversite\/files\/2022\/12\/Campus-vue-du-parc_V2-1024x489.jpg 1024w, https:\/\/blogs.univ-tlse2.fr\/ensemble-pourluniversite\/files\/2022\/12\/Campus-vue-du-parc_V2-300x143.jpg 300w, https:\/\/blogs.univ-tlse2.fr\/ensemble-pourluniversite\/files\/2022\/12\/Campus-vue-du-parc_V2-768x367.jpg 768w, https:\/\/blogs.univ-tlse2.fr\/ensemble-pourluniversite\/files\/2022\/12\/Campus-vue-du-parc_V2-1536x734.jpg 1536w, https:\/\/blogs.univ-tlse2.fr\/ensemble-pourluniversite\/files\/2022\/12\/Campus-vue-du-parc_V2.jpg 2048w\" sizes=\"auto, (max-width: 1024px) 100vw, 1024px\" \/><\/figure>\n","protected":false},"excerpt":{"rendered":"<p>Le collectif Ensemble pour l&rsquo;universit\u00e9 r\u00e9unit des enseignant.es-chercheur.es, des enseignant.es, des chercheur.es, des personnels BIATSS, titulaires ou non-titulaires, de l&rsquo;universit\u00e9 Toulouse &#8211; Jean Jaur\u00e8s. Ce collectif pr\u00e9sente des candidates et des candidats dans chacun des coll\u00e8ges des personnels pour les \u00e9lections aux conseils centraux de l&rsquo;\u00e9tablissement (Conseil d&rsquo;administration, commission Formation et vie universitaire, commission Recherche) [&hellip;]<\/p>\n","protected":false},"author":301,"featured_media":0,"comment_status":"open","ping_status":"open","sticky":false,"template":"","format":"standard","meta":{"footnotes":""},"categories":[1],"tags":[],"class_list":["post-587","post","type-post","status-publish","format-standard","hentry","category-non-classe"],"_links":{"self":[{"href":"https:\/\/blogs.univ-tlse2.fr\/ensemble-pourluniversite\/wp-json\/wp\/v2\/posts\/587","targetHints":{"allow":["GET"]}}],"collection":[{"href":"https:\/\/blogs.univ-tlse2.fr\/ensemble-pourluniversite\/wp-json\/wp\/v2\/posts"}],"about":[{"href":"https:\/\/blogs.univ-tlse2.fr\/ensemble-pourluniversite\/wp-json\/wp\/v2\/types\/post"}],"author":[{"embeddable":true,"href":"https:\/\/blogs.univ-tlse2.fr\/ensemble-pourluniversite\/wp-json\/wp\/v2\/users\/301"}],"replies":[{"embeddable":true,"href":"https:\/\/blogs.univ-tlse2.fr\/ensemble-pourluniversite\/wp-json\/wp\/v2\/comments?post=587"}],"version-history":[{"count":10,"href":"https:\/\/blogs.univ-tlse2.fr\/ensemble-pourluniversite\/wp-json\/wp\/v2\/posts\/587\/revisions"}],"predecessor-version":[{"id":823,"href":"https:\/\/blogs.univ-tlse2.fr\/ensemble-pourluniversite\/wp-json\/wp\/v2\/posts\/587\/revisions\/823"}],"wp:attachment":[{"href":"https:\/\/blogs.univ-tlse2.fr\/ensemble-pourluniversite\/wp-json\/wp\/v2\/media?parent=587"}],"wp:term":[{"taxonomy":"category","embeddable":true,"href":"https:\/\/blogs.univ-tlse2.fr\/ensemble-pourluniversite\/wp-json\/wp\/v2\/categories?post=587"},{"taxonomy":"post_tag","embeddable":true,"href":"https:\/\/blogs.univ-tlse2.fr\/ensemble-pourluniversite\/wp-json\/wp\/v2\/tags?post=587"}],"curies":[{"name":"wp","href":"https:\/\/api.w.org\/{rel}","templated":true}]}}