 {"id":1160,"date":"2020-12-04T16:58:07","date_gmt":"2020-12-04T15:58:07","guid":{"rendered":"https:\/\/blogs.univ-tlse2.fr\/ip3a\/?p=1160"},"modified":"2022-01-20T14:31:18","modified_gmt":"2022-01-20T13:31:18","slug":"faire-comprendre-le-modele-de-lacte-dapprendre-a-lecole-du-cadre-ip3a-a-des-professionnels-de-lenseignement","status":"publish","type":"post","link":"https:\/\/blogs.univ-tlse2.fr\/ip3a\/faire-comprendre-le-modele-de-lacte-dapprendre-a-lecole-du-cadre-ip3a-a-des-professionnels-de-lenseignement\/","title":{"rendered":"FAIRE COMPRENDRE le mod\u00e8le de \u00abl\u2019Acte d\u2019APPRENDRE \u00e0 l\u2019\u00c9cole\u00bb du cadre IP3A, \u00e0 des professionnels de l\u2019enseignement"},"content":{"rendered":"\n<hr class=\"wp-block-separator\" \/>\n\n\n\n<p class=\"has-background\" style=\"background-color:#dbe0e5\">L\u2019If\u00e9&nbsp;\u2013 Centre Alain SAVARY*, dans le cadre d\u2019une mission de formation sur le \u00ab&nbsp;<a href=\"http:\/\/centre-alain-savary.ens-lyon.fr\/CAS\/education-prioritaire\/ressources\/theme-2-perspectives-relatives-a-laccompagnement-et-a-la-formation\/copy_of_travail-dans-et-hors-la-classe-des-ressources-pour-la-formation\">Travail personnel et apprentissage de l&rsquo;\u00e9l\u00e8ve<\/a>&nbsp;\u00bb, a souhait\u00e9 proposer un \u00e9clairage sur le mod\u00e8le de \u00ab&nbsp;l\u2019Acte d\u2019<em>APPRENDRE \u00e0 l\u2019\u00c9cole&nbsp;\u00bb&nbsp;<\/em>du cadre IP3A.&nbsp;<\/p>\n\n\n\n<p class=\"has-background\" style=\"background-color:#dbe0e5\">Cette ing\u00e9nierie traite de la <strong>conception d\u2019une conf\u00e9rence<\/strong> qui r\u00e9pond \u00e0 cette commande de formation (destin\u00e9e \u00e0 un public de professionnels de l\u2019enseignement).<\/p>\n\n\n\n<p class=\"has-cyan-bluish-gray-color has-text-color has-small-font-size\"><em>La conf\u00e9rence s\u2019est d\u00e9roul\u00e9e le mardi 10 novembre 2020 par visioconf\u00e9rence<\/em><\/p>\n\n\n\n<p>(*) :&nbsp;<a href=\"http:\/\/centre-alain-savary.ens-lyon.fr\/CAS\">Institut fran\u00e7ais de l\u2019\u00e9ducation<\/a> &#8211; ENS de Lyon.<\/p>\n\n\n\n<hr class=\"wp-block-separator\" \/>\n\n\n\n<figure class=\"wp-block-image size-large\"><img loading=\"lazy\" decoding=\"async\" width=\"1024\" height=\"621\" src=\"https:\/\/blogs.univ-tlse2.fr\/ip3a\/files\/2020\/12\/IP3A-Ife_DOCs-1024x621.jpg\" alt=\"\" class=\"wp-image-1153\" srcset=\"https:\/\/blogs.univ-tlse2.fr\/ip3a\/files\/2020\/12\/IP3A-Ife_DOCs-1024x621.jpg 1024w, https:\/\/blogs.univ-tlse2.fr\/ip3a\/files\/2020\/12\/IP3A-Ife_DOCs-300x182.jpg 300w, https:\/\/blogs.univ-tlse2.fr\/ip3a\/files\/2020\/12\/IP3A-Ife_DOCs-768x465.jpg 768w, https:\/\/blogs.univ-tlse2.fr\/ip3a\/files\/2020\/12\/IP3A-Ife_DOCs-1536x931.jpg 1536w, https:\/\/blogs.univ-tlse2.fr\/ip3a\/files\/2020\/12\/IP3A-Ife_DOCs-2048x1241.jpg 2048w\" sizes=\"auto, (max-width: 1024px) 100vw, 1024px\" \/><\/figure>\n\n\n\n<hr class=\"wp-block-separator\" \/>\n\n\n\n<p>Vous&nbsp;trouverez ci-apr\u00e8s un descriptif&nbsp;&nbsp;de l\u2019activit\u00e9 de :<\/p>\n\n\n\n<ul class=\"wp-block-list\"><li><strong>D\u00e9finition des contenus \u00e0 enseigner<\/strong>&nbsp;:<\/li><\/ul>\n\n\n\n<div class=\"wp-block-file aligncenter\"><a href=\"https:\/\/blogs.univ-tlse2.fr\/ip3a\/files\/2020\/12\/IP3A-Ife_CONTENU.pdf\" target=\"_blank\" rel=\"noreferrer noopener\">IP3A-If\u00e9_CONTENU<\/a><a href=\"https:\/\/blogs.univ-tlse2.fr\/ip3a\/files\/2020\/12\/IP3A-Ife_CONTENU.pdf\" class=\"wp-block-file__button\" download>T\u00e9l\u00e9charger<\/a><\/div>\n\n\n\n<ul class=\"wp-block-list\"><li><strong>Planification du parcours d\u2019apprentissage<\/strong>&nbsp;:<\/li><\/ul>\n\n\n\n<div class=\"wp-block-file aligncenter\"><a href=\"https:\/\/blogs.univ-tlse2.fr\/ip3a\/files\/2020\/12\/IP3A-Ife_PLANIFICATION.pdf\" target=\"_blank\" rel=\"noreferrer noopener\">IP3A-If\u00e9_PLANIFICATION<\/a><a href=\"https:\/\/blogs.univ-tlse2.fr\/ip3a\/files\/2020\/12\/IP3A-Ife_PLANIFICATION.pdf\" class=\"wp-block-file__button\" download>T\u00e9l\u00e9charger<\/a><\/div>\n\n\n\n<ul class=\"wp-block-list\"><li><strong>Sc\u00e9narisation d\u2019un parcours d\u2019enseignement-apprentissage<\/strong>&nbsp;:<\/li><\/ul>\n\n\n\n<div class=\"wp-block-file aligncenter\"><a href=\"https:\/\/blogs.univ-tlse2.fr\/ip3a\/files\/2020\/12\/IP3A-Ife_SCENARISATION.pdf\" target=\"_blank\" rel=\"noreferrer noopener\">IP3A-If\u00e9_SCENARISATION<\/a><a href=\"https:\/\/blogs.univ-tlse2.fr\/ip3a\/files\/2020\/12\/IP3A-Ife_SCENARISATION.pdf\" class=\"wp-block-file__button\" download>T\u00e9l\u00e9charger<\/a><\/div>\n\n\n\n<ul class=\"wp-block-list\"><li><strong>Sc\u00e9nario p\u00e9dagogique de l&rsquo;expos\u00e9 :<\/strong><\/li><\/ul>\n\n\n\n<div class=\"wp-block-file aligncenter\"><a href=\"https:\/\/blogs.univ-tlse2.fr\/ip3a\/files\/2020\/12\/IP3A-Ife_TacheExpose.pdf\" target=\"_blank\" rel=\"noreferrer noopener\">IP3A-If\u00e9_T\u00e2cheExpose<\/a><a href=\"https:\/\/blogs.univ-tlse2.fr\/ip3a\/files\/2020\/12\/IP3A-Ife_TacheExpose.pdf\" class=\"wp-block-file__button\" download>T\u00e9l\u00e9charger<\/a><\/div>\n\n\n\n<ul class=\"wp-block-list\"><li><strong>T\u00e2che d&rsquo;expos\u00e9 : <\/strong><a href=\"https:\/\/prismes.univ-toulouse.fr\/player.php?code=MLXSy2Up&amp;width=100%&amp;height=100%\" data-type=\"URL\" data-id=\"https:\/\/prismes.univ-toulouse.fr\/player.php?code=MLXSy2Up&amp;width=100%&amp;height=100%\" target=\"_blank\" rel=\"noreferrer noopener\">Vid\u00e9o de la conf\u00e9rence<\/a><\/li><\/ul>\n\n\n\n<hr class=\"wp-block-separator\" \/>\n\n\n\n<p class=\"has-text-align-left\">Vous trouverez ci-apr\u00e8s une pr\u00e9sentation des points cl\u00e9s de l\u2019activit\u00e9 de conception de ce dispositif :<\/p>\n\n\n\n<div class=\"wp-block-media-text alignwide is-stacked-on-mobile\"><figure class=\"wp-block-media-text__media\"><img loading=\"lazy\" decoding=\"async\" width=\"668\" height=\"1024\" src=\"https:\/\/blogs.univ-tlse2.fr\/ip3a\/files\/2020\/12\/IP3A-Ife_SYNTHESE-668x1024.jpg\" alt=\"\" class=\"wp-image-1157 size-full\" srcset=\"https:\/\/blogs.univ-tlse2.fr\/ip3a\/files\/2020\/12\/IP3A-Ife_SYNTHESE-668x1024.jpg 668w, https:\/\/blogs.univ-tlse2.fr\/ip3a\/files\/2020\/12\/IP3A-Ife_SYNTHESE-196x300.jpg 196w, https:\/\/blogs.univ-tlse2.fr\/ip3a\/files\/2020\/12\/IP3A-Ife_SYNTHESE-768x1178.jpg 768w, https:\/\/blogs.univ-tlse2.fr\/ip3a\/files\/2020\/12\/IP3A-Ife_SYNTHESE.jpg 836w\" sizes=\"auto, (max-width: 668px) 100vw, 668px\" \/><\/figure><div class=\"wp-block-media-text__content\">\n<div class=\"wp-block-file\"><a href=\"https:\/\/blogs.univ-tlse2.fr\/ip3a\/files\/2020\/12\/IP3A-Ife_SYNTHESE.pdf\">IP3A-If\u00e9_SYNTHESE<\/a><a href=\"https:\/\/blogs.univ-tlse2.fr\/ip3a\/files\/2020\/12\/IP3A-Ife_SYNTHESE.pdf\" class=\"wp-block-file__button\" download>T\u00e9l\u00e9charger<\/a><\/div>\n<\/div><\/div>\n\n\n\n<hr class=\"wp-block-separator\" \/>\n","protected":false},"excerpt":{"rendered":"<p>L\u2019If\u00e9&nbsp;\u2013 Centre Alain SAVARY*, dans le cadre d\u2019une mission de formation sur le \u00ab&nbsp;Travail personnel et apprentissage de l&rsquo;\u00e9l\u00e8ve&nbsp;\u00bb, a souhait\u00e9 proposer un \u00e9clairage sur le mod\u00e8le de \u00ab&nbsp;l\u2019Acte d\u2019APPRENDRE \u00e0 l\u2019\u00c9cole&nbsp;\u00bb&nbsp;du cadre IP3A.&nbsp; Cette ing\u00e9nierie traite de la conception d\u2019une conf\u00e9rence qui r\u00e9pond \u00e0 cette commande de formation (destin\u00e9e \u00e0 un public de professionnels [&hellip;]<\/p>\n","protected":false},"author":756,"featured_media":0,"comment_status":"closed","ping_status":"closed","sticky":false,"template":"","format":"standard","meta":{"footnotes":""},"categories":[190942],"tags":[],"class_list":["post-1160","post","type-post","status-publish","format-standard","hentry","category-manuel-musial"],"_links":{"self":[{"href":"https:\/\/blogs.univ-tlse2.fr\/ip3a\/wp-json\/wp\/v2\/posts\/1160","targetHints":{"allow":["GET"]}}],"collection":[{"href":"https:\/\/blogs.univ-tlse2.fr\/ip3a\/wp-json\/wp\/v2\/posts"}],"about":[{"href":"https:\/\/blogs.univ-tlse2.fr\/ip3a\/wp-json\/wp\/v2\/types\/post"}],"author":[{"embeddable":true,"href":"https:\/\/blogs.univ-tlse2.fr\/ip3a\/wp-json\/wp\/v2\/users\/756"}],"replies":[{"embeddable":true,"href":"https:\/\/blogs.univ-tlse2.fr\/ip3a\/wp-json\/wp\/v2\/comments?post=1160"}],"version-history":[{"count":22,"href":"https:\/\/blogs.univ-tlse2.fr\/ip3a\/wp-json\/wp\/v2\/posts\/1160\/revisions"}],"predecessor-version":[{"id":1795,"href":"https:\/\/blogs.univ-tlse2.fr\/ip3a\/wp-json\/wp\/v2\/posts\/1160\/revisions\/1795"}],"wp:attachment":[{"href":"https:\/\/blogs.univ-tlse2.fr\/ip3a\/wp-json\/wp\/v2\/media?parent=1160"}],"wp:term":[{"taxonomy":"category","embeddable":true,"href":"https:\/\/blogs.univ-tlse2.fr\/ip3a\/wp-json\/wp\/v2\/categories?post=1160"},{"taxonomy":"post_tag","embeddable":true,"href":"https:\/\/blogs.univ-tlse2.fr\/ip3a\/wp-json\/wp\/v2\/tags?post=1160"}],"curies":[{"name":"wp","href":"https:\/\/api.w.org\/{rel}","templated":true}]}}