 {"id":2099,"date":"2026-04-23T13:31:08","date_gmt":"2026-04-23T11:31:08","guid":{"rendered":"https:\/\/blogs.univ-tlse2.fr\/it-alien\/?p=2099"},"modified":"2026-04-23T15:13:18","modified_gmt":"2026-04-23T13:13:18","slug":"palantir-ovvero-una-filosofia-inquietante","status":"publish","type":"post","link":"https:\/\/blogs.univ-tlse2.fr\/it-alien\/2026\/04\/palantir-ovvero-una-filosofia-inquietante\/","title":{"rendered":"Palantir, ovvero una filosofia inquietante"},"content":{"rendered":"\n<figure class=\"wp-block-image size-full is-resized\"><img loading=\"lazy\" decoding=\"async\" width=\"435\" height=\"470\" src=\"https:\/\/blogs.univ-tlse2.fr\/it-alien\/files\/2026\/04\/palantir.jpg\" alt=\"\" class=\"wp-image-2100\" style=\"width:297px;height:auto\" srcset=\"https:\/\/blogs.univ-tlse2.fr\/it-alien\/files\/2026\/04\/palantir.jpg 435w, https:\/\/blogs.univ-tlse2.fr\/it-alien\/files\/2026\/04\/palantir-278x300.jpg 278w\" sizes=\"auto, (max-width: 435px) 100vw, 435px\" \/><\/figure>\n\n\n\n<p><em>Palantir<\/em>, non la \u00ab\u00a0pietra di visione\u00a0\u00bb del <em>Signore degli Anelli<\/em>, ma il colosso della sorveglianza fondato da Peter Thiel, ha pubblicato l&rsquo;anno scorso un manifesto ideologico in 22 punti. Il suo amministratore delegato Alex Karp, ex studente di filosofia, vi ammette ora senza mezzi termini ci\u00f2 che l\u2019azienda incarna realmente. Una confessione rivelatrice.<\/p>\n\n\n\n<!--more-->\n\n\n\n<p>Un&rsquo;azienda strategica del trumpismo si fregia di una filosofia inquietante e sceglie un momento curioso per farlo. Gli Stati Uniti sono impantanati in una guerra in Iran da cui nessuno sa come uscire, Trump accumula battute d&rsquo;arresto diplomatiche. Ed \u00e8 proprio ora che Palantir sceglie di pubblicare su X quello che presenta come una sintesi in 22 punti de La Repubblica tecnologica, il libro del suo CEO.<\/p>\n\n\n\n<p>Una sintesi o un manifesto, a seconda che si attribuisca o meno un\u2019intenzione programmatica a questo documento, immediatamente ripreso dai media di tutto il mondo. Vi si pu\u00f2 leggere, tra gli altri brani selezionati, che alcune culture non occidentali sono \u201cdisfunzionali e regressive\u201d o che \u201cdobbiamo resistere alla tentazione superficiale di un pluralismo vuoto e privo di significato\u201d.<\/p>\n\n\n\n<p><strong>Palantir, l&rsquo;azienda fondata dopo l\u201911 settembre da Alex Karp e Peter Thiel<\/strong><\/p>\n\n\n\n<p>Fondata da Alex Karp e dal miliardario reazionario Peter Thiel, Palantir prende il nome dal folklore de <em>Il Signore degli Anelli <\/em>\u2014 il palantir \u00e8 una pietra che permette di vedere a distanza \u2014 e, proprio come nell\u2019opera di Tolkien, i software di Karp e Thiel promettono di rendere visibile ci\u00f2 che non lo \u00e8, elaborando grandi volumi di dati. Tra i clienti: l\u2019ICE, la polizia dell\u2019immigrazione di Trump, che la utilizza per rintracciare le persone indesiderate; l\u2019esercito, che ne ha bisogno per individuare sempre pi\u00f9 obiettivi, o pi\u00f9 vicino, la DGSI francese, che ha firmato un contratto al momento degli attentati del 2015.<\/p>\n\n\n\n<p>Come Thiel, Alex Karp \u00e8 un miliardario che aspira al riconoscimento intellettuale. Ha inoltre discusso una tesi di filosofia a Francoforte, nell\u2019orbita di J\u00fcrgen Habermas, il grande teorico della deliberazione democratica, scomparso il mese scorso. Habermas difendeva un\u2019idea semplice, che viene chiamata \u00ab\u00a0teoria dell\u2019agire comunicativo\u00a0\u00bb. In poche parole: la ragione umana si esprime nella capacit\u00e0 degli esseri umani di mettersi d\u2019accordo attraverso il linguaggio e l\u2019argomentazione.<\/p>\n\n\n\n<figure class=\"wp-block-image size-large is-resized\"><img loading=\"lazy\" decoding=\"async\" width=\"990\" height=\"660\" src=\"https:\/\/blogs.univ-tlse2.fr\/it-alien\/files\/2026\/04\/Habermas-990x660.png\" alt=\"\" class=\"wp-image-2106\" style=\"aspect-ratio:1.4999999660412715;width:378px;height:auto\" srcset=\"https:\/\/blogs.univ-tlse2.fr\/it-alien\/files\/2026\/04\/Habermas-990x660.png 990w, https:\/\/blogs.univ-tlse2.fr\/it-alien\/files\/2026\/04\/Habermas-300x200.png 300w, https:\/\/blogs.univ-tlse2.fr\/it-alien\/files\/2026\/04\/Habermas-768x512.png 768w, https:\/\/blogs.univ-tlse2.fr\/it-alien\/files\/2026\/04\/Habermas.png 1098w\" sizes=\"auto, (max-width: 767px) 89vw, (max-width: 1000px) 54vw, (max-width: 1071px) 543px, 580px\" \/><\/figure>\n\n\n\n<p>J\u00fcrgen Habermas : il pensiero agli antipodi di Karp<\/p>\n\n\n\n<p>E ci\u00f2 che minaccia questo ideale \u00e8 quella che lui definisce la \u00abcolonizzazione del mondo vissuto\u00bb: il momento in cui la logica del mercato e quella del potere burocratico invadono spazi che dovrebbero rimanere governati dal dialogo. E questo non \u00e8 esattamente il campo di competenza di Alex Karp\u2026 Secondo Karp, discutere dei pericoli dell\u2019IA rientra in una \u00abprudenza corrosiva\u00bb. Dobbiamo smetterla con i nostri \u201cdibattiti teatrali\u201d sulle tecnologie pi\u00f9 pericolose.<\/p>\n\n\n\n<p><strong>Un mini-manifesto, secondo Alex Karp<\/strong><strong><\/strong><\/p>\n\n\n\n<p>Qualche giorno fa ha pubblicato un sorprendente necrologio di Habermas sul sito Politico: vi racconta nei minimi dettagli come il maestro lo abbia bocciato e come quel rifiuto fondamentale lo abbia spinto a fondare Palantir. Alex Karp ha dedicato la sua tesi ai gerghi, quelle affermazioni che contraddicono la loro stessa pretesa di verit\u00e0, ma consentono ai loro autori di apparire rispettabili pur esprimendo desideri riprovevoli.<\/p>\n\n\n\n<p>Questo mini-manifesto ne \u00e8 l&rsquo;esempio perfetto: idee spietate formulate in un linguaggio freddo in ventidue punti numerati sull&rsquo;account ufficiale di un&rsquo;azienda quotata in borsa. Palantir \u00e8 l\u2019esatto opposto delle idee difese da Habermas: con Palantir, Karp vuole proteggere il mercato \u2014 il suo \u2014 dalla democrazia, dalle sue necessarie deliberazioni e dai suoi inevitabili attriti. Pi\u00f9 che un\u2019azienda di sorveglianza, \u00e8 una terrificante teoria dello Stato.<\/p>\n\n\n\n<p>A ben vedere, c\u2019\u00e8 qualcosa di vertiginoso in questo percorso. Il giovane Karp aveva teorizzato il meccanismo attraverso il quale la violenza riesce a nascondersi. Ma il Karp di Palantir ha trascorso gli ultimi vent\u2019anni a industrializzarlo. Ma non bisogna certo vederci il tradimento di un ideale giovanile: sono le armi della teoria critica rivolte contro se stesse da un\u2019impresa impegnata nella battaglia culturale.<\/p>\n\n\n\n<p>Dirlo ora, in modo cos\u00ec crudo, \u00e8 il segno che il progetto di Palantir \u00e8 sufficientemente avanzato, sufficientemente integrato nelle infrastrutture americane ed europee, da non dover pi\u00f9 nemmeno procedere sotto mentite spoglie.<\/p>\n\n\n\n<p>(L&rsquo;articolo in francese \u00e8 sul sito di France Culture)<\/p>\n\n\n\n<p>Un complemento d&rsquo;indagine sul sito <a href=\"https:\/\/www.ladn.eu\/tech-a-suivre\/le-manifesto-crypto-fasciste-de-palantir-donne-le-malaise-et-cest-voulu\/\">L&rsquo;ADN<\/a> <\/p>\n","protected":false},"excerpt":{"rendered":"<p>Palantir, non la \u00ab\u00a0pietra di visione\u00a0\u00bb del Signore degli Anelli, ma il colosso della sorveglianza fondato da Peter Thiel, ha pubblicato l&rsquo;anno scorso un manifesto ideologico in 22 punti. Il suo amministratore delegato Alex Karp, ex studente di filosofia, vi ammette ora senza mezzi termini ci\u00f2 che l\u2019azienda incarna realmente. Una confessione rivelatrice.<\/p>\n","protected":false},"author":979,"featured_media":0,"comment_status":"closed","ping_status":"","sticky":false,"template":"","format":"standard","meta":{"footnotes":""},"categories":[177670],"tags":[],"class_list":["post-2099","post","type-post","status-publish","format-standard","hentry","category-carta-bianca-espace-decriture"],"_links":{"self":[{"href":"https:\/\/blogs.univ-tlse2.fr\/it-alien\/wp-json\/wp\/v2\/posts\/2099","targetHints":{"allow":["GET"]}}],"collection":[{"href":"https:\/\/blogs.univ-tlse2.fr\/it-alien\/wp-json\/wp\/v2\/posts"}],"about":[{"href":"https:\/\/blogs.univ-tlse2.fr\/it-alien\/wp-json\/wp\/v2\/types\/post"}],"author":[{"embeddable":true,"href":"https:\/\/blogs.univ-tlse2.fr\/it-alien\/wp-json\/wp\/v2\/users\/979"}],"replies":[{"embeddable":true,"href":"https:\/\/blogs.univ-tlse2.fr\/it-alien\/wp-json\/wp\/v2\/comments?post=2099"}],"version-history":[{"count":5,"href":"https:\/\/blogs.univ-tlse2.fr\/it-alien\/wp-json\/wp\/v2\/posts\/2099\/revisions"}],"predecessor-version":[{"id":2107,"href":"https:\/\/blogs.univ-tlse2.fr\/it-alien\/wp-json\/wp\/v2\/posts\/2099\/revisions\/2107"}],"wp:attachment":[{"href":"https:\/\/blogs.univ-tlse2.fr\/it-alien\/wp-json\/wp\/v2\/media?parent=2099"}],"wp:term":[{"taxonomy":"category","embeddable":true,"href":"https:\/\/blogs.univ-tlse2.fr\/it-alien\/wp-json\/wp\/v2\/categories?post=2099"},{"taxonomy":"post_tag","embeddable":true,"href":"https:\/\/blogs.univ-tlse2.fr\/it-alien\/wp-json\/wp\/v2\/tags?post=2099"}],"curies":[{"name":"wp","href":"https:\/\/api.w.org\/{rel}","templated":true}]}}