 {"id":1102,"date":"2018-01-07T21:18:00","date_gmt":"2018-01-07T20:18:00","guid":{"rendered":"https:\/\/blogs.univ-tlse2.fr\/master-ethiquedusoin\/?p=1102"},"modified":"2018-01-07T21:18:00","modified_gmt":"2018-01-07T20:18:00","slug":"information-et-cognition-une-conference-de-sebastien-miravete","status":"publish","type":"post","link":"https:\/\/blogs.univ-tlse2.fr\/master-ethiquedusoin\/2018\/01\/07\/information-et-cognition-une-conference-de-sebastien-miravete\/","title":{"rendered":"Information et Cognition, une conf\u00e9rence de S\u00e9bastien Mirav\u00e8te"},"content":{"rendered":"<p style=\"text-align: justify\">Mardi 9 janvier \u00e0 14h, nous aurons le plaisir de recevoir\u00a0S\u00e9bastien Mirav\u00e8te qui pr\u00e9sentera une conf\u00e9rence sur le th\u00e8me \u00ab\u00a0Information et Cognition\u00a0\u00bb (salle de cours de M1).<\/p>\n<p style=\"text-align: justify\">S\u00e9bastien Mirav\u00e8te est Docteur en philosophie au laboratoire ERRAPHIS, membre du groupe PhiSciVi, jeune docteur en psychologie cognitive au laboratoire CLLE-LTC. Titulaire d&rsquo;une licence de math\u00e9matiques et de sciences cognitives. Professeur des \u00e9coles et enseignant en philosophie \u00e0 l&rsquo;UT2. Ses recherches en philosophie et en sciences humaines portent actuellement sur le concept de relation (relation sociale, relation homme-machine, homme-animal, syst\u00e9mique, structuralisme, cognitivisme).<\/p>\n","protected":false},"excerpt":{"rendered":"<p>Mardi 9 janvier \u00e0 14h, nous aurons le plaisir de recevoir\u00a0S\u00e9bastien Mirav\u00e8te qui pr\u00e9sentera une conf\u00e9rence sur le th\u00e8me \u00ab\u00a0Information et Cognition\u00a0\u00bb (salle de cours de M1). S\u00e9bastien Mirav\u00e8te est Docteur en philosophie au laboratoire ERRAPHIS, membre du groupe PhiSciVi, jeune docteur en psychologie cognitive au laboratoire CLLE-LTC. Titulaire d&rsquo;une licence de math\u00e9matiques et de &hellip; <\/p>\n<p class=\"link-more\"><a href=\"https:\/\/blogs.univ-tlse2.fr\/master-ethiquedusoin\/2018\/01\/07\/information-et-cognition-une-conference-de-sebastien-miravete\/\" class=\"more-link\">Continuer la lecture<span class=\"screen-reader-text\"> de &laquo;&nbsp;Information et Cognition, une conf\u00e9rence de S\u00e9bastien Mirav\u00e8te&nbsp;&raquo;<\/span><\/a><\/p>\n","protected":false},"author":405,"featured_media":1103,"comment_status":"open","ping_status":"open","sticky":false,"template":"","format":"quote","meta":{"footnotes":"","_links_to":"","_links_to_target":""},"categories":[1],"tags":[],"class_list":["post-1102","post","type-post","status-publish","format-quote","has-post-thumbnail","hentry","category-non-classe","post_format-post-format-quote"],"_links":{"self":[{"href":"https:\/\/blogs.univ-tlse2.fr\/master-ethiquedusoin\/wp-json\/wp\/v2\/posts\/1102","targetHints":{"allow":["GET"]}}],"collection":[{"href":"https:\/\/blogs.univ-tlse2.fr\/master-ethiquedusoin\/wp-json\/wp\/v2\/posts"}],"about":[{"href":"https:\/\/blogs.univ-tlse2.fr\/master-ethiquedusoin\/wp-json\/wp\/v2\/types\/post"}],"author":[{"embeddable":true,"href":"https:\/\/blogs.univ-tlse2.fr\/master-ethiquedusoin\/wp-json\/wp\/v2\/users\/405"}],"replies":[{"embeddable":true,"href":"https:\/\/blogs.univ-tlse2.fr\/master-ethiquedusoin\/wp-json\/wp\/v2\/comments?post=1102"}],"version-history":[{"count":1,"href":"https:\/\/blogs.univ-tlse2.fr\/master-ethiquedusoin\/wp-json\/wp\/v2\/posts\/1102\/revisions"}],"predecessor-version":[{"id":1104,"href":"https:\/\/blogs.univ-tlse2.fr\/master-ethiquedusoin\/wp-json\/wp\/v2\/posts\/1102\/revisions\/1104"}],"wp:featuredmedia":[{"embeddable":true,"href":"https:\/\/blogs.univ-tlse2.fr\/master-ethiquedusoin\/wp-json\/wp\/v2\/media\/1103"}],"wp:attachment":[{"href":"https:\/\/blogs.univ-tlse2.fr\/master-ethiquedusoin\/wp-json\/wp\/v2\/media?parent=1102"}],"wp:term":[{"taxonomy":"category","embeddable":true,"href":"https:\/\/blogs.univ-tlse2.fr\/master-ethiquedusoin\/wp-json\/wp\/v2\/categories?post=1102"},{"taxonomy":"post_tag","embeddable":true,"href":"https:\/\/blogs.univ-tlse2.fr\/master-ethiquedusoin\/wp-json\/wp\/v2\/tags?post=1102"}],"curies":[{"name":"wp","href":"https:\/\/api.w.org\/{rel}","templated":true}]}}