 {"id":1143,"date":"2018-01-31T19:06:43","date_gmt":"2018-01-31T18:06:43","guid":{"rendered":"https:\/\/blogs.univ-tlse2.fr\/master-ethiquedusoin\/?p=1143"},"modified":"2018-01-31T19:09:04","modified_gmt":"2018-01-31T18:09:04","slug":"autonomie-et-soin-journee-detude","status":"publish","type":"post","link":"https:\/\/blogs.univ-tlse2.fr\/master-ethiquedusoin\/2018\/01\/31\/autonomie-et-soin-journee-detude\/","title":{"rendered":"Autonomie et soin &#8211; Journ\u00e9e d&rsquo;\u00e9tude"},"content":{"rendered":"<p style=\"text-align: justify\">Une rencontre pluridisciplinaire &#8211; philosophie, psychologie, sciences de l&rsquo;\u00e9ducation &#8211; se tiendra sur le th\u00e8me de l&rsquo;autonomie dans les soins, le lundi 12 f\u00e9vrier \u00e0 partir de 14h \u00e0 l&rsquo;amphi 4 dans le b\u00e2timent Olympe de Gouges.<\/p>\n<p>Avec Yasuhiko Murakami, Rapha\u00ebl Ayache, Mich\u00e8le Saint-Jean, Patrick Lartiguet et Flora Bastiani.<\/p>\n<p>Ouverte \u00e0 tous sur Inscription : &#x63;o&#x6c;l&#x6f;&#113;&#x75;&#x65;&#46;&#x70;h&#x69;&#108;&#x6f;&#46;t&#x6f;u&#x6c;&#111;&#x75;&#115;e&#x40;g&#x6d;a&#x69;&#108;&#46;&#x63;o&#x6d;<\/p>\n<p style=\"text-align: justify\"><strong>Programme de la rencontre :<\/strong><\/p>\n<p>14h. Introduction<a style=\"font-size: 1rem\" href=\"https:\/\/www.facebook.com\/events\/1578010652247370\/\"><br \/>\n<\/a><a href=\"https:\/\/www.facebook.com\/flora.bastiani\">Flora Bastiani<\/a><a style=\"font-size: 1rem\" href=\"https:\/\/www.facebook.com\/events\/1578010652247370\/\">,<\/a> chercheure en philosophie-\u00e9thique de la sant\u00e9 \u00e0 l&rsquo;UT2<\/p>\n<p>14h30. \u00ab Partenariat de soin et autonomie du patient \u00bb<span class=\"text_exposed_show\"><br \/>\nMich\u00e8le Saint-Jean, chercheure en sciences de l&rsquo;\u00e9ducation \u00e0 l&rsquo;UT2 et Patrick Lartiguet, pr\u00e9sident de l\u2019Association Savoirs Patients et directeur de la fondation En Sant\u00e9\u2026<\/span><\/p>\n<p><span class=\"text_exposed_show\">15h30. \u00ab A l&rsquo;\u00e9preuve de la douleur&#8230; \u00bb<\/span><a style=\"font-size: 1rem\" href=\"https:\/\/www.facebook.com\/events\/1578010652247370\/\"><span class=\"text_exposed_show\"><br \/>\n<\/span><\/a><a href=\"https:\/\/www.facebook.com\/raphael.ayache.5\">Raphael Ayache<\/a>, psychologue \u00e0 la clinique du Parc, doctorant en psychologie \u00e0 l&rsquo;UT2<\/p>\n<p>16h30. \u00ab D\u00e9sir et force &#8211; un cas de soin \u00e0 domicile \u00bb<br \/>\n<a href=\"https:\/\/www.facebook.com\/yasuhiko.murakami.9\">Yasuhiko Murakami<\/a>, chercheur en philosophie \u00e0 l&rsquo;Universit\u00e9 d&rsquo;Osaka (Japon)<\/p>\n<p style=\"text-align: justify\"><a href=\"https:\/\/www.facebook.com\/events\/1578010652247370\/\">Lien vers l&rsquo;\u00e9v\u00e9nement Facebook\u00a0<\/a><\/p>\n","protected":false},"excerpt":{"rendered":"<p>Une rencontre pluridisciplinaire &#8211; philosophie, psychologie, sciences de l&rsquo;\u00e9ducation &#8211; se tiendra sur le th\u00e8me de l&rsquo;autonomie dans les soins, le lundi 12 f\u00e9vrier \u00e0 partir de 14h \u00e0 l&rsquo;amphi 4 dans le b\u00e2timent Olympe de Gouges. Avec Yasuhiko Murakami, Rapha\u00ebl Ayache, Mich\u00e8le Saint-Jean, Patrick Lartiguet et Flora Bastiani. Ouverte \u00e0 tous sur Inscription : &hellip; <\/p>\n<p class=\"link-more\"><a href=\"https:\/\/blogs.univ-tlse2.fr\/master-ethiquedusoin\/2018\/01\/31\/autonomie-et-soin-journee-detude\/\" class=\"more-link\">Continuer la lecture<span class=\"screen-reader-text\"> de &laquo;&nbsp;Autonomie et soin &#8211; Journ\u00e9e d&rsquo;\u00e9tude&nbsp;&raquo;<\/span><\/a><\/p>\n","protected":false},"author":405,"featured_media":1142,"comment_status":"open","ping_status":"open","sticky":false,"template":"","format":"quote","meta":{"footnotes":"","_links_to":"","_links_to_target":""},"categories":[1],"tags":[],"class_list":["post-1143","post","type-post","status-publish","format-quote","has-post-thumbnail","hentry","category-non-classe","post_format-post-format-quote"],"_links":{"self":[{"href":"https:\/\/blogs.univ-tlse2.fr\/master-ethiquedusoin\/wp-json\/wp\/v2\/posts\/1143","targetHints":{"allow":["GET"]}}],"collection":[{"href":"https:\/\/blogs.univ-tlse2.fr\/master-ethiquedusoin\/wp-json\/wp\/v2\/posts"}],"about":[{"href":"https:\/\/blogs.univ-tlse2.fr\/master-ethiquedusoin\/wp-json\/wp\/v2\/types\/post"}],"author":[{"embeddable":true,"href":"https:\/\/blogs.univ-tlse2.fr\/master-ethiquedusoin\/wp-json\/wp\/v2\/users\/405"}],"replies":[{"embeddable":true,"href":"https:\/\/blogs.univ-tlse2.fr\/master-ethiquedusoin\/wp-json\/wp\/v2\/comments?post=1143"}],"version-history":[{"count":4,"href":"https:\/\/blogs.univ-tlse2.fr\/master-ethiquedusoin\/wp-json\/wp\/v2\/posts\/1143\/revisions"}],"predecessor-version":[{"id":1147,"href":"https:\/\/blogs.univ-tlse2.fr\/master-ethiquedusoin\/wp-json\/wp\/v2\/posts\/1143\/revisions\/1147"}],"wp:featuredmedia":[{"embeddable":true,"href":"https:\/\/blogs.univ-tlse2.fr\/master-ethiquedusoin\/wp-json\/wp\/v2\/media\/1142"}],"wp:attachment":[{"href":"https:\/\/blogs.univ-tlse2.fr\/master-ethiquedusoin\/wp-json\/wp\/v2\/media?parent=1143"}],"wp:term":[{"taxonomy":"category","embeddable":true,"href":"https:\/\/blogs.univ-tlse2.fr\/master-ethiquedusoin\/wp-json\/wp\/v2\/categories?post=1143"},{"taxonomy":"post_tag","embeddable":true,"href":"https:\/\/blogs.univ-tlse2.fr\/master-ethiquedusoin\/wp-json\/wp\/v2\/tags?post=1143"}],"curies":[{"name":"wp","href":"https:\/\/api.w.org\/{rel}","templated":true}]}}