 {"id":1249,"date":"2018-06-14T15:17:33","date_gmt":"2018-06-14T13:17:33","guid":{"rendered":"https:\/\/blogs.univ-tlse2.fr\/master-ethiquedusoin\/?p=1249"},"modified":"2018-06-24T18:12:18","modified_gmt":"2018-06-24T16:12:18","slug":"calendrier-des-soutenances-de-memoire-de-m2-2018","status":"publish","type":"post","link":"https:\/\/blogs.univ-tlse2.fr\/master-ethiquedusoin\/2018\/06\/14\/calendrier-des-soutenances-de-memoire-de-m2-2018\/","title":{"rendered":"Calendrier des soutenances de M\u00e9moire de M2 2018"},"content":{"rendered":"<p style=\"text-align: justify\">Le 3 mai \u00e0 15h, Cit\u00e9 de la Sant\u00e9, salle 3\u00a0: soutenance de Mme Connie Tuerlings pour son m\u00e9moire intitul\u00e9\u00a0: \u00ab\u00a0O\u00f9 est le sujet\/objet en psychiatrie\u00a0?\u00a0\u00bb. Jury compos\u00e9 de Mme Flora Bastiani et Docteur Pascale Ildis.<\/p>\n<p style=\"text-align: justify\">Le 17 mai \u00e0 9h, UT1, salle AR122\u00a0: soutenance de Mme Roxanne Cedelle pour son m\u00e9moire intitul\u00e9\u00a0: \u00ab\u00a0Le temps dans les soins palliatifs\u00a0\u00bb. Jury compos\u00e9 de Mme Flora Bastiani et Mme Fr\u00e9d\u00e9rique De La Morena<\/p>\n<p style=\"text-align: justify\">Le 11 juin \u00e0 14h, UT2, bureau GA256\u00a0: soutenance de Mme H\u00e9lo\u00efse Hiron pour son m\u00e9moire intitul\u00e9\u00a0: \u00ab\u00a0A qui appartient le corps du soldat ?\u00a0\u00bb. Jury compos\u00e9 de M. David Messelker, Mme Flora Bastiani et M. Pierre Montebello.<\/p>\n<p style=\"text-align: justify\">Le 19 juin \u00e0 11h, Cit\u00e9 de la Sant\u00e9, salle 1\u00a0: soutenance de Mme Charlotte Piarulli pour son m\u00e9moire intitul\u00e9\u00a0: \u00ab\u00a0Le dire en milieu de soin\u00a0\u00bb. Jury compos\u00e9 de Mme Poirot-Maz\u00e8res , Mme Flora Bastiani et M. S\u00e9bastien Couarraze.<\/p>\n<p style=\"text-align: justify\">Le 19 juin \u00e0 14h, UT2, bureau GA256\u00a0: soutenance de M. L\u00e9o Trocm\u00e9-Nadal pour son m\u00e9moire intitul\u00e9\u00a0: \u00ab\u00a0Emergence et information, les enjeux \u00e9pist\u00e9mologiques et politiques de l\u2019usage du Big Data dans les sciences du vivant\u00a0\u00bb. Jury compos\u00e9 de M. Emmanuel Barot, Mme Bastiani et M. Isaac Hernandez.<\/p>\n<p style=\"text-align: justify\">Le 20 juin \u00e0 14h, UT2, bureau GA256\u00a0: soutenance de Mme Jeanne Bertona pour son m\u00e9moire intitul\u00e9\u00a0: \u00ab\u00a0Le rapport affectif de l\u2019humain avec les robots et agents conversationnels\u00a0\u00bb. Jury compos\u00e9 de M. S\u00e9bastien Mirav\u00e8te et Mme Flora Bastiani.<\/p>\n<p style=\"text-align: justify\">Le 25 juin \u00e0 8h, Paule de Viguier, salle de r\u00e9union du CECOS, soutenance de Mme Lisa F\u00e9riol pour son m\u00e9moire intitul\u00e9\u00a0: \u00ab\u00a0Les nouvelles technologies en g\u00e9n\u00e9tique m\u00e9dicale ; comment l\u00e9gitimer une r\u00e9gulation \u00e0 leur acc\u00e8s ; quel humain de demain ?\u00a0\u00bb. Jury compos\u00e9 du Docteur Louis Bujan, M. Paul-Antoine Miquel et M. Isaac Hernandez.<\/p>\n<p style=\"text-align: justify\">Le 25 juin \u00e0 10h, UT1, bureau AR145\u00a0: soutenance de M. Pierre Roda pour son m\u00e9moire intitul\u00e9\u00a0: \u00ab\u00a0Y a-t-il un devoir de v\u00e9rit\u00e9 chez les patients adultes atteints de maladie(s) incurable(s) ?\u00a0\u00bb. Jury compos\u00e9 de M. Xavier Bioy, Docteur Emilie Gilbert-Fontan et Mme Flora Bastiani.<\/p>\n<p style=\"text-align: justify\">Le 28 juin \u00e0 9h, UT2, bureau GA256\u00a0: soutenance de Mme Juliette Dumont pour son m\u00e9moire intitul\u00e9\u00a0: \u00ab\u00a0L\u2019ing\u00e9rence de la technique dans les soins en obst\u00e9trique, quelle influence sur la patiente ?\u00a0\u00bb. Jury compos\u00e9 de Mme Sophie Lef\u00e8vre et Mme Flora Bastiani.<\/p>\n<p style=\"text-align: justify\">Le 28 juin \u00e0 14h, (lieu \u00e0 pr\u00e9ciser)\u00a0: soutenance de Mme B\u00e9atrice Galibert pour son m\u00e9moire intitul\u00e9\u00a0: \u00ab\u00a0L\u2019accompagnement des \u00e9tudiants infirmiers en stage par les soignants\u00a0\u00bb. Jury compos\u00e9 de Mme Nadia P\u00e9oc\u2019h et Mme Flora Bastiani.<\/p>\n","protected":false},"excerpt":{"rendered":"<p>Le 3 mai \u00e0 15h, Cit\u00e9 de la Sant\u00e9, salle 3\u00a0: soutenance de Mme Connie Tuerlings pour son m\u00e9moire intitul\u00e9\u00a0: \u00ab\u00a0O\u00f9 est le sujet\/objet en psychiatrie\u00a0?\u00a0\u00bb. Jury compos\u00e9 de Mme Flora Bastiani et Docteur Pascale Ildis. Le 17 mai \u00e0 9h, UT1, salle AR122\u00a0: soutenance de Mme Roxanne Cedelle pour son m\u00e9moire intitul\u00e9\u00a0: \u00ab\u00a0Le temps &hellip; <\/p>\n<p class=\"link-more\"><a href=\"https:\/\/blogs.univ-tlse2.fr\/master-ethiquedusoin\/2018\/06\/14\/calendrier-des-soutenances-de-memoire-de-m2-2018\/\" class=\"more-link\">Continuer la lecture<span class=\"screen-reader-text\"> de &laquo;&nbsp;Calendrier des soutenances de M\u00e9moire de M2 2018&nbsp;&raquo;<\/span><\/a><\/p>\n","protected":false},"author":405,"featured_media":0,"comment_status":"open","ping_status":"open","sticky":false,"template":"","format":"quote","meta":{"footnotes":"","_links_to":"","_links_to_target":""},"categories":[1],"tags":[],"class_list":["post-1249","post","type-post","status-publish","format-quote","hentry","category-non-classe","post_format-post-format-quote"],"_links":{"self":[{"href":"https:\/\/blogs.univ-tlse2.fr\/master-ethiquedusoin\/wp-json\/wp\/v2\/posts\/1249","targetHints":{"allow":["GET"]}}],"collection":[{"href":"https:\/\/blogs.univ-tlse2.fr\/master-ethiquedusoin\/wp-json\/wp\/v2\/posts"}],"about":[{"href":"https:\/\/blogs.univ-tlse2.fr\/master-ethiquedusoin\/wp-json\/wp\/v2\/types\/post"}],"author":[{"embeddable":true,"href":"https:\/\/blogs.univ-tlse2.fr\/master-ethiquedusoin\/wp-json\/wp\/v2\/users\/405"}],"replies":[{"embeddable":true,"href":"https:\/\/blogs.univ-tlse2.fr\/master-ethiquedusoin\/wp-json\/wp\/v2\/comments?post=1249"}],"version-history":[{"count":4,"href":"https:\/\/blogs.univ-tlse2.fr\/master-ethiquedusoin\/wp-json\/wp\/v2\/posts\/1249\/revisions"}],"predecessor-version":[{"id":1269,"href":"https:\/\/blogs.univ-tlse2.fr\/master-ethiquedusoin\/wp-json\/wp\/v2\/posts\/1249\/revisions\/1269"}],"wp:attachment":[{"href":"https:\/\/blogs.univ-tlse2.fr\/master-ethiquedusoin\/wp-json\/wp\/v2\/media?parent=1249"}],"wp:term":[{"taxonomy":"category","embeddable":true,"href":"https:\/\/blogs.univ-tlse2.fr\/master-ethiquedusoin\/wp-json\/wp\/v2\/categories?post=1249"},{"taxonomy":"post_tag","embeddable":true,"href":"https:\/\/blogs.univ-tlse2.fr\/master-ethiquedusoin\/wp-json\/wp\/v2\/tags?post=1249"}],"curies":[{"name":"wp","href":"https:\/\/api.w.org\/{rel}","templated":true}]}}