 {"id":1360,"date":"2018-11-23T16:36:07","date_gmt":"2018-11-23T15:36:07","guid":{"rendered":"https:\/\/blogs.univ-tlse2.fr\/master-ethiquedusoin\/?p=1360"},"modified":"2018-12-05T22:35:56","modified_gmt":"2018-12-05T21:35:56","slug":"privation-de-liberte-et-relation-de-soin-journee-detude","status":"publish","type":"post","link":"https:\/\/blogs.univ-tlse2.fr\/master-ethiquedusoin\/2018\/11\/23\/privation-de-liberte-et-relation-de-soin-journee-detude\/","title":{"rendered":"\u00ab\u00a0Privation de libert\u00e9 et relation de soin\u00a0\u00bb &#8211; journ\u00e9e d&rsquo;\u00e9tude"},"content":{"rendered":"<p style=\"text-align: justify\">Cette journ\u00e9e d\u2019\u00e9tude aura lieu le 7 d\u00e9cembre 2018 \u00e0 l&rsquo;universit\u00e9 Toulouse Jean Jaur\u00e8s.<\/p>\n<p style=\"text-align: justify\">Elle vise \u00e0 interroger la singularit\u00e9 de la relation soignant-patient du monde carc\u00e9ral. En outre, elle cible le questionnement des diff\u00e9rentes finalit\u00e9s qui peuvent guider le personnel m\u00e9dical intervenant aupr\u00e8s des d\u00e9tenus, et ce, en terme d\u2019enjeux \u00e9thique, juridique et m\u00e9dical. Dans un contexte de saturation des prisons, d&rsquo;insalubrit\u00e9 ambiante et de mauvaises conditions sanitaires g\u00e9n\u00e9rales de d\u00e9tention, de fortes violences peuvent na\u00eetre, ce qui a amen\u00e9 la CEDH \u00e0 condamner la France \u00e0 plusieurs reprises . De plus, la prison, d\u00e9crite comme une \u00ab passion contemporaine \u00bb (D. Fassin) appara\u00eet comme le lieux de surveillance et de contr\u00f4le des corps. Alors que l\u2019enfermement constitu\u00e9 par la vie en prison a une incidence directe sur l\u2019apparition de dysfonctionnements physiques et psychiques, se pose in\u00e9vitablement la question de la qualit\u00e9 de la relation de soin donn\u00e9 aux d\u00e9tenus. Ainsi, comment le conditionnement social dirigeant la perception du d\u00e9tenu d\u00e9termine-t-il la relation de soin dans le milieu carc\u00e9ral ? Am\u00e9liorer la m\u00e9decine p\u00e9nitentiaire impliquerait-il n\u00e9cessairement de repenser la prison dans son ensemble?<\/p>\n<p style=\"text-align: justify\">L&rsquo;entr\u00e9e est libre et ouverte \u00e0 toutes et tous mais l&rsquo;inscription est obligatoire. Les personnes souhaitant assister \u00e0 la journ\u00e9e sont invit\u00e9es <a href=\"https:\/\/doodle.com\/poll\/shpqcimyg6be3fer?fbclid=IwAR1BgKeJ6EgKXuWHrdaXAIj0abYxdWXlYAWwI-tPYZUX-WpmrIqS80bG8A8\">\u00e0 s&rsquo;inscrire ici<\/a>.<\/p>\n<p>&nbsp;<\/p>\n<p style=\"text-align: center\"><strong>Programme\u00a0<\/strong><\/p>\n<p style=\"text-align: justify\">8h30 : Accueil des participants<\/p>\n<p style=\"text-align: justify\">8h45 : Introduction &#8211; Maissane Maraval, No\u00e9mie Dubruel et Charline Turres, \u00e9tudiantes\u00a0en Master Ethique du Soin et Recherche<\/p>\n<p style=\"text-align: justify\">9h15 : Aurore Filiquier et Sylvie Rossato, Infirmi\u00e8res \u00e0 l&rsquo;UHSI : \u00ab Retour d&rsquo;exp\u00e9rience du\u00a0soin en milieu carc\u00e9ral \u00bb<\/p>\n<p style=\"text-align: justify\">10h : Cl\u00e9mence No\u00ebl, Charg\u00e9e de projet en milieu carc\u00e9ral pour l&rsquo;association Aides : \u00ab La\u00a0sant\u00e9 communautaire en prison \u00bb<\/p>\n<p style=\"text-align: justify\">10h45 : Pause<\/p>\n<p style=\"text-align: justify\">11h : Quentin Oliveres : \u00ab Exp\u00e9rience en tant qu&rsquo;ancien d\u00e9tenu par rapport \u00e0 la m\u00e9decine\u00a0p\u00e9nitentiaire \u00bb<\/p>\n<p style=\"text-align: justify\">11h45 : Pierre Buhlmann, Enseignant en philosophie : \u00ab D\u00e9linquance et m\u00e9decine\u00a0p\u00e9nitentiaire : Michel Foucault, la prison, et la production des savoirs sur l&rsquo;homme. \u00bb<\/p>\n<p style=\"text-align: justify\">12h30 : Pause d\u00e9jeuner<\/p>\n<p style=\"text-align: justify\">13h45 : Elhame Farchich, Tiphaine Bayou et Jocelyn, B\u00e9n\u00e9voles pour l&rsquo;association\u00a0Genepi Toulouse : \u00ab Le soin et les lieux de privation de libert\u00e9 \u00bb<\/p>\n<p style=\"text-align: justify\">14h30 : Alexandra Cure et C\u00e9line Faurel, Infirmi\u00e8res au CMPR de Seysses et de Muret :\u00a0\u00ab Attentes et possibles dans la psychiatrie en milieu p\u00e9nitentiaire \u00bb<\/p>\n<p style=\"text-align: justify\">15h : Pause<\/p>\n<p style=\"text-align: justify\">16h : Aude Lagarrigue, Pr\u00e9sidente du Comit\u00e9 \u00c9thique Hospitalier et praticienne\u00a0hospitali\u00e8re \u00e0 l&rsquo;UHSI : \u00ab Ethique du soin en milieu carc\u00e9ral : une impasse\u00a0d\u00e9ontologique ? \u00bb<\/p>\n<p style=\"text-align: justify\">16h45 : Emelyne Walter, Enseignante en philosophie \u00e9thique : \u00abPas de monstre,\u00a0seulement des actes monstrueux : les soignants face aux crimes des patients-d\u00e9tenus \u00bb<\/p>\n","protected":false},"excerpt":{"rendered":"<p>Cette journ\u00e9e d\u2019\u00e9tude aura lieu le 7 d\u00e9cembre 2018 \u00e0 l&rsquo;universit\u00e9 Toulouse Jean Jaur\u00e8s. Elle vise \u00e0 interroger la singularit\u00e9 de la relation soignant-patient du monde carc\u00e9ral. En outre, elle cible le questionnement des diff\u00e9rentes finalit\u00e9s qui peuvent guider le personnel m\u00e9dical intervenant aupr\u00e8s des d\u00e9tenus, et ce, en terme d\u2019enjeux \u00e9thique, juridique et m\u00e9dical. &hellip; <\/p>\n<p class=\"link-more\"><a href=\"https:\/\/blogs.univ-tlse2.fr\/master-ethiquedusoin\/2018\/11\/23\/privation-de-liberte-et-relation-de-soin-journee-detude\/\" class=\"more-link\">Continuer la lecture<span class=\"screen-reader-text\"> de &laquo;&nbsp;\u00ab\u00a0Privation de libert\u00e9 et relation de soin\u00a0\u00bb &#8211; journ\u00e9e d&rsquo;\u00e9tude&nbsp;&raquo;<\/span><\/a><\/p>\n","protected":false},"author":405,"featured_media":1364,"comment_status":"open","ping_status":"open","sticky":false,"template":"","format":"quote","meta":{"footnotes":"","_links_to":"","_links_to_target":""},"categories":[1],"tags":[],"class_list":["post-1360","post","type-post","status-publish","format-quote","has-post-thumbnail","hentry","category-non-classe","post_format-post-format-quote"],"_links":{"self":[{"href":"https:\/\/blogs.univ-tlse2.fr\/master-ethiquedusoin\/wp-json\/wp\/v2\/posts\/1360","targetHints":{"allow":["GET"]}}],"collection":[{"href":"https:\/\/blogs.univ-tlse2.fr\/master-ethiquedusoin\/wp-json\/wp\/v2\/posts"}],"about":[{"href":"https:\/\/blogs.univ-tlse2.fr\/master-ethiquedusoin\/wp-json\/wp\/v2\/types\/post"}],"author":[{"embeddable":true,"href":"https:\/\/blogs.univ-tlse2.fr\/master-ethiquedusoin\/wp-json\/wp\/v2\/users\/405"}],"replies":[{"embeddable":true,"href":"https:\/\/blogs.univ-tlse2.fr\/master-ethiquedusoin\/wp-json\/wp\/v2\/comments?post=1360"}],"version-history":[{"count":4,"href":"https:\/\/blogs.univ-tlse2.fr\/master-ethiquedusoin\/wp-json\/wp\/v2\/posts\/1360\/revisions"}],"predecessor-version":[{"id":1371,"href":"https:\/\/blogs.univ-tlse2.fr\/master-ethiquedusoin\/wp-json\/wp\/v2\/posts\/1360\/revisions\/1371"}],"wp:featuredmedia":[{"embeddable":true,"href":"https:\/\/blogs.univ-tlse2.fr\/master-ethiquedusoin\/wp-json\/wp\/v2\/media\/1364"}],"wp:attachment":[{"href":"https:\/\/blogs.univ-tlse2.fr\/master-ethiquedusoin\/wp-json\/wp\/v2\/media?parent=1360"}],"wp:term":[{"taxonomy":"category","embeddable":true,"href":"https:\/\/blogs.univ-tlse2.fr\/master-ethiquedusoin\/wp-json\/wp\/v2\/categories?post=1360"},{"taxonomy":"post_tag","embeddable":true,"href":"https:\/\/blogs.univ-tlse2.fr\/master-ethiquedusoin\/wp-json\/wp\/v2\/tags?post=1360"}],"curies":[{"name":"wp","href":"https:\/\/api.w.org\/{rel}","templated":true}]}}