 {"id":1467,"date":"2019-07-19T19:31:12","date_gmt":"2019-07-19T17:31:12","guid":{"rendered":"https:\/\/blogs.univ-tlse2.fr\/master-ethiquedusoin\/?p=1467"},"modified":"2019-07-19T19:33:35","modified_gmt":"2019-07-19T17:33:35","slug":"rentree-en-vue","status":"publish","type":"post","link":"https:\/\/blogs.univ-tlse2.fr\/master-ethiquedusoin\/2019\/07\/19\/rentree-en-vue\/","title":{"rendered":"Rentr\u00e9e en vue"},"content":{"rendered":"<p style=\"text-align: justify\">En vue de la rentr\u00e9e 2019, nous attirons votre attention sur les quatre informations ci-dessous :<\/p>\n<p style=\"text-align: justify\">1\/ La r\u00e9union de rentr\u00e9e se tiendra le 11 septembre 2019 de 9h \u00e0 12h30 \u00e0 l&rsquo;Universit\u00e9 Toulouse 2 Jean Jaur\u00e8s, salle GA038 (rez-de-chauss\u00e9e du b\u00e2timent Gai Savoir).<\/p>\n<p style=\"text-align: justify\"><em>L&rsquo;ensemble des \u00e9tudiantes et \u00e9tudiants, inscrits aux cours pr\u00e9sentiels comme \u00e0 distance, sont attendus pour cette r\u00e9union.\u00a0<\/em><\/p>\n<p style=\"text-align: justify\">2\/ Merci de bien noter que les cours pr\u00e9sentiels de droit et de philosophie commenceront d\u00e8s le 5 septembre soit <strong><span style=\"text-decoration: underline\">avant la date de la r\u00e9union de<\/span><span style=\"text-decoration: underline\"> rentr\u00e9e<\/span><\/strong>. Les emplois du temps du premier semestre seront publi\u00e9s sur le blog pendant l&rsquo;\u00e9t\u00e9.<\/p>\n<p style=\"text-align: justify\">3\/ Afin d&rsquo;obtenir un acc\u00e8s \u00e0 la partie \u00ab\u00a0membres\u00a0\u00bb du blog et \u00eatre destinataire de la newsletter, merci aux \u00e9tudiantes et \u00e9tudiants arrivant \u00e0 la rentr\u00e9e 2019 d&rsquo;adresser une demande par email \u00e0 &#x66;l&#x6f;r&#x61;&#46;&#x62;&#x61;s&#x74;i&#x61;&#110;&#x69;&#64;u&#x6e;i&#x76;&#45;&#x74;&#108;s&#x65;2&#x2e;f&#x72;<\/p>\n<p>4\/ Dans la perspective de la rentr\u00e9e, si vous souhaitez mettre \u00e0 profit l&rsquo;\u00e9t\u00e9 pour avancer vos lectures, nous vous invitons \u00e0 consulter la\u00a0<a href=\"https:\/\/blogs.univ-tlse2.fr\/master-ethiquedusoin\/files\/2019\/04\/Indications-bibliographiques-g\u00e9n\u00e9rales.pdf\">bibliographie g\u00e9n\u00e9rale <\/a>.<\/p>\n<p>Nous vous souhaitons un bel \u00e9t\u00e9 !<\/p>\n","protected":false},"excerpt":{"rendered":"<p>En vue de la rentr\u00e9e 2019, nous attirons votre attention sur les quatre informations ci-dessous : 1\/ La r\u00e9union de rentr\u00e9e se tiendra le 11 septembre 2019 de 9h \u00e0 12h30 \u00e0 l&rsquo;Universit\u00e9 Toulouse 2 Jean Jaur\u00e8s, salle GA038 (rez-de-chauss\u00e9e du b\u00e2timent Gai Savoir). L&rsquo;ensemble des \u00e9tudiantes et \u00e9tudiants, inscrits aux cours pr\u00e9sentiels comme \u00e0 &hellip; <\/p>\n<p class=\"link-more\"><a href=\"https:\/\/blogs.univ-tlse2.fr\/master-ethiquedusoin\/2019\/07\/19\/rentree-en-vue\/\" class=\"more-link\">Continuer la lecture<span class=\"screen-reader-text\"> de &laquo;&nbsp;Rentr\u00e9e en vue&nbsp;&raquo;<\/span><\/a><\/p>\n","protected":false},"author":405,"featured_media":1468,"comment_status":"open","ping_status":"open","sticky":false,"template":"","format":"quote","meta":{"footnotes":"","_links_to":"","_links_to_target":""},"categories":[1],"tags":[],"class_list":["post-1467","post","type-post","status-publish","format-quote","has-post-thumbnail","hentry","category-non-classe","post_format-post-format-quote"],"_links":{"self":[{"href":"https:\/\/blogs.univ-tlse2.fr\/master-ethiquedusoin\/wp-json\/wp\/v2\/posts\/1467","targetHints":{"allow":["GET"]}}],"collection":[{"href":"https:\/\/blogs.univ-tlse2.fr\/master-ethiquedusoin\/wp-json\/wp\/v2\/posts"}],"about":[{"href":"https:\/\/blogs.univ-tlse2.fr\/master-ethiquedusoin\/wp-json\/wp\/v2\/types\/post"}],"author":[{"embeddable":true,"href":"https:\/\/blogs.univ-tlse2.fr\/master-ethiquedusoin\/wp-json\/wp\/v2\/users\/405"}],"replies":[{"embeddable":true,"href":"https:\/\/blogs.univ-tlse2.fr\/master-ethiquedusoin\/wp-json\/wp\/v2\/comments?post=1467"}],"version-history":[{"count":2,"href":"https:\/\/blogs.univ-tlse2.fr\/master-ethiquedusoin\/wp-json\/wp\/v2\/posts\/1467\/revisions"}],"predecessor-version":[{"id":1470,"href":"https:\/\/blogs.univ-tlse2.fr\/master-ethiquedusoin\/wp-json\/wp\/v2\/posts\/1467\/revisions\/1470"}],"wp:featuredmedia":[{"embeddable":true,"href":"https:\/\/blogs.univ-tlse2.fr\/master-ethiquedusoin\/wp-json\/wp\/v2\/media\/1468"}],"wp:attachment":[{"href":"https:\/\/blogs.univ-tlse2.fr\/master-ethiquedusoin\/wp-json\/wp\/v2\/media?parent=1467"}],"wp:term":[{"taxonomy":"category","embeddable":true,"href":"https:\/\/blogs.univ-tlse2.fr\/master-ethiquedusoin\/wp-json\/wp\/v2\/categories?post=1467"},{"taxonomy":"post_tag","embeddable":true,"href":"https:\/\/blogs.univ-tlse2.fr\/master-ethiquedusoin\/wp-json\/wp\/v2\/tags?post=1467"}],"curies":[{"name":"wp","href":"https:\/\/api.w.org\/{rel}","templated":true}]}}