 {"id":1673,"date":"2020-06-17T11:06:49","date_gmt":"2020-06-17T09:06:49","guid":{"rendered":"https:\/\/blogs.univ-tlse2.fr\/master-ethiquedusoin\/?p=1673"},"modified":"2020-09-13T16:10:18","modified_gmt":"2020-09-13T14:10:18","slug":"calendrier-des-soutenances-de-memoires-de-m2","status":"publish","type":"post","link":"https:\/\/blogs.univ-tlse2.fr\/master-ethiquedusoin\/2020\/06\/17\/calendrier-des-soutenances-de-memoires-de-m2\/","title":{"rendered":"Calendrier des soutenances de m\u00e9moires de M2"},"content":{"rendered":"<p style=\"text-align: justify\">Le 15 septembre 2020 \u00e0 11h, salle MB404, UT1 &#8211; Manufacture, se tiendra la soutenance de Mme Sophie Goujon,\u00a0<i>Ethique du care comme philosophie\u00a0manag\u00e9riale en r\u00e9ponse au burn-out dans les \u00e9tablissements publics de sant\u00e9<\/i>. Jury compos\u00e9 de Prof. Bioy (directeur), M. Jolivet (co-directeur) et Mme Bastiani.\u00a0<\/p>\n<p style=\"text-align: justify\">Le 15 septembre 2020 \u00e0 10h15, salle MB404, UT1 &#8211; Manufacture, se tiendra la soutenance de Mme Manon Dubois,\u00a0<i>L&rsquo;\u00e9mergence des pathologies\u00a0nouvelles ou la mise en p\u00e9ril du soin : l&rsquo;exemple de l&rsquo;\u00e9lectrosensibilit\u00e9<\/i>. Jury compos\u00e9 de Prof. Bioy (directeur), Mme Bastiani (co-directrice) et Prof. Bujan.\u00a0<\/p>\n<p style=\"text-align: justify\">Le 15 septembre 2020 \u00e0 9h30, salle MB404, UT1 &#8211; Manufacture, se tiendra la soutenance de Mme Sophie Rolland,\u00a0<em>Le d\u00e9sir d&rsquo;enfant et la parentalit\u00e9 des personnes pr\u00e9sentant une d\u00e9ficience intellectuelle<\/em>. Jury compos\u00e9 de Dc Goz\u00e9, Prof. Bioy et Prof. Bujan.\u00a0<\/p>\n<p style=\"text-align: justify\">Le 15 septembre 2020 \u00e0 8h30, salle MB404, UT1 &#8211; Manufacture, se tiendra la soutenance de Mme Marion Pancaldi, <em>Enjeux \u00e9thiques d&rsquo;une m\u00e9decine pr\u00e9dictive \u00e0 l&rsquo;aune des progr\u00e8s en mati\u00e8re de technologie g\u00e9nomique<\/em>. Jury compos\u00e9 de Prof. Bioy, Mme Bastiani (repr\u00e9sentant M. Miravete, directeur) et Prof. Bujan.<\/p>\n<p style=\"text-align: justify\">Le 29 juin 2020 \u00e0 9h30, lieu \u00e0 d\u00e9terminer, se tiendra la soutenance de Mme Alexane Balalas, <i>L\u2019intelligence artificielle et les enjeux de traitement de donn\u00e9es de sant\u00e9, recueillies hors d&rsquo;une relation de soin.<\/i> Jury compos\u00e9 de Prof. Poirot-Maz\u00e8res (directrice), M. Burq et Mme Bastiani<\/p>\n<p style=\"text-align: justify\">Le 23 juin 2020 \u00e0 17h, salle de r\u00e9union du service de PMA (Paule de Viguier), se tiendra la soutenance de Mme Marion Garcia, <i>La bio\u00e9thique face \u00e0 l&rsquo;eug\u00e9nisme lib\u00e9ral. <\/i>Jury compos\u00e9 de Prof. Bujan (directeur), Prof. Miquel, Prof. Bioy<\/p>\n\n\n<p>Le 9 juillet 2020 \u00e0 17h30, en ligne, se tiendra la soutenance de Mme Yesmine Jakani, <em>Trajectoires de l&rsquo;errance, errances du soin : deux modalit\u00e9s de la relation soignante, de Russell \u00e0 L\u00e9vinas. <\/em>Jury compos\u00e9 de Prof. Montebello (directeur), Mme Bastiani et Dc Prevoteau du Clary<\/p>\n","protected":false},"excerpt":{"rendered":"<p>Le 15 septembre 2020 \u00e0 11h, salle MB404, UT1 &#8211; Manufacture, se tiendra la soutenance de Mme Sophie Goujon,\u00a0Ethique du care comme philosophie\u00a0manag\u00e9riale en r\u00e9ponse au burn-out dans les \u00e9tablissements publics de sant\u00e9. Jury compos\u00e9 de Prof. Bioy (directeur), M. Jolivet (co-directeur) et Mme Bastiani.\u00a0 Le 15 septembre 2020 \u00e0 10h15, salle MB404, UT1 &#8211; &hellip; <\/p>\n<p class=\"link-more\"><a href=\"https:\/\/blogs.univ-tlse2.fr\/master-ethiquedusoin\/2020\/06\/17\/calendrier-des-soutenances-de-memoires-de-m2\/\" class=\"more-link\">Continuer la lecture<span class=\"screen-reader-text\"> de &laquo;&nbsp;Calendrier des soutenances de m\u00e9moires de M2&nbsp;&raquo;<\/span><\/a><\/p>\n","protected":false},"author":405,"featured_media":0,"comment_status":"open","ping_status":"open","sticky":false,"template":"","format":"quote","meta":{"footnotes":"","_links_to":"","_links_to_target":""},"categories":[1],"tags":[],"class_list":["post-1673","post","type-post","status-publish","format-quote","hentry","category-non-classe","post_format-post-format-quote"],"_links":{"self":[{"href":"https:\/\/blogs.univ-tlse2.fr\/master-ethiquedusoin\/wp-json\/wp\/v2\/posts\/1673","targetHints":{"allow":["GET"]}}],"collection":[{"href":"https:\/\/blogs.univ-tlse2.fr\/master-ethiquedusoin\/wp-json\/wp\/v2\/posts"}],"about":[{"href":"https:\/\/blogs.univ-tlse2.fr\/master-ethiquedusoin\/wp-json\/wp\/v2\/types\/post"}],"author":[{"embeddable":true,"href":"https:\/\/blogs.univ-tlse2.fr\/master-ethiquedusoin\/wp-json\/wp\/v2\/users\/405"}],"replies":[{"embeddable":true,"href":"https:\/\/blogs.univ-tlse2.fr\/master-ethiquedusoin\/wp-json\/wp\/v2\/comments?post=1673"}],"version-history":[{"count":6,"href":"https:\/\/blogs.univ-tlse2.fr\/master-ethiquedusoin\/wp-json\/wp\/v2\/posts\/1673\/revisions"}],"predecessor-version":[{"id":1699,"href":"https:\/\/blogs.univ-tlse2.fr\/master-ethiquedusoin\/wp-json\/wp\/v2\/posts\/1673\/revisions\/1699"}],"wp:attachment":[{"href":"https:\/\/blogs.univ-tlse2.fr\/master-ethiquedusoin\/wp-json\/wp\/v2\/media?parent=1673"}],"wp:term":[{"taxonomy":"category","embeddable":true,"href":"https:\/\/blogs.univ-tlse2.fr\/master-ethiquedusoin\/wp-json\/wp\/v2\/categories?post=1673"},{"taxonomy":"post_tag","embeddable":true,"href":"https:\/\/blogs.univ-tlse2.fr\/master-ethiquedusoin\/wp-json\/wp\/v2\/tags?post=1673"}],"curies":[{"name":"wp","href":"https:\/\/api.w.org\/{rel}","templated":true}]}}