 {"id":2563,"date":"2025-08-05T19:29:49","date_gmt":"2025-08-05T17:29:49","guid":{"rendered":"https:\/\/blogs.univ-tlse2.fr\/master-ethiquedusoin\/?p=2563"},"modified":"2025-08-05T19:30:00","modified_gmt":"2025-08-05T17:30:00","slug":"informations-rentree-2025","status":"publish","type":"post","link":"https:\/\/blogs.univ-tlse2.fr\/master-ethiquedusoin\/2025\/08\/05\/informations-rentree-2025\/","title":{"rendered":"Informations Rentr\u00e9e 2025"},"content":{"rendered":"<p data-start=\"235\" data-end=\"270\">Ch\u00e8res \u00e9tudiantes, chers \u00e9tudiants,<\/p>\n<p data-start=\"272\" data-end=\"504\">Alors que septembre approche, voici les principales informations \u00e0 conna\u00eetre pour bien pr\u00e9parer votre rentr\u00e9e en Master 1 ou Master 2 \u00c9thique du soin, que vous soyez inscrit\u00b7e en pr\u00e9sentiel ou en distanciel (SED).<\/p>\n<p data-start=\"506\" data-end=\"1264\">La <strong>r\u00e9union de rentr\u00e9e<\/strong> se tiendra le lundi 8 septembre 2025, de 9h \u00e0 12h, \u00e0 l\u2019amphith\u00e9\u00e2tre du b\u00e2timent Gai Savoir sur le campus de l\u2019Universit\u00e9 Toulouse Jean Jaur\u00e8s (UT2). Elle est obligatoire pour l\u2019ensemble des \u00e9tudiant\u00b7es, M1 et M2, pr\u00e9sentiel et distanciel. Aucun dispositif de retransmission ou d\u2019enregistrement ne sera mis en place. Cette rencontre permettra de d\u00e9couvrir ou de retrouver l\u2019\u00e9quipe p\u00e9dagogique : les trois co-responsables du dipl\u00f4me ainsi que les responsables administratives seront pr\u00e9sents pour vous exposer le d\u00e9roulement de l\u2019ann\u00e9e, ses exigences et ses sp\u00e9cificit\u00e9s. \u00c0 11h30, un <strong>photographe<\/strong> prendra les photos officielles de chaque promotion ; celles-ci seront mises en ligne dans l\u2019espace membre du blog du Master.<\/p>\n<p data-start=\"506\" data-end=\"1264\">Pour acc\u00e9der \u00e0 son <strong>espace membre<\/strong>, il vous suffit d\u2019envoyer une demande par courriel \u00e0 <a class=\"cursor-pointer\" rel=\"noopener\" data-start=\"2109\" data-end=\"2137\">f&#108;&#x6f;&#x72;a&#46;&#98;&#x61;&#x73;t&#105;&#x61;&#x6e;i&#64;&#117;&#x6e;&#x69;v&#45;&#x74;&#x6c;se&#50;&#x2e;&#x66;r<\/a>, en pr\u00e9cisant dans l\u2019objet : \u00ab acc\u00e8s membre Blog \u00bb.<\/p>\n<p data-start=\"1266\" data-end=\"2189\">Pour les \u00e9tudiant\u00b7es de M1, il est vivement recommand\u00e9 de profiter de l\u2019\u00e9t\u00e9 pour engager des lectures pr\u00e9paratoires. Une <strong>bibliographie g\u00e9n\u00e9rale<\/strong> est \u00e0 votre disposition : <a class=\"cursor-pointer\" target=\"_new\" rel=\"noopener\" data-start=\"1469\" data-end=\"1683\">https:\/\/blogs.univ-tlse2.fr\/master-ethiquedusoin\/files\/2019\/04\/Indications-bibliographiques-g\u00e9n\u00e9rales.pdf<\/a>. Nous vous conseillons de lire au minimum un ouvrage introductif par discipline, notamment dans les domaines que vous d\u00e9couvrez cette ann\u00e9e.<\/p>\n<p data-start=\"2191\" data-end=\"3322\">Les \u00e9tudiant\u00b7es entrant en M2 sont invit\u00e9\u00b7es \u00e0 aborder cette rentr\u00e9e avec une attention particuli\u00e8re. Il est indispensable de t\u00e9l\u00e9charger et de lire d\u00e8s \u00e0 pr\u00e9sent le document intitul\u00e9 \u00ab Suivi autonome du m\u00e9moire de recherche \u00bb \u00a0: <a class=\"\" href=\"https:\/\/blogs.univ-tlse2.fr\/master-ethiquedusoin\/memoire\/\" target=\"_new\" rel=\"noopener\" data-start=\"2452\" data-end=\"2570\">https:\/\/blogs.univ-tlse2.fr\/master-ethiquedusoin\/memoire\/<\/a>. Ce document balise les \u00e9tapes de travail autour du m\u00e9moire, qui constituera la part centrale de votre ann\u00e9e. \u00c0 la suite des lectures g\u00e9n\u00e9rales de M1, il vous faut d\u00e9sormais vous tourner vers les lectures sp\u00e9cifiques \u00e0 votre sujet de recherche, afin d\u2019entrer pleinement dans la r\u00e9flexion sur le m\u00e9moire et la r\u00e9daction de la probl\u00e9matique d\u00e8s les premi\u00e8res semaines. Vous trouverez \u00e9galement sur le blog toutes les informations utiles concernant le stage obligatoire \u00e0 effectuer au cours du M2.<\/p>\n<p data-start=\"3324\" data-end=\"4277\">Pour tou\u00b7tes les \u00e9tudiant\u00b7es de M1, l\u2019inscription secondaire \u00e0 UT2 n\u00e9cessite de choisir un <strong>enseignement optionnel<\/strong> pour chaque semestre. Ce choix doit imp\u00e9rativement \u00eatre fait au moment de votre inscription administrative secondaire, et valid\u00e9 <span style=\"text-decoration: underline\">dans les plus brefs d\u00e9lais<\/span>, les effectifs des groupes \u00e9tant tr\u00e8s limit\u00e9s. Pour cette d\u00e9marche, il vous sera demand\u00e9 de fournir la preuve de votre inscription principale, ainsi que l\u2019ensemble du dossier d&rsquo;inscription habituel. Merci de tenir ce dossier disponible pour la semaine de la rentr\u00e9e. Si vous \u00eates concern\u00e9\u00b7e par une <strong>inscription secondaire<\/strong> \u00e0 UT1, merci de vous rapprocher du bureau des inscriptions : <a class=\"\" href=\"https:\/\/www.ut-capitole.fr\/accueil\/universite\/structures\/services-administratifs-et-techniques\/bureau-inscriptions-et-organisation-des-etudes-bio\" target=\"_new\" rel=\"noopener\" data-start=\"3982\" data-end=\"4276\">https:\/\/www.ut-capitole.fr\/accueil\/universite\/structures\/services-administratifs-et-techniques\/bureau-inscriptions-et-organisation-des-etudes-bio<\/a>.<\/p>\n<p data-start=\"4279\" data-end=\"5039\">En M1, les cours d\u00e9buteront d\u00e8s la semaine du 1er septembre 2025 pour la philosophie, et \u00e0 partir du 8 septembre pour le droit et pour les cours de M2. L\u2019<strong>emploi du temps<\/strong> est mis \u00e0 jour r\u00e9guli\u00e8rement sur le blog du Master : nous vous invitons \u00e0 le consulter fr\u00e9quemment. Par ailleurs, nous vous rappelons que la pr\u00e9sence aux cours est obligatoire pour toutes les personnes inscrites en contr\u00f4le continu, en M1 comme en M2. Trois absences non justifi\u00e9es peuvent entra\u00eener des sanctions. Les \u00e9tudiant\u00b7es en enseignement \u00e0 distance sont quant \u00e0 eux les bienvenus en cours, sans d\u00e9marche pr\u00e9alable, chaque fois que cela leur est possible. Des <strong>ateliers collaboratifs<\/strong> en ligne seront \u00e9galement propos\u00e9s au cours de l\u2019ann\u00e9e, afin de favoriser les \u00e9changes entre les diff\u00e9rents \u00e9tudiant.es.<\/p>\n<p data-start=\"5041\" data-end=\"5413\">Enfin, au cours de la semaine de rentr\u00e9e, deux <strong>repr\u00e9sentant\u00b7es<\/strong> par promotion devront \u00eatre d\u00e9sign\u00e9\u00b7es : un\u00b7e \u00e9tudiant\u00b7e inscrit\u00b7e en contr\u00f4le continu, et un\u00b7e inscrit\u00b7e en SED. Ces r\u00f4les sont essentiels pour assurer une bonne communication entre l\u2019\u00e9quipe p\u00e9dagogique et les promotions, et les repr\u00e9sentant\u00b7es participent \u00e9galement au conseil de perfectionnement du dipl\u00f4me.<\/p>\n<p data-start=\"5415\" data-end=\"5586\">Les secr\u00e9tariats universitaires rouvriront \u00e0 compter du 25 ao\u00fbt 2025. Vous pourrez, d\u00e8s cette date, vous rapprocher d\u2019eux pour toute question relative \u00e0 votre inscription.<\/p>\n<p data-start=\"5588\" data-end=\"5679\">Nous vous souhaitons une bonne fin d\u2019\u00e9t\u00e9 et une rentr\u00e9e sereine et engag\u00e9e dans le travail.<\/p>\n<p data-start=\"5681\" data-end=\"5727\">L\u2019\u00e9quipe p\u00e9dagogique du Master \u00c9thique du soin<\/p>\n","protected":false},"excerpt":{"rendered":"<p>Ch\u00e8res \u00e9tudiantes, chers \u00e9tudiants, Alors que septembre approche, voici les principales informations \u00e0 conna\u00eetre pour bien pr\u00e9parer votre rentr\u00e9e en Master 1 ou Master 2 \u00c9thique du soin, que vous soyez inscrit\u00b7e en pr\u00e9sentiel ou en distanciel (SED). La r\u00e9union de rentr\u00e9e se tiendra le lundi 8 septembre 2025, de 9h \u00e0 12h, \u00e0 l\u2019amphith\u00e9\u00e2tre &hellip; <\/p>\n<p class=\"link-more\"><a href=\"https:\/\/blogs.univ-tlse2.fr\/master-ethiquedusoin\/2025\/08\/05\/informations-rentree-2025\/\" class=\"more-link\">Continuer la lecture<span class=\"screen-reader-text\"> de &laquo;&nbsp;Informations Rentr\u00e9e 2025&nbsp;&raquo;<\/span><\/a><\/p>\n","protected":false},"author":405,"featured_media":0,"comment_status":"open","ping_status":"open","sticky":false,"template":"","format":"quote","meta":{"footnotes":"","_links_to":"","_links_to_target":""},"categories":[1],"tags":[],"class_list":["post-2563","post","type-post","status-publish","format-quote","hentry","category-non-classe","post_format-post-format-quote"],"_links":{"self":[{"href":"https:\/\/blogs.univ-tlse2.fr\/master-ethiquedusoin\/wp-json\/wp\/v2\/posts\/2563","targetHints":{"allow":["GET"]}}],"collection":[{"href":"https:\/\/blogs.univ-tlse2.fr\/master-ethiquedusoin\/wp-json\/wp\/v2\/posts"}],"about":[{"href":"https:\/\/blogs.univ-tlse2.fr\/master-ethiquedusoin\/wp-json\/wp\/v2\/types\/post"}],"author":[{"embeddable":true,"href":"https:\/\/blogs.univ-tlse2.fr\/master-ethiquedusoin\/wp-json\/wp\/v2\/users\/405"}],"replies":[{"embeddable":true,"href":"https:\/\/blogs.univ-tlse2.fr\/master-ethiquedusoin\/wp-json\/wp\/v2\/comments?post=2563"}],"version-history":[{"count":1,"href":"https:\/\/blogs.univ-tlse2.fr\/master-ethiquedusoin\/wp-json\/wp\/v2\/posts\/2563\/revisions"}],"predecessor-version":[{"id":2564,"href":"https:\/\/blogs.univ-tlse2.fr\/master-ethiquedusoin\/wp-json\/wp\/v2\/posts\/2563\/revisions\/2564"}],"wp:attachment":[{"href":"https:\/\/blogs.univ-tlse2.fr\/master-ethiquedusoin\/wp-json\/wp\/v2\/media?parent=2563"}],"wp:term":[{"taxonomy":"category","embeddable":true,"href":"https:\/\/blogs.univ-tlse2.fr\/master-ethiquedusoin\/wp-json\/wp\/v2\/categories?post=2563"},{"taxonomy":"post_tag","embeddable":true,"href":"https:\/\/blogs.univ-tlse2.fr\/master-ethiquedusoin\/wp-json\/wp\/v2\/tags?post=2563"}],"curies":[{"name":"wp","href":"https:\/\/api.w.org\/{rel}","templated":true}]}}