 {"id":2608,"date":"2025-12-19T19:09:41","date_gmt":"2025-12-19T18:09:41","guid":{"rendered":"https:\/\/blogs.univ-tlse2.fr\/master-ethiquedusoin\/?p=2608"},"modified":"2025-12-19T19:19:10","modified_gmt":"2025-12-19T18:19:10","slug":"theatre-nuits-31-le-15-janvier-2026","status":"publish","type":"post","link":"https:\/\/blogs.univ-tlse2.fr\/master-ethiquedusoin\/2025\/12\/19\/theatre-nuits-31-le-15-janvier-2026\/","title":{"rendered":"Th\u00e9\u00e2tre : Nuits 31 &#8211; le 15 janvier 2026"},"content":{"rendered":"<p>Mme Charlotte Piarulli, promo 2018 du master \u00e9thique, est \u00e9galement com\u00e9dienne et metteure en sc\u00e8ne.<\/p>\n<p>Nous vous engageons \u00e0 assister \u00e0 la repr\u00e9sentation de sa derni\u00e8re production th\u00e9\u00e2trale, issue d&rsquo;une d\u00e9marche de recherche-cr\u00e9ation dans le milieu de l&rsquo;accueil des personnes porteuses de particularit\u00e9s g\u00e9n\u00e9tiques.<\/p>\n<p><strong>Date et horaires :<\/strong> 15 janvier 18h \/ 19h15 \/ 20h30<\/p>\n<p><strong>Lieu :<\/strong> Espace Roguet (m\u00e9tro Patte d&rsquo;oie)<\/p>\n<p><strong>Entr\u00e9e gratuite<\/strong> sur <a href=\"https:\/\/formulaires.services.haute-garonne.fr\/culture\/reservation-nuits-21\/\">r\u00e9servation en ligne<\/a>.<\/p>\n<p><strong>Pr\u00e9sentation : <\/strong><\/p>\n<p>Installation immersive pour trois cabanes et trois com\u00e9dien\u00b7nes, bas\u00e9 sur les paroles de personnes porteuses de Trisomie 21.<br class=\"autobr\" \/>\u200e\u200e\u200e\u200e\u200e\u200e\u200e\u200e\u200e\u200e\u200e\u200e\u200e\u200e\u200e\u200e\u200e\u200e\u200e\u200e \u200e \u200e \u200e \u200e \u200e \u200e\u200e \u200e \u200e \u200e \u200e \u200e \u200e\u200e \u200e \u200e \u200e \u200e \u200e \u200e<br class=\"autobr\" \/>Nuits 21 est une visite immersive\u00a0; dans des espaces de vie con\u00e7us et d\u00e9sir\u00e9s par des personnes porteuses de Trisomie 21, mais aussi, dans leurs mots et leurs relations. Ces pi\u00e8ces, que le public est invit\u00e9 \u00e0 parcourir, racontent la relation des personnes rencontr\u00e9es \u00e0 l\u2019espace intime. L\u2019installation est activ\u00e9e par trois interpr\u00e8tes, qui investissent l\u2019espace et contribuent \u00e0 attester de ces points de vue pos\u00e9s sur l\u2019amour, la solitude, et la difficult\u00e9 de la relation avec les autres.<br class=\"autobr\" \/>\u200e\u200e\u200e\u200e\u200e\u200e\u200e\u200e\u200e\u200e\u200e\u200e\u200e\u200e\u200e\u200e\u200e\u200e\u200e\u200e \u200e \u200e \u200e \u200e \u200e \u200e\u200e \u200e \u200e \u200e \u200e \u200e \u200e\u200e \u200e \u200e \u200e \u200e \u200e \u200e<br class=\"autobr\" \/>Charlotte Piarulli a \u00e9t\u00e9 pendant six mois veilleuse de nuit aupr\u00e8s de huit adultes porteurs de Trisomie accompagn\u00e9s en appartements adapt\u00e9s. Ces rencontres nocturnes ont donn\u00e9 lieu \u00e0 la cr\u00e9ation de cette sc\u00e9nographie immersive, que chaque spectateur\u00b7rice est invit\u00e9\u00b7e \u00e0 parcourir \u00e0 son rythme. En tentant de s\u2019affranchir de tout voyeurisme, Nuits 21 interroge le regard que nous portons sur le handicap et sur notre relation \u00e0 ce(ux) que nous consid\u00e9rons comme diff\u00e9rent(s).<br class=\"autobr\" \/>\u200e\u200e\u200e\u200e\u200e\u200e\u200e\u200e\u200e\u200e\u200e\u200e\u200e\u200e\u200e\u200e\u200e\u200e\u200e\u200e \u200e \u200e \u200e \u200e \u200e \u200e\u200e \u200e \u200e \u200e \u200e \u200e \u200e\u200e \u200e \u200e \u200e \u200e \u200e \u200e<br class=\"autobr\" \/>Depuis une vingtaine d\u2019ann\u00e9es, la consid\u00e9ration et l\u2019accompagnement des personnes porteuses de Trisomie 21 et des pathologies associ\u00e9es se d\u00e9veloppe et se d\u00e9mocratise. Leur acc\u00e8s aux soins, \u00e0 l\u2019\u00e9ducation et \u00e0 la scolarit\u00e9 est de plus en plus massif, le respect de leur citoyennet\u00e9 est mieux garanti, de m\u00eame que leur inclusion et leur participation \u00e0 la soci\u00e9t\u00e9 civile.<br class=\"autobr\" \/>Pourtant, un espace semble encore difficile \u00e0 investir pour les personnes porteuses de Trisomie 21\u00a0: il s\u2019agit du domicile. En effet, bien souvent, les adultes porteurs de Trisomie vivent chez leurs parents et n\u2019ont pas \u00e0 proprement parler la possibilit\u00e9 de d\u00e9velopper pleinement une vie personnelle et intime.<br class=\"autobr\" \/>Car, plus encore que l\u2019habitat, ce qui para\u00eet manquer est bien la possibilit\u00e9 d\u2019un espace intime.<br class=\"autobr\" \/>Comment esp\u00e9rer respecter l\u2019intimit\u00e9 d\u2019un adulte lorsqu\u2019il d\u00e9pend encore de ses parents pour ce qui concerne son logement et ses conditions de vie\u00a0? Comment d\u00e9velopper sereinement et librement une vie amicale ou amoureuse\u00a0?<br class=\"autobr\" \/>Il semble que cette difficult\u00e9 d\u2019acc\u00e8s \u00e0 un espace qui serait v\u00e9ritablement \u00e0 soi reste une r\u00e9elle probl\u00e9matique de l\u2019appr\u00e9hension du handicap, a fortiori le handicap supposant un d\u00e9ficit du d\u00e9veloppement cognitif.<br class=\"autobr\" \/>\u00c0 ce titre, il semble important de mettre en lumi\u00e8re la n\u00e9cessit\u00e9 de l\u2019intime et de faire en sorte que l\u2019existence et la pr\u00e9servation de ce dernier puisse constituer un v\u00e9ritable engagement vis-\u00e0-vis des personnes porteuses de handicap.<br class=\"autobr\" \/>\u200e\u200e\u200e\u200e\u200e\u200e\u200e\u200e\u200e\u200e\u200e\u200e\u200e\u200e\u200e\u200e\u200e\u200e\u200e\u200e \u200e \u200e \u200e \u200e \u200e \u200e\u200e \u200e \u200e \u200e \u200e \u200e \u200e\u200e \u200e \u200e \u200e \u200e \u200e \u200e<br class=\"autobr\" \/>Metteure en sc\u00e8ne\u202f\u00a0: Piarulli Charlotte | Com\u00e9dien\u00b7nes\u202f\u00a0: Jean-Marie Champagne, Am\u00e9lie Gasparotto, Lili Payre | R\u00e9gisseuses\u202f\u00a0: Mathilde Pachot, Mathilde Montrignac | Accompagnateur technique\u202f\u00a0: Dario Sajeva.<\/p>\n","protected":false},"excerpt":{"rendered":"<p>Mme Charlotte Piarulli, promo 2018 du master \u00e9thique, est \u00e9galement com\u00e9dienne et metteure en sc\u00e8ne. Nous vous engageons \u00e0 assister \u00e0 la repr\u00e9sentation de sa derni\u00e8re production th\u00e9\u00e2trale, issue d&rsquo;une d\u00e9marche de recherche-cr\u00e9ation dans le milieu de l&rsquo;accueil des personnes porteuses de particularit\u00e9s g\u00e9n\u00e9tiques. Date et horaires : 15 janvier 18h \/ 19h15 \/ 20h30 &hellip; <\/p>\n<p class=\"link-more\"><a href=\"https:\/\/blogs.univ-tlse2.fr\/master-ethiquedusoin\/2025\/12\/19\/theatre-nuits-31-le-15-janvier-2026\/\" class=\"more-link\">Continuer la lecture<span class=\"screen-reader-text\"> de &laquo;&nbsp;Th\u00e9\u00e2tre : Nuits 31 &#8211; le 15 janvier 2026&nbsp;&raquo;<\/span><\/a><\/p>\n","protected":false},"author":405,"featured_media":2609,"comment_status":"open","ping_status":"open","sticky":false,"template":"","format":"quote","meta":{"footnotes":"","_links_to":"","_links_to_target":""},"categories":[1],"tags":[],"class_list":["post-2608","post","type-post","status-publish","format-quote","has-post-thumbnail","hentry","category-non-classe","post_format-post-format-quote"],"_links":{"self":[{"href":"https:\/\/blogs.univ-tlse2.fr\/master-ethiquedusoin\/wp-json\/wp\/v2\/posts\/2608","targetHints":{"allow":["GET"]}}],"collection":[{"href":"https:\/\/blogs.univ-tlse2.fr\/master-ethiquedusoin\/wp-json\/wp\/v2\/posts"}],"about":[{"href":"https:\/\/blogs.univ-tlse2.fr\/master-ethiquedusoin\/wp-json\/wp\/v2\/types\/post"}],"author":[{"embeddable":true,"href":"https:\/\/blogs.univ-tlse2.fr\/master-ethiquedusoin\/wp-json\/wp\/v2\/users\/405"}],"replies":[{"embeddable":true,"href":"https:\/\/blogs.univ-tlse2.fr\/master-ethiquedusoin\/wp-json\/wp\/v2\/comments?post=2608"}],"version-history":[{"count":4,"href":"https:\/\/blogs.univ-tlse2.fr\/master-ethiquedusoin\/wp-json\/wp\/v2\/posts\/2608\/revisions"}],"predecessor-version":[{"id":2614,"href":"https:\/\/blogs.univ-tlse2.fr\/master-ethiquedusoin\/wp-json\/wp\/v2\/posts\/2608\/revisions\/2614"}],"wp:featuredmedia":[{"embeddable":true,"href":"https:\/\/blogs.univ-tlse2.fr\/master-ethiquedusoin\/wp-json\/wp\/v2\/media\/2609"}],"wp:attachment":[{"href":"https:\/\/blogs.univ-tlse2.fr\/master-ethiquedusoin\/wp-json\/wp\/v2\/media?parent=2608"}],"wp:term":[{"taxonomy":"category","embeddable":true,"href":"https:\/\/blogs.univ-tlse2.fr\/master-ethiquedusoin\/wp-json\/wp\/v2\/categories?post=2608"},{"taxonomy":"post_tag","embeddable":true,"href":"https:\/\/blogs.univ-tlse2.fr\/master-ethiquedusoin\/wp-json\/wp\/v2\/tags?post=2608"}],"curies":[{"name":"wp","href":"https:\/\/api.w.org\/{rel}","templated":true}]}}