 {"id":1010,"date":"2015-09-21T14:08:57","date_gmt":"2015-09-21T13:08:57","guid":{"rendered":"https:\/\/blogs.univ-tlse2.fr\/plateformeterrae\/?p=1010"},"modified":"2015-09-21T14:08:57","modified_gmt":"2015-09-21T13:08:57","slug":"baelo-claudia-silla-del-papa-andalousie-espagne-anr-archeostraits","status":"publish","type":"post","link":"https:\/\/blogs.univ-tlse2.fr\/plateformeterrae\/2015\/09\/21\/baelo-claudia-silla-del-papa-andalousie-espagne-anr-archeostraits\/","title":{"rendered":"Baelo Claudia &#8211; Silla del Papa (Andalousie &#8211; Espagne) &#8211; ANR Archeostraits"},"content":{"rendered":"<p>Pour la troisi\u00e8me ann\u00e9e cons\u00e9cutive, Arch\u00e9odrone est intervenu sur le site de la Silla del Papa dans le cadre de l&rsquo;ANR Arch\u00e9ostraits dirig\u00e9e par Pierre Moret du laboratoire TRACES.<\/p>\n<p>&nbsp;<\/p>\n<div id=\"attachment_1011\" style=\"width: 600px\" class=\"wp-caption alignnone\"><a href=\"https:\/\/blogs.univ-tlse2.fr\/plateformeterrae\/files\/2015\/09\/2015-09-07-12.22.51.jpg\"><img loading=\"lazy\" decoding=\"async\" aria-describedby=\"caption-attachment-1011\" class=\"size-large wp-image-1011\" src=\"https:\/\/blogs.univ-tlse2.fr\/plateformeterrae\/files\/2015\/09\/2015-09-07-12.22.51-768x1024.jpg\" alt=\"Survol du site de l'\u00e9glise (Clich\u00e9 Carine Calastrenc)\" width=\"590\" height=\"787\" srcset=\"https:\/\/blogs.univ-tlse2.fr\/plateformeterrae\/files\/2015\/09\/2015-09-07-12.22.51-768x1024.jpg 768w, https:\/\/blogs.univ-tlse2.fr\/plateformeterrae\/files\/2015\/09\/2015-09-07-12.22.51-225x300.jpg 225w\" sizes=\"auto, (max-width: 590px) 100vw, 590px\" \/><\/a><p id=\"caption-attachment-1011\" class=\"wp-caption-text\">Survol du site D1 (Clich\u00e9 Carine Calastrenc)<\/p><\/div>\n<div id=\"attachment_1012\" style=\"width: 600px\" class=\"wp-caption alignnone\"><a href=\"https:\/\/blogs.univ-tlse2.fr\/plateformeterrae\/files\/2015\/09\/2015-09-07-12.35.07.jpg\"><img loading=\"lazy\" decoding=\"async\" aria-describedby=\"caption-attachment-1012\" class=\"size-large wp-image-1012\" src=\"https:\/\/blogs.univ-tlse2.fr\/plateformeterrae\/files\/2015\/09\/2015-09-07-12.35.07-1024x348.jpg\" alt=\"Pr\u00e9paration du survol du site de l'\u00e9glise (clich\u00e9 : Carine Calastrenc)\" width=\"590\" height=\"201\" srcset=\"https:\/\/blogs.univ-tlse2.fr\/plateformeterrae\/files\/2015\/09\/2015-09-07-12.35.07-1024x348.jpg 1024w, https:\/\/blogs.univ-tlse2.fr\/plateformeterrae\/files\/2015\/09\/2015-09-07-12.35.07-300x102.jpg 300w\" sizes=\"auto, (max-width: 590px) 100vw, 590px\" \/><\/a><p id=\"caption-attachment-1012\" class=\"wp-caption-text\">Pr\u00e9paration du survol du site de l&rsquo;\u00e9glise (clich\u00e9 : Carine Calastrenc)<\/p><\/div>\n<div id=\"attachment_1013\" style=\"width: 600px\" class=\"wp-caption alignnone\"><a href=\"https:\/\/blogs.univ-tlse2.fr\/plateformeterrae\/files\/2015\/09\/2015-09-08-09.29.03.jpg\"><img loading=\"lazy\" decoding=\"async\" aria-describedby=\"caption-attachment-1013\" class=\"size-large wp-image-1013\" src=\"https:\/\/blogs.univ-tlse2.fr\/plateformeterrae\/files\/2015\/09\/2015-09-08-09.29.03-1024x768.jpg\" alt=\"Transport du drone (clich\u00e9 : Carine Calastrenc)\" width=\"590\" height=\"443\" srcset=\"https:\/\/blogs.univ-tlse2.fr\/plateformeterrae\/files\/2015\/09\/2015-09-08-09.29.03-1024x768.jpg 1024w, https:\/\/blogs.univ-tlse2.fr\/plateformeterrae\/files\/2015\/09\/2015-09-08-09.29.03-300x225.jpg 300w\" sizes=\"auto, (max-width: 590px) 100vw, 590px\" \/><\/a><p id=\"caption-attachment-1013\" class=\"wp-caption-text\">Transport du drone (clich\u00e9 : Carine Calastrenc)<\/p><\/div>\n<div id=\"attachment_1014\" style=\"width: 600px\" class=\"wp-caption alignnone\"><a href=\"https:\/\/blogs.univ-tlse2.fr\/plateformeterrae\/files\/2015\/09\/2015-09-08-13.03.55.jpg\"><img loading=\"lazy\" decoding=\"async\" aria-describedby=\"caption-attachment-1014\" class=\"size-large wp-image-1014\" src=\"https:\/\/blogs.univ-tlse2.fr\/plateformeterrae\/files\/2015\/09\/2015-09-08-13.03.55-1024x768.jpg\" alt=\"Survol de la structure B2 (Clich\u00e9 Carine Calastrenc)\" width=\"590\" height=\"443\" srcset=\"https:\/\/blogs.univ-tlse2.fr\/plateformeterrae\/files\/2015\/09\/2015-09-08-13.03.55-1024x768.jpg 1024w, https:\/\/blogs.univ-tlse2.fr\/plateformeterrae\/files\/2015\/09\/2015-09-08-13.03.55-300x225.jpg 300w\" sizes=\"auto, (max-width: 590px) 100vw, 590px\" \/><\/a><p id=\"caption-attachment-1014\" class=\"wp-caption-text\">Survol de la structure B2 (Clich\u00e9 Carine Calastrenc)<\/p><\/div>\n<div id=\"attachment_1015\" style=\"width: 600px\" class=\"wp-caption alignnone\"><a href=\"https:\/\/blogs.univ-tlse2.fr\/plateformeterrae\/files\/2015\/09\/2015-09-08-14.17.16.jpg\"><img loading=\"lazy\" decoding=\"async\" aria-describedby=\"caption-attachment-1015\" class=\"size-large wp-image-1015\" src=\"https:\/\/blogs.univ-tlse2.fr\/plateformeterrae\/files\/2015\/09\/2015-09-08-14.17.16-1024x768.jpg\" alt=\"Survol du site A2 (Clich\u00e9 Carine Calastrenc)\" width=\"590\" height=\"443\" srcset=\"https:\/\/blogs.univ-tlse2.fr\/plateformeterrae\/files\/2015\/09\/2015-09-08-14.17.16-1024x768.jpg 1024w, https:\/\/blogs.univ-tlse2.fr\/plateformeterrae\/files\/2015\/09\/2015-09-08-14.17.16-300x225.jpg 300w\" sizes=\"auto, (max-width: 590px) 100vw, 590px\" \/><\/a><p id=\"caption-attachment-1015\" class=\"wp-caption-text\">Survol du site A2 (Clich\u00e9 Carine Calastrenc)<\/p><\/div>\n<div id=\"attachment_1016\" style=\"width: 600px\" class=\"wp-caption alignnone\"><a href=\"https:\/\/blogs.univ-tlse2.fr\/plateformeterrae\/files\/2015\/09\/20150907_131754.jpg\"><img loading=\"lazy\" decoding=\"async\" aria-describedby=\"caption-attachment-1016\" class=\"size-large wp-image-1016\" src=\"https:\/\/blogs.univ-tlse2.fr\/plateformeterrae\/files\/2015\/09\/20150907_131754-1024x576.jpg\" alt=\"Site D1 (Clich\u00e9 : Nicolas Poirier)\" width=\"590\" height=\"332\" srcset=\"https:\/\/blogs.univ-tlse2.fr\/plateformeterrae\/files\/2015\/09\/20150907_131754-1024x576.jpg 1024w, https:\/\/blogs.univ-tlse2.fr\/plateformeterrae\/files\/2015\/09\/20150907_131754-300x169.jpg 300w, https:\/\/blogs.univ-tlse2.fr\/plateformeterrae\/files\/2015\/09\/20150907_131754.jpg 1629w\" sizes=\"auto, (max-width: 590px) 100vw, 590px\" \/><\/a><p id=\"caption-attachment-1016\" class=\"wp-caption-text\">Site D1 (Clich\u00e9 : Nicolas Poirier)<\/p><\/div>\n<div id=\"attachment_1017\" style=\"width: 600px\" class=\"wp-caption alignnone\"><a href=\"https:\/\/blogs.univ-tlse2.fr\/plateformeterrae\/files\/2015\/09\/20150907_131857.jpg\"><img loading=\"lazy\" decoding=\"async\" aria-describedby=\"caption-attachment-1017\" class=\"size-large wp-image-1017\" src=\"https:\/\/blogs.univ-tlse2.fr\/plateformeterrae\/files\/2015\/09\/20150907_131857-1024x576.jpg\" alt=\"Site D1 (Clich\u00e9 : Nicolas Poirier)\" width=\"590\" height=\"332\" srcset=\"https:\/\/blogs.univ-tlse2.fr\/plateformeterrae\/files\/2015\/09\/20150907_131857-1024x576.jpg 1024w, https:\/\/blogs.univ-tlse2.fr\/plateformeterrae\/files\/2015\/09\/20150907_131857-300x169.jpg 300w, https:\/\/blogs.univ-tlse2.fr\/plateformeterrae\/files\/2015\/09\/20150907_131857.jpg 1551w\" sizes=\"auto, (max-width: 590px) 100vw, 590px\" \/><\/a><p id=\"caption-attachment-1017\" class=\"wp-caption-text\">Site D1 (Clich\u00e9 : Nicolas Poirier)<\/p><\/div>\n","protected":false},"excerpt":{"rendered":"<p>Pour la troisi\u00e8me ann\u00e9e cons\u00e9cutive, Arch\u00e9odrone est intervenu sur le site de la Silla del Papa dans le cadre de l&rsquo;ANR Arch\u00e9ostraits dirig\u00e9e par Pierre Moret du laboratoire [..]<\/p>\n","protected":false},"author":116,"featured_media":0,"comment_status":"closed","ping_status":"open","sticky":false,"template":"","format":"standard","meta":{"footnotes":""},"categories":[18585,12431,18584,20027,42014],"tags":[18587,42015,18576,20214,237,20193,42039,42037,18574,18569,42040,576],"class_list":["post-1010","post","type-post","status-publish","format-standard","hentry","category-analyse-spatiale","category-photogrammetrie","category-photographie-aerienne-2","category-prospection","category-topographie-2","tag-analyse-spatiale-2","tag-andalousie","tag-archeologie-rurale","tag-diachronique","tag-espagne","tag-inventaire-archeologique","tag-multi-methode","tag-photogrammetrie","tag-photographie-aerienne","tag-prospection-pedestre","tag-sig","tag-terroir"],"_links":{"self":[{"href":"https:\/\/blogs.univ-tlse2.fr\/plateformeterrae\/wp-json\/wp\/v2\/posts\/1010","targetHints":{"allow":["GET"]}}],"collection":[{"href":"https:\/\/blogs.univ-tlse2.fr\/plateformeterrae\/wp-json\/wp\/v2\/posts"}],"about":[{"href":"https:\/\/blogs.univ-tlse2.fr\/plateformeterrae\/wp-json\/wp\/v2\/types\/post"}],"author":[{"embeddable":true,"href":"https:\/\/blogs.univ-tlse2.fr\/plateformeterrae\/wp-json\/wp\/v2\/users\/116"}],"replies":[{"embeddable":true,"href":"https:\/\/blogs.univ-tlse2.fr\/plateformeterrae\/wp-json\/wp\/v2\/comments?post=1010"}],"version-history":[{"count":1,"href":"https:\/\/blogs.univ-tlse2.fr\/plateformeterrae\/wp-json\/wp\/v2\/posts\/1010\/revisions"}],"predecessor-version":[{"id":1018,"href":"https:\/\/blogs.univ-tlse2.fr\/plateformeterrae\/wp-json\/wp\/v2\/posts\/1010\/revisions\/1018"}],"wp:attachment":[{"href":"https:\/\/blogs.univ-tlse2.fr\/plateformeterrae\/wp-json\/wp\/v2\/media?parent=1010"}],"wp:term":[{"taxonomy":"category","embeddable":true,"href":"https:\/\/blogs.univ-tlse2.fr\/plateformeterrae\/wp-json\/wp\/v2\/categories?post=1010"},{"taxonomy":"post_tag","embeddable":true,"href":"https:\/\/blogs.univ-tlse2.fr\/plateformeterrae\/wp-json\/wp\/v2\/tags?post=1010"}],"curies":[{"name":"wp","href":"https:\/\/api.w.org\/{rel}","templated":true}]}}