 {"id":151,"date":"2006-12-21T15:28:11","date_gmt":"2006-12-21T14:28:11","guid":{"rendered":"https:\/\/blogs.univ-tlse2.fr\/plateformeterrae\/?p=151"},"modified":"2013-04-23T09:06:20","modified_gmt":"2013-04-23T08:06:20","slug":"campagne-2006-prospection-inventaire-et-sondages-estive-daneou-vallee-dossau-64","status":"publish","type":"post","link":"https:\/\/blogs.univ-tlse2.fr\/plateformeterrae\/2006\/12\/21\/campagne-2006-prospection-inventaire-et-sondages-estive-daneou-vallee-dossau-64\/","title":{"rendered":"Prospection inventaire et sondages &#8211; Estive d&rsquo;An\u00e9ou (Vall\u00e9e d&rsquo;Ossau &#8211; 64)"},"content":{"rendered":"<p><b>* Aneou (Commune de Laruns, syndicat pastoral du Bas-Ossau). C. Calastrenc\u00a0et M. Le Cou\u00e9dic (coordination au sein du PCR\u00a0: C. Rendu)<\/b><\/p>\n<p><b>\u00a0<\/b>Prenant part au PCR \u00ab\u00a0Dynamiques sociales, spatiales et environnementales dans les Pyr\u00e9n\u00e9es centrales\u00a0\u00bb, les travaux d\u2019arch\u00e9ologie pastorale entrepris \u00e0 An\u00e9ou depuis 2004 visent \u00e0 saisir, \u00e0 partir d\u2019une zone atelier restreinte, l\u2019histoire et les transformations des syst\u00e8mes d\u2019estivage de la haute vall\u00e9e d\u2019Ossau dans la longue dur\u00e9e. La prospection exhaustive de ce quartier de p\u00e2turage (1256 ha) et la datation par sondage des principaux types de sites observ\u00e9s \u00e0 partir des relev\u00e9s de surface, sont les premi\u00e8res \u00e9tapes d\u2019une recherche qui passera ensuite \u00e0 des fouilles exhaustives permettant une approche fonctionnelle plus pr\u00e9cise. En 2005, les prospections avaient permis de recenser 61 entit\u00e9s ou sites totalisant 187 structures, sur une superficie \u00e9quivalant \u00e0 38% du vallon d\u2019An\u00e9ou. Parall\u00e8lement, cinq premiers sondages avaient \u00e9t\u00e9 ouverts, qui avaient document\u00e9 notamment trois structures de l\u2019\u00c2ge du Bronze. Les travaux 2006 sont partis sur ces bases. Six nouveaux sondages arch\u00e9ologiques ont \u00e9t\u00e9 effectu\u00e9s en premi\u00e8re partie de campagne et 75 nouveaux sites ont \u00e9t\u00e9 d\u00e9couverts lors des prospections.<\/p>\n<p><b><i>Principaux r\u00e9sultats des sondages<\/i><\/b><\/p>\n<p><b><i>\u00a0<\/i><\/b>Les six sondages ont \u00e9t\u00e9 ouverts dans les structures d\u2019habitat de trois entit\u00e9s complexes. Il s\u2019agissait d\u2019obtenir une premi\u00e8re image stratigraphique de sites laissant envisager, d\u2019apr\u00e8s leurs \u00e9tats de surface, diff\u00e9rentes phases d\u2019occupation. Ont ainsi \u00e9t\u00e9 sond\u00e9es\u00a0: \u00e0 Cabane la Gl\u00e8re,\u00a0 les structures 61 et 63 de l\u2019Entit\u00e9 27bis (1899 m), et les structures 84 et 87 de l\u2019entit\u00e9 32 (1860 m)\u00a0; \u00e0 Tourmont, les structures 347 et 350 de l\u2019Entit\u00e9 149 (1780 m).<\/p>\n<p>&nbsp;<\/p>\n<p><i>\u00a0Cabane La Gl\u00e8re<\/i><\/p>\n<p>Les structures 61 et 63 de l\u2019Entit\u00e9 27bis sont accol\u00e9es aux deux extr\u00e9mit\u00e9s d\u2019un enclos tr\u00e8s effac\u00e9. Elles ont toutes deux livr\u00e9 un seul niveau d\u2019occupation. la structure 63 (9m2 int\u00e9rieurs, murs en double parement tr\u00e8s aras\u00e9s avec blocage interne, un peu de mobilier) rel\u00e8ve visiblement d\u2019un habitat\u00a0; la structure 61 en revanche (18 m2, \u00e9l\u00e9vations en tas de charge et boutisses entrecrois\u00e9es, conserv\u00e9es sur 3 \u00e0 4 assises, sol de cailloutis) s\u2019apparente \u00e0 un petit enclos, certainement plus r\u00e9cent.<\/p>\n<p>L\u2019Entit\u00e9 32 pr\u00e9sente 11 structures, identifi\u00e9es d\u2019apr\u00e8s les relev\u00e9s de surface comme 3 enclos jointifs, auxquels est accol\u00e9 un ensemble de 5 alv\u00e9oles semblant former un habitat complexe. S\u2019y ajoutent, 5 m \u00e0 l\u2019Est un ensemble de deux cabanes formant un tertre plus marqu\u00e9 que les autres structures, tr\u00e8s aras\u00e9es. Le sondage de la structure 84 (l\u2019une des alv\u00e9oles) a livr\u00e9 un niveau de fonctionnement assez net, comportant un petit mobilier arch\u00e9ologique qui conforte l\u2019hypoth\u00e8se d\u2019une cabane de petite taille (6m2 int\u00e9rieurs). C\u2019est aussi \u00e0 une cabane que se rapporte la structure 87 (l\u2019une des deux cabanes \u00e0 l\u2019Est). Elle est caract\u00e9ris\u00e9e par un niveau de fonctionnement, une architecture avec un possible parement interne de dalles de chant, du petit mobilier arch\u00e9ologique.<\/p>\n<p>&nbsp;<\/p>\n<p><i>Tourmont<\/i><\/p>\n<p>L\u2019Entit\u00e9 149 est \u00e9galement complexe, puisqu\u2019elle se compose de sept structures de conservation identique (micro-reliefs dans la pelouse) dont deux enclos, mitoyens de trois alv\u00e9oles, ce qui l\u2019apparente typologiquement \u00e0 l\u2019Entit\u00e9 32. La 8<sup>e<\/sup> structure (n\u00b0 347) est une cabane post\u00e9rieure encore assez bien conserv\u00e9e. Un sondage y a r\u00e9v\u00e9l\u00e9 une puissance stratigraphique de pr\u00e8s d\u20191 m, dans lequel quatre phases ont \u00e9t\u00e9 reconnues dont trois sont ant\u00e9rieures \u00e0 la cabane visible en surface. Les phases 2 et 3 ont livr\u00e9 des foyers. Le sondage de la str. 350 (l\u2019une des 3 alv\u00e9oles) a livr\u00e9 quant \u00e0 lui un niveau de sol bien marqu\u00e9, avec des fragments de c\u00e9ramique non tourn\u00e9e.<\/p>\n<p>&nbsp;<\/p>\n<p>Le mobilier, extr\u00eamement fragment\u00e9, ne permet aucune datation pr\u00e9cise et 9 \u00e9chantillons de charbons, correspondant aux 9 niveaux d\u2019occupation des diff\u00e9rents sondages ont \u00e9t\u00e9 envoy\u00e9s pour datation radiocarbone. A part le probable enclos 61, d\u2019\u00e9poque moderne, l\u2019ensemble des structures fouill\u00e9es \u00e0 Cabane La Gl\u00e8re s\u2019av\u00e8re ancien, puisque les fourchettes sont comprises entre le 2<sup>e<\/sup> s. av. J.-C. et le 6<sup>e<\/sup> s. ap. J.-C., avec un accent pour l\u2019entit\u00e9\u00a0 32 sur l\u2019Antiquit\u00e9 tardive (3<sup>e<\/sup>-6<sup>e<\/sup> s.). Sur le secteur de Tourmont, les phases 2 et 3 de la structure 347 se situent \u00e0 l\u2019Epoque Moderne et sont install\u00e9es sur un niveau dat\u00e9 du N\u00e9olithique dont il est difficile de dire pour l\u2019instant s\u2019il est en place\u00a0; le sol de la structure 350 est quant \u00e0 lui dat\u00e9 des 4<sup>e<\/sup>-6<sup>e<\/sup> s. ap. J.-C.<i><\/i><\/p>\n<p>Ces deux ann\u00e9es de sondages auront donc mis au jour une s\u00e9rie d\u2019occupations de l\u2019\u00c2ge du Bronze centr\u00e9es sur la Gradill\u00e8re, une autre de la fin de l\u2019Age du Fer \u00e0 l\u2019Antiquit\u00e9 tardive centr\u00e9e sur Cabane La Gl\u00e8re, puis une derni\u00e8re s\u00e9rie du Haut Moyen-\u00c2ge \u00e0 Tourmont.<b> <\/b>S\u2019il est trop t\u00f4t pour en tirer une quelconque conclusion spatiale, on remarque en revanche que le Moyen \u00c2ge est pour l\u2019instant absent.<\/p>\n<p><a href=\"https:\/\/blogs.univ-tlse2.fr\/plateformeterrae\/files\/2013\/03\/Calastrenc-BSR-2006-figure.png\"><img loading=\"lazy\" decoding=\"async\" class=\"alignnone size-medium wp-image-152\" alt=\"\" src=\"https:\/\/blogs.univ-tlse2.fr\/plateformeterrae\/files\/2013\/03\/Calastrenc-BSR-2006-figure-300x90.png\" width=\"300\" height=\"90\" srcset=\"https:\/\/blogs.univ-tlse2.fr\/plateformeterrae\/files\/2013\/03\/Calastrenc-BSR-2006-figure-300x90.png 300w, https:\/\/blogs.univ-tlse2.fr\/plateformeterrae\/files\/2013\/03\/Calastrenc-BSR-2006-figure.png 924w\" sizes=\"auto, (max-width: 300px) 100vw, 300px\" \/><\/a><b>\u00a0<\/b><\/p>\n<p align=\"center\"><i>Fig. 1\u00a0: Synth\u00e8se chronologique des r\u00e9sultats des sondages 2005 et 2006 \u00e0 \u00a0An\u00e9ou (donn\u00e9es calibr\u00e9es)<\/i><\/p>\n<p>&nbsp;<\/p>\n<p><b><i>Principaux r\u00e9sultats des\u00a0 prospections<\/i><\/b><\/p>\n<p><b><i>\u00a0<\/i><\/b>Les prospections, r\u00e9duites en raison du mauvais temps, ont b\u00e9n\u00e9fici\u00e9 de la mise en place d\u2019un nouveau proc\u00e9d\u00e9 technique, l\u2019enregistrement des trac\u00e9s des structures par GPS diff\u00e9rentiel. Pr\u00e9c\u00e9d\u00e9e par une formation d\u00e9livr\u00e9e sur le terrain m\u00eame par Laure Saligny (UMS 2739 Dijon et R\u00e9seau ISA) la prospection GPS a permis un gain de temps tr\u00e8s appr\u00e9ciable et ouvert de nouvelles perspectives d\u2019analyse. 75 structures suppl\u00e9mentaires ont \u00e9t\u00e9 relev\u00e9es, r\u00e9parties en 10 entit\u00e9s dont certaines tr\u00e8s complexes. Cela porte \u00e0 60% du territoire la surface prospect\u00e9e avec un nombre total de 263 structures, r\u00e9parties en 71 entit\u00e9s ou sites. Un premier traitement statistique des donn\u00e9es de cette base par structures et par entit\u00e9s a \u00e9t\u00e9 amorc\u00e9 dans un article collectif (Calastrenc <i>et al.<\/i>, 2006). Le travail s\u2019est poursuivi dans le rapport 2006. Il porte sur la discrimination entre structures d\u2019habitat et de parcage, sur le relation entre degr\u00e9 de conservation et identification des structures, sur la dispersion des superficies autour des types les plus caract\u00e9ristiques (cabanes, enclos, couloirs), enfin sur la lecture superficielle de l\u2019h\u00e9t\u00e9rog\u00e9n\u00e9it\u00e9 des sites (simples ou complexes\u00a0; mono ou polyphas\u00e9s). Le traitement de la r\u00e9partition spatiale des diff\u00e9rentes cat\u00e9gories de sites et la mise en relation des typologies avec les r\u00e9sultats des sondages est un travail de fond qui verra son ach\u00e8vement en 2008, l\u2019ann\u00e9e 2007 devant aboutir \u00e0 la prospection int\u00e9grale du p\u00e2turage.<\/p>\n<p>Bibliographie\u00a0:<\/p>\n<p>CALASTRENC C., LE COUEDIC M., RENDU Ch., avec la collaboration de BAL M-Cl, Arch\u00e9ologie pastorale en vall\u00e9e d\u2019Ossau \u2013 Probl\u00e9matiques, m\u00e9thodes et premiers r\u00e9sultats, <i>Arch\u00e9ologie des Pyr\u00e9n\u00e9es Occidentales et des Landes<\/i>, 2006, t. 25, pp. 11-30<\/p>\n<p>&nbsp;<\/p>\n<p>&nbsp;<\/p>\n","protected":false},"excerpt":{"rendered":"<p>* Aneou (Commune de Laruns, syndicat pastoral du Bas-Ossau). C. Calastrenc\u00a0et M. Le Cou\u00e9dic (coordination au sein du PCR\u00a0: C. Rendu) \u00a0Prenant part au PCR \u00ab\u00a0Dynamiques sociales, spatiales [..]<\/p>\n","protected":false},"author":116,"featured_media":0,"comment_status":"closed","ping_status":"open","sticky":false,"template":"","format":"standard","meta":{"footnotes":""},"categories":[18585,18563,20202,18566,20027,18586],"tags":[18587,20199,20031,18576,20033,42038,20214,20032,20193,527,42039,20025,18569,20198,42040,20228,20194],"class_list":["post-151","post","type-post","status-publish","format-standard","hentry","category-analyse-spatiale","category-dgps","category-fouille-archeologique","category-multi-methode","category-prospection","category-sig","tag-analyse-spatiale-2","tag-aneou","tag-archeologie-pastorale","tag-archeologie-rurale","tag-cabane","tag-dgps","tag-diachronique","tag-enclos","tag-inventaire-archeologique","tag-montagne","tag-multi-methode","tag-ossau","tag-prospection-pedestre","tag-pyrenees-atlantiques","tag-sig","tag-sondages-archeologiques","tag-structures-pastorales"],"_links":{"self":[{"href":"https:\/\/blogs.univ-tlse2.fr\/plateformeterrae\/wp-json\/wp\/v2\/posts\/151","targetHints":{"allow":["GET"]}}],"collection":[{"href":"https:\/\/blogs.univ-tlse2.fr\/plateformeterrae\/wp-json\/wp\/v2\/posts"}],"about":[{"href":"https:\/\/blogs.univ-tlse2.fr\/plateformeterrae\/wp-json\/wp\/v2\/types\/post"}],"author":[{"embeddable":true,"href":"https:\/\/blogs.univ-tlse2.fr\/plateformeterrae\/wp-json\/wp\/v2\/users\/116"}],"replies":[{"embeddable":true,"href":"https:\/\/blogs.univ-tlse2.fr\/plateformeterrae\/wp-json\/wp\/v2\/comments?post=151"}],"version-history":[{"count":7,"href":"https:\/\/blogs.univ-tlse2.fr\/plateformeterrae\/wp-json\/wp\/v2\/posts\/151\/revisions"}],"predecessor-version":[{"id":337,"href":"https:\/\/blogs.univ-tlse2.fr\/plateformeterrae\/wp-json\/wp\/v2\/posts\/151\/revisions\/337"}],"wp:attachment":[{"href":"https:\/\/blogs.univ-tlse2.fr\/plateformeterrae\/wp-json\/wp\/v2\/media?parent=151"}],"wp:term":[{"taxonomy":"category","embeddable":true,"href":"https:\/\/blogs.univ-tlse2.fr\/plateformeterrae\/wp-json\/wp\/v2\/categories?post=151"},{"taxonomy":"post_tag","embeddable":true,"href":"https:\/\/blogs.univ-tlse2.fr\/plateformeterrae\/wp-json\/wp\/v2\/tags?post=151"}],"curies":[{"name":"wp","href":"https:\/\/api.w.org\/{rel}","templated":true}]}}