 {"id":349,"date":"2003-11-25T09:24:54","date_gmt":"2003-11-25T08:24:54","guid":{"rendered":"https:\/\/blogs.univ-tlse2.fr\/plateformeterrae\/?p=349"},"modified":"2013-05-22T09:35:01","modified_gmt":"2013-05-22T08:35:01","slug":"chantier-histoire","status":"publish","type":"post","link":"https:\/\/blogs.univ-tlse2.fr\/plateformeterrae\/2003\/11\/25\/chantier-histoire\/","title":{"rendered":"Chantier Histoire &#8211; Puigcerda"},"content":{"rendered":"<p>Sur le mod\u00e8le d&rsquo;un chantier arch\u00e9ologique, l&rsquo;\u00e9quipe Terrae met en place un chantier Histoire. Il a \u00a0pour but de transcrire, d&rsquo;ins\u00e9rer dans une base de donn\u00e9e informatis\u00e9e et d&rsquo;\u00e9tudier les Cabreu de Cerdagne.<\/p>\n<p>Ce chantier a lieu \u00e0 la Toussaint 2003 aux Archives de Puigcerda (Espagne)<\/p>\n<p>&nbsp;<\/p>\n","protected":false},"excerpt":{"rendered":"<p>Sur le mod\u00e8le d&rsquo;un chantier arch\u00e9ologique, l&rsquo;\u00e9quipe Terrae met en place un chantier Histoire. Il a \u00a0pour but de transcrire, d&rsquo;ins\u00e9rer dans une base de donn\u00e9e informatis\u00e9e et [..]<\/p>\n","protected":false},"author":116,"featured_media":0,"comment_status":"closed","ping_status":"open","sticky":false,"template":"","format":"standard","meta":{"footnotes":""},"categories":[20223],"tags":[20203,42041,18579,20229,527,20204],"class_list":["post-349","post","type-post","status-publish","format-standard","hentry","category-etude-documentaire","tag-cerdagne","tag-etude-documentaire","tag-medieval","tag-moderne","tag-montagne","tag-pyrenees-orientales"],"_links":{"self":[{"href":"https:\/\/blogs.univ-tlse2.fr\/plateformeterrae\/wp-json\/wp\/v2\/posts\/349","targetHints":{"allow":["GET"]}}],"collection":[{"href":"https:\/\/blogs.univ-tlse2.fr\/plateformeterrae\/wp-json\/wp\/v2\/posts"}],"about":[{"href":"https:\/\/blogs.univ-tlse2.fr\/plateformeterrae\/wp-json\/wp\/v2\/types\/post"}],"author":[{"embeddable":true,"href":"https:\/\/blogs.univ-tlse2.fr\/plateformeterrae\/wp-json\/wp\/v2\/users\/116"}],"replies":[{"embeddable":true,"href":"https:\/\/blogs.univ-tlse2.fr\/plateformeterrae\/wp-json\/wp\/v2\/comments?post=349"}],"version-history":[{"count":5,"href":"https:\/\/blogs.univ-tlse2.fr\/plateformeterrae\/wp-json\/wp\/v2\/posts\/349\/revisions"}],"predecessor-version":[{"id":359,"href":"https:\/\/blogs.univ-tlse2.fr\/plateformeterrae\/wp-json\/wp\/v2\/posts\/349\/revisions\/359"}],"wp:attachment":[{"href":"https:\/\/blogs.univ-tlse2.fr\/plateformeterrae\/wp-json\/wp\/v2\/media?parent=349"}],"wp:term":[{"taxonomy":"category","embeddable":true,"href":"https:\/\/blogs.univ-tlse2.fr\/plateformeterrae\/wp-json\/wp\/v2\/categories?post=349"},{"taxonomy":"post_tag","embeddable":true,"href":"https:\/\/blogs.univ-tlse2.fr\/plateformeterrae\/wp-json\/wp\/v2\/tags?post=349"}],"curies":[{"name":"wp","href":"https:\/\/api.w.org\/{rel}","templated":true}]}}