 {"id":436,"date":"2013-06-10T14:48:50","date_gmt":"2013-06-10T13:48:50","guid":{"rendered":"https:\/\/blogs.univ-tlse2.fr\/plateformeterrae\/?p=436"},"modified":"2014-12-08T16:55:24","modified_gmt":"2014-12-08T15:55:24","slug":"silla-del-papa-tarifa-espagne","status":"publish","type":"post","link":"https:\/\/blogs.univ-tlse2.fr\/plateformeterrae\/2013\/06\/10\/silla-del-papa-tarifa-espagne\/","title":{"rendered":"Silla del Papa (Tarifa &#8211; Espagne)"},"content":{"rendered":"<p>Une op\u00e9ration dirig\u00e9e par Pierre Moret s&rsquo;est d\u00e9roul\u00e9e \u00e0\u00a0Tarifa (Andalousie &#8211; Espagne), sur la rive nord du d\u00e9troit de Gibraltar.\u00a0Elle a concern\u00e9 le site indig\u00e8ne et punique de la Silla del Papa et la ville romaine de Baelo Claudia qui lui a succ\u00e9d\u00e9. Ce projet s&rsquo;inscrit dans une collaboration entre l&rsquo;UMR TRACES de Toulouse, le Conjunto Arqueologico de Baelo Claudia (Ivan Garcia) et l&rsquo;Universit\u00e9 d&rsquo;Alicante (Fernando Prados).<\/p>\n<p>Blog du projet de recherche :\u00a0<a href=\"https:\/\/blogs.univ-tlse2.fr\/archeostraits\/\" target=\"_blank\">https:\/\/blogs.univ-tlse2.fr\/archeostraits\/<\/a><\/p>\n<p>&nbsp;<\/p>\n<p>L&rsquo;implication de la plateforme a eut un quadruple but :<\/p>\n<p>1- Poursuivre les prospections-inventaires sur le site de hauteur,<\/p>\n<div id=\"attachment_449\" style=\"width: 210px\" class=\"wp-caption alignnone\"><a href=\"https:\/\/blogs.univ-tlse2.fr\/plateformeterrae\/files\/2013\/06\/IMG_9108-Pierre.png\"><img loading=\"lazy\" decoding=\"async\" aria-describedby=\"caption-attachment-449\" class=\"size-medium wp-image-449\" src=\"https:\/\/blogs.univ-tlse2.fr\/plateformeterrae\/files\/2013\/06\/IMG_9108-Pierre-200x300.png\" alt=\"Prospection et relev\u00e9 DGPS - Silla del papa - Pierre Moret\" width=\"200\" height=\"300\" srcset=\"https:\/\/blogs.univ-tlse2.fr\/plateformeterrae\/files\/2013\/06\/IMG_9108-Pierre-200x300.png 200w, https:\/\/blogs.univ-tlse2.fr\/plateformeterrae\/files\/2013\/06\/IMG_9108-Pierre.png 568w\" sizes=\"auto, (max-width: 200px) 100vw, 200px\" \/><\/a><p id=\"caption-attachment-449\" class=\"wp-caption-text\">Prospection et relev\u00e9 DGPS &#8211; Silla del Papa &#8211; Cr\u00e9dit photo: Fernando Prados<\/p><\/div>\n<p>&nbsp;<\/p>\n<p>&nbsp;<\/p>\n<p>2- Mettre en place des bornes topographiques sur l&rsquo;ensemble du site via un positionnement par DGPS<\/p>\n<div id=\"attachment_444\" style=\"width: 178px\" class=\"wp-caption alignnone\"><a href=\"https:\/\/blogs.univ-tlse2.fr\/plateformeterrae\/files\/2013\/06\/IMG_1427-Carine.png\"><img loading=\"lazy\" decoding=\"async\" aria-describedby=\"caption-attachment-444\" class=\"size-medium wp-image-444\" src=\"https:\/\/blogs.univ-tlse2.fr\/plateformeterrae\/files\/2013\/06\/IMG_1427-Carine-168x300.png\" alt=\"Relev\u00e9 DGPS - Silla del Papa - Cr\u00e9dits photo : C. Calastrenc\" width=\"168\" height=\"300\" srcset=\"https:\/\/blogs.univ-tlse2.fr\/plateformeterrae\/files\/2013\/06\/IMG_1427-Carine-168x300.png 168w, https:\/\/blogs.univ-tlse2.fr\/plateformeterrae\/files\/2013\/06\/IMG_1427-Carine.png 478w\" sizes=\"auto, (max-width: 168px) 100vw, 168px\" \/><\/a><p id=\"caption-attachment-444\" class=\"wp-caption-text\">Relev\u00e9 DGPS &#8211; Silla del Papa &#8211; Cr\u00e9dits photo : C. Calastrenc<\/p><\/div>\n<div id=\"attachment_438\" style=\"width: 310px\" class=\"wp-caption alignnone\"><a href=\"https:\/\/blogs.univ-tlse2.fr\/plateformeterrae\/files\/2013\/06\/DSC_0418-Pierre.png\"><img loading=\"lazy\" decoding=\"async\" aria-describedby=\"caption-attachment-438\" class=\"size-medium wp-image-438\" src=\"https:\/\/blogs.univ-tlse2.fr\/plateformeterrae\/files\/2013\/06\/DSC_0418-Pierre-300x199.png\" alt=\"Relev\u00e9 DGPS - Silla del Papa - Cr\u00e9dits photo : Pierre Moret\" width=\"300\" height=\"199\" srcset=\"https:\/\/blogs.univ-tlse2.fr\/plateformeterrae\/files\/2013\/06\/DSC_0418-Pierre-300x199.png 300w, https:\/\/blogs.univ-tlse2.fr\/plateformeterrae\/files\/2013\/06\/DSC_0418-Pierre-1024x680.png 1024w, https:\/\/blogs.univ-tlse2.fr\/plateformeterrae\/files\/2013\/06\/DSC_0418-Pierre.png 1772w\" sizes=\"auto, (max-width: 300px) 100vw, 300px\" \/><\/a><p id=\"caption-attachment-438\" class=\"wp-caption-text\">Relev\u00e9 DGPS &#8211; Silla del Papa &#8211; Cr\u00e9dits photo : Pierre Moret<\/p><\/div>\n<p>&nbsp;<\/p>\n<p>3- Commencer le relev\u00e9 des structures \u00e0 la station totale<\/p>\n<div id=\"attachment_440\" style=\"width: 310px\" class=\"wp-caption alignnone\"><a href=\"https:\/\/blogs.univ-tlse2.fr\/plateformeterrae\/files\/2013\/06\/DSC_0560-Pierre.png\"><img loading=\"lazy\" decoding=\"async\" aria-describedby=\"caption-attachment-440\" class=\"size-medium wp-image-440\" src=\"https:\/\/blogs.univ-tlse2.fr\/plateformeterrae\/files\/2013\/06\/DSC_0560-Pierre-300x199.png\" alt=\"Survol drone - Silla del Papa - Cr\u00e9dits photo : Fernando Prados\" width=\"300\" height=\"199\" srcset=\"https:\/\/blogs.univ-tlse2.fr\/plateformeterrae\/files\/2013\/06\/DSC_0560-Pierre-300x199.png 300w, https:\/\/blogs.univ-tlse2.fr\/plateformeterrae\/files\/2013\/06\/DSC_0560-Pierre-1024x680.png 1024w, https:\/\/blogs.univ-tlse2.fr\/plateformeterrae\/files\/2013\/06\/DSC_0560-Pierre.png 1772w\" sizes=\"auto, (max-width: 300px) 100vw, 300px\" \/><\/a><p id=\"caption-attachment-440\" class=\"wp-caption-text\">Relev\u00e9 topographique &#8211; Silla del Papa &#8211; Cr\u00e9dits photo : Pierre Moret<\/p><\/div>\n<p>4- Avoir une couverture a\u00e9rienne par drone du rempart et de la zone habit\u00e9e pour en avoir un Mod\u00e8le Num\u00e9rique 3D par photogramm\u00e9trie.<\/p>\n<div id=\"attachment_451\" style=\"width: 210px\" class=\"wp-caption alignnone\"><a href=\"https:\/\/blogs.univ-tlse2.fr\/plateformeterrae\/files\/2013\/06\/IMG_9196-Fernando.png\"><img loading=\"lazy\" decoding=\"async\" aria-describedby=\"caption-attachment-451\" class=\"size-medium wp-image-451\" src=\"https:\/\/blogs.univ-tlse2.fr\/plateformeterrae\/files\/2013\/06\/IMG_9196-Fernando-200x300.png\" alt=\"Survol drone - Silla del Papa - Cr\u00e9dits photo : Fernando Prados\" width=\"200\" height=\"300\" srcset=\"https:\/\/blogs.univ-tlse2.fr\/plateformeterrae\/files\/2013\/06\/IMG_9196-Fernando-200x300.png 200w, https:\/\/blogs.univ-tlse2.fr\/plateformeterrae\/files\/2013\/06\/IMG_9196-Fernando.png 568w\" sizes=\"auto, (max-width: 200px) 100vw, 200px\" \/><\/a><p id=\"caption-attachment-451\" class=\"wp-caption-text\">Survol drone &#8211; Silla del Papa &#8211; Cr\u00e9dits photo : Fernando Prados<\/p><\/div>\n<div id=\"attachment_450\" style=\"width: 310px\" class=\"wp-caption alignnone\"><a href=\"https:\/\/blogs.univ-tlse2.fr\/plateformeterrae\/files\/2013\/06\/IMG_9153-Fernando.png\"><img loading=\"lazy\" decoding=\"async\" aria-describedby=\"caption-attachment-450\" class=\"size-medium wp-image-450\" src=\"https:\/\/blogs.univ-tlse2.fr\/plateformeterrae\/files\/2013\/06\/IMG_9153-Fernando-300x200.png\" alt=\"Survol drone - Silla del Papa - Cr\u00e9dits photo : Fernando Prados\" width=\"300\" height=\"200\" srcset=\"https:\/\/blogs.univ-tlse2.fr\/plateformeterrae\/files\/2013\/06\/IMG_9153-Fernando-300x200.png 300w, https:\/\/blogs.univ-tlse2.fr\/plateformeterrae\/files\/2013\/06\/IMG_9153-Fernando.png 850w\" sizes=\"auto, (max-width: 300px) 100vw, 300px\" \/><\/a><p id=\"caption-attachment-450\" class=\"wp-caption-text\">Survol drone &#8211; Silla del Papa &#8211; Cr\u00e9dits photo : Fernando Prados<\/p><\/div>\n<div id=\"attachment_441\" style=\"width: 178px\" class=\"wp-caption alignnone\"><a href=\"https:\/\/blogs.univ-tlse2.fr\/plateformeterrae\/files\/2013\/06\/IMG_1294-Carine.png\"><img loading=\"lazy\" decoding=\"async\" aria-describedby=\"caption-attachment-441\" class=\"size-medium wp-image-441\" src=\"https:\/\/blogs.univ-tlse2.fr\/plateformeterrae\/files\/2013\/06\/IMG_1294-Carine-168x300.png\" alt=\"Survol drone - Silla del Papa - Cr\u00e9dits photo : C. Calastrenc\" width=\"168\" height=\"300\" srcset=\"https:\/\/blogs.univ-tlse2.fr\/plateformeterrae\/files\/2013\/06\/IMG_1294-Carine-168x300.png 168w, https:\/\/blogs.univ-tlse2.fr\/plateformeterrae\/files\/2013\/06\/IMG_1294-Carine.png 478w\" sizes=\"auto, (max-width: 168px) 100vw, 168px\" \/><\/a><p id=\"caption-attachment-441\" class=\"wp-caption-text\">Survol drone &#8211; Silla del Papa &#8211; Cr\u00e9dits photo : C. Calastrenc<\/p><\/div>\n<div id=\"attachment_439\" style=\"width: 310px\" class=\"wp-caption alignnone\"><a href=\"https:\/\/blogs.univ-tlse2.fr\/plateformeterrae\/files\/2013\/06\/DSC_0419-Pierre.png\"><img loading=\"lazy\" decoding=\"async\" aria-describedby=\"caption-attachment-439\" class=\"size-medium wp-image-439\" src=\"https:\/\/blogs.univ-tlse2.fr\/plateformeterrae\/files\/2013\/06\/DSC_0419-Pierre-300x199.png\" alt=\"Survol drone - Silla del Papa - Cr\u00e9dits photo : Pierre Moret\" width=\"300\" height=\"199\" srcset=\"https:\/\/blogs.univ-tlse2.fr\/plateformeterrae\/files\/2013\/06\/DSC_0419-Pierre-300x199.png 300w, https:\/\/blogs.univ-tlse2.fr\/plateformeterrae\/files\/2013\/06\/DSC_0419-Pierre-1024x680.png 1024w, https:\/\/blogs.univ-tlse2.fr\/plateformeterrae\/files\/2013\/06\/DSC_0419-Pierre.png 1772w\" sizes=\"auto, (max-width: 300px) 100vw, 300px\" \/><\/a><p id=\"caption-attachment-439\" class=\"wp-caption-text\">Survol drone &#8211; Silla del Papa &#8211; Cr\u00e9dits photo : Pierre Moret<\/p><\/div>\n<p>ce qui a demand\u00e9 de prendre des points topographique \u00e0 la Station totale des parois trait\u00e9es par photogramm\u00e9trie<\/p>\n<div id=\"attachment_447\" style=\"width: 310px\" class=\"wp-caption alignnone\"><a href=\"https:\/\/blogs.univ-tlse2.fr\/plateformeterrae\/files\/2013\/06\/IMG_1688-Carine.png\"><img loading=\"lazy\" decoding=\"async\" aria-describedby=\"caption-attachment-447\" class=\"size-medium wp-image-447\" src=\"https:\/\/blogs.univ-tlse2.fr\/plateformeterrae\/files\/2013\/06\/IMG_1688-Carine-300x168.png\" alt=\"Relev\u00e9 Station totale - Silla del Papa - Cr\u00e9dits photo : N. Poirier\" width=\"300\" height=\"168\" srcset=\"https:\/\/blogs.univ-tlse2.fr\/plateformeterrae\/files\/2013\/06\/IMG_1688-Carine-300x168.png 300w, https:\/\/blogs.univ-tlse2.fr\/plateformeterrae\/files\/2013\/06\/IMG_1688-Carine.png 850w\" sizes=\"auto, (max-width: 300px) 100vw, 300px\" \/><\/a><p id=\"caption-attachment-447\" class=\"wp-caption-text\">Relev\u00e9 Station totale &#8211; Silla del Papa &#8211; Cr\u00e9dits photo : N. Poirier<\/p><\/div>\n<div id=\"attachment_446\" style=\"width: 178px\" class=\"wp-caption alignnone\"><a href=\"https:\/\/blogs.univ-tlse2.fr\/plateformeterrae\/files\/2013\/06\/IMG_1685-Carine.png\"><img loading=\"lazy\" decoding=\"async\" aria-describedby=\"caption-attachment-446\" class=\"size-medium wp-image-446\" src=\"https:\/\/blogs.univ-tlse2.fr\/plateformeterrae\/files\/2013\/06\/IMG_1685-Carine-168x300.png\" alt=\"Relev\u00e9 Station totale - Silla del Papa - Cr\u00e9dits photo : N. Poirier\" width=\"168\" height=\"300\" srcset=\"https:\/\/blogs.univ-tlse2.fr\/plateformeterrae\/files\/2013\/06\/IMG_1685-Carine-168x300.png 168w, https:\/\/blogs.univ-tlse2.fr\/plateformeterrae\/files\/2013\/06\/IMG_1685-Carine.png 478w\" sizes=\"auto, (max-width: 168px) 100vw, 168px\" \/><\/a><p id=\"caption-attachment-446\" class=\"wp-caption-text\">Relev\u00e9 Station totale &#8211; Silla del Papa &#8211; Cr\u00e9dits photo : N. Poirier<\/p><\/div>\n<p>&nbsp;<\/p>\n<p>&nbsp;<\/p>\n","protected":false},"excerpt":{"rendered":"<p>Une op\u00e9ration dirig\u00e9e par Pierre Moret s&rsquo;est d\u00e9roul\u00e9e \u00e0\u00a0Tarifa (Andalousie &#8211; Espagne), sur la rive nord du d\u00e9troit de Gibraltar.\u00a0Elle a concern\u00e9 le site indig\u00e8ne et punique de [..]<\/p>\n","protected":false},"author":116,"featured_media":0,"comment_status":"closed","ping_status":"open","sticky":false,"template":"","format":"standard","meta":{"footnotes":""},"categories":[18563,18566,12431,18584],"tags":[20242,42038,20241,237,20193,42039,42037,18569,20243],"class_list":["post-436","post","type-post","status-publish","format-standard","hentry","category-dgps","category-multi-methode","category-photogrammetrie","category-photographie-aerienne-2","tag-bolonia","tag-dgps","tag-drone","tag-espagne","tag-inventaire-archeologique","tag-multi-methode","tag-photogrammetrie","tag-prospection-pedestre","tag-releve-topographique"],"_links":{"self":[{"href":"https:\/\/blogs.univ-tlse2.fr\/plateformeterrae\/wp-json\/wp\/v2\/posts\/436","targetHints":{"allow":["GET"]}}],"collection":[{"href":"https:\/\/blogs.univ-tlse2.fr\/plateformeterrae\/wp-json\/wp\/v2\/posts"}],"about":[{"href":"https:\/\/blogs.univ-tlse2.fr\/plateformeterrae\/wp-json\/wp\/v2\/types\/post"}],"author":[{"embeddable":true,"href":"https:\/\/blogs.univ-tlse2.fr\/plateformeterrae\/wp-json\/wp\/v2\/users\/116"}],"replies":[{"embeddable":true,"href":"https:\/\/blogs.univ-tlse2.fr\/plateformeterrae\/wp-json\/wp\/v2\/comments?post=436"}],"version-history":[{"count":5,"href":"https:\/\/blogs.univ-tlse2.fr\/plateformeterrae\/wp-json\/wp\/v2\/posts\/436\/revisions"}],"predecessor-version":[{"id":900,"href":"https:\/\/blogs.univ-tlse2.fr\/plateformeterrae\/wp-json\/wp\/v2\/posts\/436\/revisions\/900"}],"wp:attachment":[{"href":"https:\/\/blogs.univ-tlse2.fr\/plateformeterrae\/wp-json\/wp\/v2\/media?parent=436"}],"wp:term":[{"taxonomy":"category","embeddable":true,"href":"https:\/\/blogs.univ-tlse2.fr\/plateformeterrae\/wp-json\/wp\/v2\/categories?post=436"},{"taxonomy":"post_tag","embeddable":true,"href":"https:\/\/blogs.univ-tlse2.fr\/plateformeterrae\/wp-json\/wp\/v2\/tags?post=436"}],"curies":[{"name":"wp","href":"https:\/\/api.w.org\/{rel}","templated":true}]}}