 {"id":453,"date":"2013-06-10T14:59:56","date_gmt":"2013-06-10T13:59:56","guid":{"rendered":"https:\/\/blogs.univ-tlse2.fr\/plateformeterrae\/?p=453"},"modified":"2013-07-22T08:15:40","modified_gmt":"2013-07-22T07:15:40","slug":"baleo-claudio-bolonia-tarifa-espagne","status":"publish","type":"post","link":"https:\/\/blogs.univ-tlse2.fr\/plateformeterrae\/2013\/06\/10\/baleo-claudio-bolonia-tarifa-espagne\/","title":{"rendered":"Baleo Claudia (Tarifa &#8211; Espagne)"},"content":{"rendered":"<p>Une op\u00e9ration de prospection-inventaire dirig\u00e9e par Laetitia Borau s&rsquo;est d\u00e9roul\u00e9es sur le syst\u00e8me des 3 aqueducs de la cit\u00e9 antique de\u00a0Baleo Claudia (Commune de Tarifa -Espagne).<\/p>\n<p>La plateforme Terrae a \u00e9t\u00e9 mise \u00e0 contribution pour deux volets :<\/p>\n<p>1- Un survol drone d&rsquo;un ancien pont \u00e0 arche.<\/p>\n<div id=\"attachment_454\" style=\"width: 310px\" class=\"wp-caption alignnone\"><a href=\"https:\/\/blogs.univ-tlse2.fr\/plateformeterrae\/files\/2013\/06\/DRONE-Aqueduc.png\"><img loading=\"lazy\" decoding=\"async\" aria-describedby=\"caption-attachment-454\" class=\"size-medium wp-image-454\" alt=\"Survol drone - Cr\u00e9dit photo : N. Poirier, C. Calastrenc, L. Borau\" src=\"https:\/\/blogs.univ-tlse2.fr\/plateformeterrae\/files\/2013\/06\/DRONE-Aqueduc-300x225.png\" width=\"300\" height=\"225\" srcset=\"https:\/\/blogs.univ-tlse2.fr\/plateformeterrae\/files\/2013\/06\/DRONE-Aqueduc-300x225.png 300w, https:\/\/blogs.univ-tlse2.fr\/plateformeterrae\/files\/2013\/06\/DRONE-Aqueduc.png 850w\" sizes=\"auto, (max-width: 300px) 100vw, 300px\" \/><\/a><p id=\"caption-attachment-454\" class=\"wp-caption-text\">Survol drone &#8211; Cr\u00e9dit photo : N. Poirier, C. Calastrenc, L. Borau<\/p><\/div>\n<p>&nbsp;<\/p>\n<p>2- Un relev\u00e9 au DGPS de l&rsquo;aqueduc et des structures associ\u00e9s pr\u00e9sents \u00e0 l&rsquo;int\u00e9rieur de l&rsquo;enceinte de al ville.<\/p>\n<div id=\"attachment_455\" style=\"width: 310px\" class=\"wp-caption alignnone\"><a href=\"https:\/\/blogs.univ-tlse2.fr\/plateformeterrae\/files\/2013\/06\/IMG_1708-Carine.png\"><img loading=\"lazy\" decoding=\"async\" aria-describedby=\"caption-attachment-455\" class=\"size-medium wp-image-455\" alt=\"Installation DGPS - Baelo - Cr\u00e9dit photo : N. Poirer\" src=\"https:\/\/blogs.univ-tlse2.fr\/plateformeterrae\/files\/2013\/06\/IMG_1708-Carine-300x168.png\" width=\"300\" height=\"168\" srcset=\"https:\/\/blogs.univ-tlse2.fr\/plateformeterrae\/files\/2013\/06\/IMG_1708-Carine-300x168.png 300w, https:\/\/blogs.univ-tlse2.fr\/plateformeterrae\/files\/2013\/06\/IMG_1708-Carine.png 850w\" sizes=\"auto, (max-width: 300px) 100vw, 300px\" \/><\/a><p id=\"caption-attachment-455\" class=\"wp-caption-text\">Installation DGPS &#8211; Baelo &#8211; Cr\u00e9dit photo : N. Poirer<\/p><\/div>\n<div id=\"attachment_456\" style=\"width: 310px\" class=\"wp-caption alignnone\"><a href=\"https:\/\/blogs.univ-tlse2.fr\/plateformeterrae\/files\/2013\/06\/IMG_1717-carine.png\"><img loading=\"lazy\" decoding=\"async\" aria-describedby=\"caption-attachment-456\" class=\"size-medium wp-image-456\" alt=\"DGPS - Baelo - Cr\u00e9dit photo : N. Poirer\" src=\"https:\/\/blogs.univ-tlse2.fr\/plateformeterrae\/files\/2013\/06\/IMG_1717-carine-300x168.png\" width=\"300\" height=\"168\" srcset=\"https:\/\/blogs.univ-tlse2.fr\/plateformeterrae\/files\/2013\/06\/IMG_1717-carine-300x168.png 300w, https:\/\/blogs.univ-tlse2.fr\/plateformeterrae\/files\/2013\/06\/IMG_1717-carine.png 850w\" sizes=\"auto, (max-width: 300px) 100vw, 300px\" \/><\/a><p id=\"caption-attachment-456\" class=\"wp-caption-text\">DGPS &#8211; Baelo &#8211; Cr\u00e9dit photo : N. Poirer<\/p><\/div>\n<p>&nbsp;<\/p>\n","protected":false},"excerpt":{"rendered":"<p>Une op\u00e9ration de prospection-inventaire dirig\u00e9e par Laetitia Borau s&rsquo;est d\u00e9roul\u00e9es sur le syst\u00e8me des 3 aqueducs de la cit\u00e9 antique de\u00a0Baleo Claudia (Commune de Tarifa -Espagne). La plateforme [..]<\/p>\n","protected":false},"author":116,"featured_media":0,"comment_status":"closed","ping_status":"open","sticky":false,"template":"","format":"standard","meta":{"footnotes":""},"categories":[18563,18584],"tags":[13659,42038,237,18574],"class_list":["post-453","post","type-post","status-publish","format-standard","hentry","category-dgps","category-photographie-aerienne-2","tag-antiquite","tag-dgps","tag-espagne","tag-photographie-aerienne"],"_links":{"self":[{"href":"https:\/\/blogs.univ-tlse2.fr\/plateformeterrae\/wp-json\/wp\/v2\/posts\/453","targetHints":{"allow":["GET"]}}],"collection":[{"href":"https:\/\/blogs.univ-tlse2.fr\/plateformeterrae\/wp-json\/wp\/v2\/posts"}],"about":[{"href":"https:\/\/blogs.univ-tlse2.fr\/plateformeterrae\/wp-json\/wp\/v2\/types\/post"}],"author":[{"embeddable":true,"href":"https:\/\/blogs.univ-tlse2.fr\/plateformeterrae\/wp-json\/wp\/v2\/users\/116"}],"replies":[{"embeddable":true,"href":"https:\/\/blogs.univ-tlse2.fr\/plateformeterrae\/wp-json\/wp\/v2\/comments?post=453"}],"version-history":[{"count":4,"href":"https:\/\/blogs.univ-tlse2.fr\/plateformeterrae\/wp-json\/wp\/v2\/posts\/453\/revisions"}],"predecessor-version":[{"id":477,"href":"https:\/\/blogs.univ-tlse2.fr\/plateformeterrae\/wp-json\/wp\/v2\/posts\/453\/revisions\/477"}],"wp:attachment":[{"href":"https:\/\/blogs.univ-tlse2.fr\/plateformeterrae\/wp-json\/wp\/v2\/media?parent=453"}],"wp:term":[{"taxonomy":"category","embeddable":true,"href":"https:\/\/blogs.univ-tlse2.fr\/plateformeterrae\/wp-json\/wp\/v2\/categories?post=453"},{"taxonomy":"post_tag","embeddable":true,"href":"https:\/\/blogs.univ-tlse2.fr\/plateformeterrae\/wp-json\/wp\/v2\/tags?post=453"}],"curies":[{"name":"wp","href":"https:\/\/api.w.org\/{rel}","templated":true}]}}