 {"id":459,"date":"2013-06-10T15:18:59","date_gmt":"2013-06-10T14:18:59","guid":{"rendered":"https:\/\/blogs.univ-tlse2.fr\/plateformeterrae\/?p=459"},"modified":"2013-07-22T08:14:41","modified_gmt":"2013-07-22T07:14:41","slug":"baelo-claudio-tarifa-espagne-2","status":"publish","type":"post","link":"https:\/\/blogs.univ-tlse2.fr\/plateformeterrae\/2013\/06\/10\/baelo-claudio-tarifa-espagne-2\/","title":{"rendered":"Baleo Claudia (Tarifa &#8211; Espagne) 2"},"content":{"rendered":"<p>En collaboration avec le projet \u00ab\u00a0N\u00e9cropole de Baelo Claudio\u00a0\u00bb dirig\u00e9 par Fernando Prados de l&rsquo;Universit\u00e9 d&rsquo;Alicante (<a href=\"http:\/\/blogs.ua.es\/fernandopradosmartinez\/\">http:\/\/blogs.ua.es\/fernandopradosmartinez\/<\/a>) un survol drone a \u00e9t\u00e9 effectu\u00e9 sur la n\u00e9cropole antique de la cit\u00e9 de Baelo Claudio.<\/p>\n<div id=\"attachment_460\" style=\"width: 310px\" class=\"wp-caption alignnone\"><a href=\"https:\/\/blogs.univ-tlse2.fr\/plateformeterrae\/files\/2013\/06\/P1030972.png\"><img loading=\"lazy\" decoding=\"async\" aria-describedby=\"caption-attachment-460\" class=\"size-medium wp-image-460\" alt=\"N\u00e9cropole antique - Baelo Claudio - Cr\u00e9dit Photo : N. Poirier, C. Calastrenc, F. Prados\" src=\"https:\/\/blogs.univ-tlse2.fr\/plateformeterrae\/files\/2013\/06\/P1030972-300x225.png\" width=\"300\" height=\"225\" srcset=\"https:\/\/blogs.univ-tlse2.fr\/plateformeterrae\/files\/2013\/06\/P1030972-300x225.png 300w, https:\/\/blogs.univ-tlse2.fr\/plateformeterrae\/files\/2013\/06\/P1030972.png 850w\" sizes=\"auto, (max-width: 300px) 100vw, 300px\" \/><\/a><p id=\"caption-attachment-460\" class=\"wp-caption-text\">N\u00e9cropole antique &#8211; Baelo Claudio &#8211; Cr\u00e9dit Photo : N. Poirier, C. Calastrenc, F. Prados<\/p><\/div>\n<div id=\"attachment_461\" style=\"width: 210px\" class=\"wp-caption alignnone\"><a href=\"https:\/\/blogs.univ-tlse2.fr\/plateformeterrae\/files\/2013\/06\/IMG_9409-Fernando.png\"><img loading=\"lazy\" decoding=\"async\" aria-describedby=\"caption-attachment-461\" class=\"size-medium wp-image-461\" alt=\"Survol drone - N\u00e9cropole de Baelo Claudio - Cr\u00e9dit photo : Fernando Prados\" src=\"https:\/\/blogs.univ-tlse2.fr\/plateformeterrae\/files\/2013\/06\/IMG_9409-Fernando-200x300.png\" width=\"200\" height=\"300\" srcset=\"https:\/\/blogs.univ-tlse2.fr\/plateformeterrae\/files\/2013\/06\/IMG_9409-Fernando-200x300.png 200w, https:\/\/blogs.univ-tlse2.fr\/plateformeterrae\/files\/2013\/06\/IMG_9409-Fernando.png 568w\" sizes=\"auto, (max-width: 200px) 100vw, 200px\" \/><\/a><p id=\"caption-attachment-461\" class=\"wp-caption-text\">Survol drone &#8211; N\u00e9cropole de Baelo Claudio &#8211; Cr\u00e9dit photo : Fernando Prados<\/p><\/div>\n<p>&nbsp;<\/p>\n<p>En plus, a \u00e9t\u00e9 r\u00e9alis\u00e9 un survol de la porte est de la cit\u00e9 antique (fouill\u00e9e par Ivan Garcia)<\/p>\n<div id=\"attachment_463\" style=\"width: 310px\" class=\"wp-caption alignnone\"><a href=\"https:\/\/blogs.univ-tlse2.fr\/plateformeterrae\/files\/2013\/06\/P1040258.png\"><img loading=\"lazy\" decoding=\"async\" aria-describedby=\"caption-attachment-463\" class=\"size-medium wp-image-463\" alt=\"Survol drone - Porte Beola Claudio - Cr\u00e9dit Photo : N. Poirier, C. Calastrenc, F. Prados\" src=\"https:\/\/blogs.univ-tlse2.fr\/plateformeterrae\/files\/2013\/06\/P1040258-300x225.png\" width=\"300\" height=\"225\" srcset=\"https:\/\/blogs.univ-tlse2.fr\/plateformeterrae\/files\/2013\/06\/P1040258-300x225.png 300w, https:\/\/blogs.univ-tlse2.fr\/plateformeterrae\/files\/2013\/06\/P1040258.png 850w\" sizes=\"auto, (max-width: 300px) 100vw, 300px\" \/><\/a><p id=\"caption-attachment-463\" class=\"wp-caption-text\">Survol drone &#8211; Porte Baelo Claudio &#8211; Cr\u00e9dit Photo : N. Poirier, C. Calastrenc, F. Prados<\/p><\/div>\n<div id=\"attachment_462\" style=\"width: 310px\" class=\"wp-caption alignnone\"><a href=\"https:\/\/blogs.univ-tlse2.fr\/plateformeterrae\/files\/2013\/06\/IMG_9413-Fernando.png\"><img loading=\"lazy\" decoding=\"async\" aria-describedby=\"caption-attachment-462\" class=\"size-medium wp-image-462\" alt=\"Survol drone - Porte Beola Claudio - Cr\u00e9dit Photo : Fernando Prados\" src=\"https:\/\/blogs.univ-tlse2.fr\/plateformeterrae\/files\/2013\/06\/IMG_9413-Fernando-300x200.png\" width=\"300\" height=\"200\" srcset=\"https:\/\/blogs.univ-tlse2.fr\/plateformeterrae\/files\/2013\/06\/IMG_9413-Fernando-300x200.png 300w, https:\/\/blogs.univ-tlse2.fr\/plateformeterrae\/files\/2013\/06\/IMG_9413-Fernando.png 850w\" sizes=\"auto, (max-width: 300px) 100vw, 300px\" \/><\/a><p id=\"caption-attachment-462\" class=\"wp-caption-text\">Survol drone &#8211; Porte Baelo Claudio &#8211; Cr\u00e9dit Photo : Fernando Prados<\/p><\/div>\n<p>&nbsp;<\/p>\n","protected":false},"excerpt":{"rendered":"<p>En collaboration avec le projet \u00ab\u00a0N\u00e9cropole de Baelo Claudio\u00a0\u00bb dirig\u00e9 par Fernando Prados de l&rsquo;Universit\u00e9 d&rsquo;Alicante (http:\/\/blogs.ua.es\/fernandopradosmartinez\/) un survol drone a \u00e9t\u00e9 effectu\u00e9 sur la n\u00e9cropole antique de [..]<\/p>\n","protected":false},"author":116,"featured_media":0,"comment_status":"closed","ping_status":"open","sticky":false,"template":"","format":"standard","meta":{"footnotes":""},"categories":[18584],"tags":[13659,237,18574],"class_list":["post-459","post","type-post","status-publish","format-standard","hentry","category-photographie-aerienne-2","tag-antiquite","tag-espagne","tag-photographie-aerienne"],"_links":{"self":[{"href":"https:\/\/blogs.univ-tlse2.fr\/plateformeterrae\/wp-json\/wp\/v2\/posts\/459","targetHints":{"allow":["GET"]}}],"collection":[{"href":"https:\/\/blogs.univ-tlse2.fr\/plateformeterrae\/wp-json\/wp\/v2\/posts"}],"about":[{"href":"https:\/\/blogs.univ-tlse2.fr\/plateformeterrae\/wp-json\/wp\/v2\/types\/post"}],"author":[{"embeddable":true,"href":"https:\/\/blogs.univ-tlse2.fr\/plateformeterrae\/wp-json\/wp\/v2\/users\/116"}],"replies":[{"embeddable":true,"href":"https:\/\/blogs.univ-tlse2.fr\/plateformeterrae\/wp-json\/wp\/v2\/comments?post=459"}],"version-history":[{"count":3,"href":"https:\/\/blogs.univ-tlse2.fr\/plateformeterrae\/wp-json\/wp\/v2\/posts\/459\/revisions"}],"predecessor-version":[{"id":475,"href":"https:\/\/blogs.univ-tlse2.fr\/plateformeterrae\/wp-json\/wp\/v2\/posts\/459\/revisions\/475"}],"wp:attachment":[{"href":"https:\/\/blogs.univ-tlse2.fr\/plateformeterrae\/wp-json\/wp\/v2\/media?parent=459"}],"wp:term":[{"taxonomy":"category","embeddable":true,"href":"https:\/\/blogs.univ-tlse2.fr\/plateformeterrae\/wp-json\/wp\/v2\/categories?post=459"},{"taxonomy":"post_tag","embeddable":true,"href":"https:\/\/blogs.univ-tlse2.fr\/plateformeterrae\/wp-json\/wp\/v2\/tags?post=459"}],"curies":[{"name":"wp","href":"https:\/\/api.w.org\/{rel}","templated":true}]}}