 {"id":480,"date":"2013-06-15T08:47:23","date_gmt":"2013-06-15T07:47:23","guid":{"rendered":"https:\/\/blogs.univ-tlse2.fr\/plateformeterrae\/?p=480"},"modified":"2013-07-22T09:20:56","modified_gmt":"2013-07-22T08:20:56","slug":"castellas-odeillo-pyrenees-orientales-2","status":"publish","type":"post","link":"https:\/\/blogs.univ-tlse2.fr\/plateformeterrae\/2013\/06\/15\/castellas-odeillo-pyrenees-orientales-2\/","title":{"rendered":"Castellas (Odeillo &#8211; Pyr\u00e9n\u00e9es-Orientales)"},"content":{"rendered":"<p>Deux survols par drone ont \u00e9t\u00e9 r\u00e9alis\u00e9s au-dessus du site de Castellas (commune d&rsquo;Odeillo &#8211; Pyr\u00e9n\u00e9es-Orientales).<\/p>\n<p>Le premier vol pour une prospection thermique du site. Malheureusement, aucun indicateur arch\u00e9ologique n&rsquo;a pu \u00eatre relev\u00e9 sur les clich\u00e9s effectu\u00e9s.<\/p>\n<p><a style=\"font-weight: bold;font-size: 12px;text-align: center\" href=\"https:\/\/blogs.univ-tlse2.fr\/plateformeterrae\/files\/2013\/07\/IR_0831.jpg\"><img loading=\"lazy\" decoding=\"async\" class=\"size-medium wp-image-482\" alt=\"Prospection thermique - Odeillo\" src=\"https:\/\/blogs.univ-tlse2.fr\/plateformeterrae\/files\/2013\/07\/IR_0831-300x225.jpg\" width=\"300\" height=\"225\" srcset=\"https:\/\/blogs.univ-tlse2.fr\/plateformeterrae\/files\/2013\/07\/IR_0831-300x225.jpg 300w, https:\/\/blogs.univ-tlse2.fr\/plateformeterrae\/files\/2013\/07\/IR_0831.jpg 640w\" sizes=\"auto, (max-width: 300px) 100vw, 300px\" \/><\/a><\/p>\n<dl class=\"wp-caption alignnone\" id=\"attachment_482\" style=\"width: 310px\">\n<dd class=\"wp-caption-dd\">Prospection thermique &#8211; Odeillo &#8211; N. Poirier\/C. Calastrenc<\/dd>\n<\/dl>\n<p>&nbsp;<\/p>\n<p>Le second vol pour l&rsquo;acquisition d&rsquo;image pour la r\u00e9alisation d&rsquo;un Mod\u00e8le num\u00e9rique de terrain par photogramm\u00e9trie.<\/p>\n<div id=\"attachment_483\" style=\"width: 307px\" class=\"wp-caption alignnone\"><a href=\"https:\/\/blogs.univ-tlse2.fr\/plateformeterrae\/files\/2013\/07\/vol2.png\"><img loading=\"lazy\" decoding=\"async\" aria-describedby=\"caption-attachment-483\" class=\"size-medium wp-image-483\" alt=\"Orthophoto du site d'Odeillo\" src=\"https:\/\/blogs.univ-tlse2.fr\/plateformeterrae\/files\/2013\/07\/vol2-297x300.png\" width=\"297\" height=\"300\" srcset=\"https:\/\/blogs.univ-tlse2.fr\/plateformeterrae\/files\/2013\/07\/vol2-297x300.png 297w, https:\/\/blogs.univ-tlse2.fr\/plateformeterrae\/files\/2013\/07\/vol2-1016x1024.png 1016w, https:\/\/blogs.univ-tlse2.fr\/plateformeterrae\/files\/2013\/07\/vol2.png 1417w\" sizes=\"auto, (max-width: 297px) 100vw, 297px\" \/><\/a><p id=\"caption-attachment-483\" class=\"wp-caption-text\">Orthophoto du site d&rsquo;Odeillo &#8211; C. Calastrenc<\/p><\/div>\n<div>\n<div id=\"attachment_487\" style=\"width: 310px\" class=\"wp-caption alignnone\"><a href=\"https:\/\/blogs.univ-tlse2.fr\/plateformeterrae\/files\/2013\/06\/Vol-haut.png\"><img loading=\"lazy\" decoding=\"async\" aria-describedby=\"caption-attachment-487\" class=\"size-medium wp-image-487\" alt=\"Photogramm\u00e9trie - Castellas - odeillo\" src=\"https:\/\/blogs.univ-tlse2.fr\/plateformeterrae\/files\/2013\/06\/Vol-haut-300x169.png\" width=\"300\" height=\"169\" srcset=\"https:\/\/blogs.univ-tlse2.fr\/plateformeterrae\/files\/2013\/06\/Vol-haut-300x169.png 300w, https:\/\/blogs.univ-tlse2.fr\/plateformeterrae\/files\/2013\/06\/Vol-haut-1024x576.png 1024w, https:\/\/blogs.univ-tlse2.fr\/plateformeterrae\/files\/2013\/06\/Vol-haut.png 1917w\" sizes=\"auto, (max-width: 300px) 100vw, 300px\" \/><\/a><p id=\"caption-attachment-487\" class=\"wp-caption-text\">Photogramm\u00e9trie &#8211; Castellas &#8211; Odeillo &#8211; C. Calastrenc<\/p><\/div>\n<\/div>\n<p>&nbsp;<\/p>\n","protected":false},"excerpt":{"rendered":"<p>Deux survols par drone ont \u00e9t\u00e9 r\u00e9alis\u00e9s au-dessus du site de Castellas (commune d&rsquo;Odeillo &#8211; Pyr\u00e9n\u00e9es-Orientales). Le premier vol pour une prospection thermique du site. Malheureusement, aucun indicateur [..]<\/p>\n","protected":false},"author":116,"featured_media":0,"comment_status":"closed","ping_status":"open","sticky":false,"template":"","format":"standard","meta":{"footnotes":""},"categories":[12431,18584,12430],"tags":[18576,20203,527,42037,18574,18581,576],"class_list":["post-480","post","type-post","status-publish","format-standard","hentry","category-photogrammetrie","category-photographie-aerienne-2","category-thermographie","tag-archeologie-rurale","tag-cerdagne","tag-montagne","tag-photogrammetrie","tag-photographie-aerienne","tag-systeme-a-terrasse","tag-terroir"],"_links":{"self":[{"href":"https:\/\/blogs.univ-tlse2.fr\/plateformeterrae\/wp-json\/wp\/v2\/posts\/480","targetHints":{"allow":["GET"]}}],"collection":[{"href":"https:\/\/blogs.univ-tlse2.fr\/plateformeterrae\/wp-json\/wp\/v2\/posts"}],"about":[{"href":"https:\/\/blogs.univ-tlse2.fr\/plateformeterrae\/wp-json\/wp\/v2\/types\/post"}],"author":[{"embeddable":true,"href":"https:\/\/blogs.univ-tlse2.fr\/plateformeterrae\/wp-json\/wp\/v2\/users\/116"}],"replies":[{"embeddable":true,"href":"https:\/\/blogs.univ-tlse2.fr\/plateformeterrae\/wp-json\/wp\/v2\/comments?post=480"}],"version-history":[{"count":3,"href":"https:\/\/blogs.univ-tlse2.fr\/plateformeterrae\/wp-json\/wp\/v2\/posts\/480\/revisions"}],"predecessor-version":[{"id":485,"href":"https:\/\/blogs.univ-tlse2.fr\/plateformeterrae\/wp-json\/wp\/v2\/posts\/480\/revisions\/485"}],"wp:attachment":[{"href":"https:\/\/blogs.univ-tlse2.fr\/plateformeterrae\/wp-json\/wp\/v2\/media?parent=480"}],"wp:term":[{"taxonomy":"category","embeddable":true,"href":"https:\/\/blogs.univ-tlse2.fr\/plateformeterrae\/wp-json\/wp\/v2\/categories?post=480"},{"taxonomy":"post_tag","embeddable":true,"href":"https:\/\/blogs.univ-tlse2.fr\/plateformeterrae\/wp-json\/wp\/v2\/tags?post=480"}],"curies":[{"name":"wp","href":"https:\/\/api.w.org\/{rel}","templated":true}]}}