 {"id":902,"date":"2015-01-19T16:17:42","date_gmt":"2015-01-19T15:17:42","guid":{"rendered":"https:\/\/blogs.univ-tlse2.fr\/plateformeterrae\/?p=902"},"modified":"2015-01-20T16:41:27","modified_gmt":"2015-01-20T15:41:27","slug":"lagrasse-aude-releve-topographique-de-la-hall-centrale-a-lorbieu","status":"publish","type":"post","link":"https:\/\/blogs.univ-tlse2.fr\/plateformeterrae\/2015\/01\/19\/lagrasse-aude-releve-topographique-de-la-hall-centrale-a-lorbieu\/","title":{"rendered":"Lagrasse (Aude) &#8211; Relev\u00e9 topographique de la hall centrale \u00e0 l&rsquo;Orbieu"},"content":{"rendered":"<p>Un relev\u00e9 topographique a \u00e9t\u00e9 r\u00e9alis\u00e9 ce lundi 19 janvier par<a title=\"Bastien Lefebvre\" href=\"http:\/\/traces.univ-tlse2.fr\/accueil-traces\/equipes-et-poles-de-recherche\/terrae-archeologie-et-histoire-des-societes-medievales-meridionales\/lefebvre-bastien-55506.kjsp?RH=annuaire_traces\" target=\"_blank\"> Bastien Lefebvre<\/a>, <a title=\"Julien Foltran\" href=\"http:\/\/traces.univ-tlse2.fr\/accueil-traces\/equipes-de-recherche\/equipe-terrae-archeologie-et-histoire-des-societes-medievales-meridionales\/foltran-julien-157721.kjsp?RH=archeologie_traces\" target=\"_blank\">Julien Foltran<\/a> du laboratoire TRACES (UMR 5608) et <a title=\"Fredecrico Giacomello\" href=\"https:\/\/unipd.academia.edu\/FedericoGiacomello\" target=\"_blank\">Frederico Giacomello<\/a> du d\u00e9partement des biens culturels (DBC) de l&rsquo;Universit\u00e9 de Padou (Italie).<\/p>\n<p>Il s&rsquo;est agit de faire une coupe topographique allant de la hall centrale du village de Lagrasse \u00e0 la rivi\u00e8re L&rsquo;Orbieu en incluant l&rsquo;int\u00e9rieur des b\u00e2timents travers\u00e9s.<\/p>\n<div id=\"attachment_907\" style=\"width: 577px\" class=\"wp-caption alignnone\"><a href=\"https:\/\/blogs.univ-tlse2.fr\/plateformeterrae\/files\/2015\/01\/DSCF1063-1.jpg\"><img loading=\"lazy\" decoding=\"async\" aria-describedby=\"caption-attachment-907\" class=\"size-full wp-image-907\" src=\"https:\/\/blogs.univ-tlse2.fr\/plateformeterrae\/files\/2015\/01\/DSCF1063-1.jpg\" alt=\"Relev\u00e9 topographique - Coupe Halle-L'Orbieu (Cr\u00e9dit photo : Julien Foltran)\" width=\"567\" height=\"326\" srcset=\"https:\/\/blogs.univ-tlse2.fr\/plateformeterrae\/files\/2015\/01\/DSCF1063-1.jpg 567w, https:\/\/blogs.univ-tlse2.fr\/plateformeterrae\/files\/2015\/01\/DSCF1063-1-300x172.jpg 300w\" sizes=\"auto, (max-width: 567px) 100vw, 567px\" \/><\/a><p id=\"caption-attachment-907\" class=\"wp-caption-text\">Relev\u00e9 topographique &#8211; Coupe Halle-L&rsquo;Orbieu (Cr\u00e9dit photo : Julien Foltran)<\/p><\/div>\n<div id=\"attachment_909\" style=\"width: 600px\" class=\"wp-caption alignnone\"><a href=\"https:\/\/blogs.univ-tlse2.fr\/plateformeterrae\/files\/2015\/01\/IMG_9192-1.jpg\"><img loading=\"lazy\" decoding=\"async\" aria-describedby=\"caption-attachment-909\" class=\"size-large wp-image-909\" src=\"https:\/\/blogs.univ-tlse2.fr\/plateformeterrae\/files\/2015\/01\/IMG_9192-1-1024x768.jpg\" alt=\"Relev\u00e9 topographique - Coupe Halle-L'Orbieu (Cr\u00e9dit photo : Julien Foltran)\" width=\"590\" height=\"443\" srcset=\"https:\/\/blogs.univ-tlse2.fr\/plateformeterrae\/files\/2015\/01\/IMG_9192-1-1024x768.jpg 1024w, https:\/\/blogs.univ-tlse2.fr\/plateformeterrae\/files\/2015\/01\/IMG_9192-1-300x225.jpg 300w, https:\/\/blogs.univ-tlse2.fr\/plateformeterrae\/files\/2015\/01\/IMG_9192-1.jpg 1063w\" sizes=\"auto, (max-width: 590px) 100vw, 590px\" \/><\/a><p id=\"caption-attachment-909\" class=\"wp-caption-text\">Relev\u00e9 topographique &#8211; Coupe Halle-L&rsquo;Orbieu (Cr\u00e9dit photo : Julien Foltran)<\/p><\/div>\n<div id=\"attachment_910\" style=\"width: 600px\" class=\"wp-caption alignnone\"><a href=\"https:\/\/blogs.univ-tlse2.fr\/plateformeterrae\/files\/2015\/01\/IMG_8310-2.jpg\"><img loading=\"lazy\" decoding=\"async\" aria-describedby=\"caption-attachment-910\" class=\"size-large wp-image-910\" src=\"https:\/\/blogs.univ-tlse2.fr\/plateformeterrae\/files\/2015\/01\/IMG_8310-2-1024x768.jpg\" alt=\"Relev\u00e9 topographique - Coupe Halle-L'Orbieu (Cr\u00e9dit photo : Julien Foltran)\" width=\"590\" height=\"443\" srcset=\"https:\/\/blogs.univ-tlse2.fr\/plateformeterrae\/files\/2015\/01\/IMG_8310-2-1024x768.jpg 1024w, https:\/\/blogs.univ-tlse2.fr\/plateformeterrae\/files\/2015\/01\/IMG_8310-2-300x225.jpg 300w, https:\/\/blogs.univ-tlse2.fr\/plateformeterrae\/files\/2015\/01\/IMG_8310-2.jpg 1063w\" sizes=\"auto, (max-width: 590px) 100vw, 590px\" \/><\/a><p id=\"caption-attachment-910\" class=\"wp-caption-text\">Relev\u00e9 topographique &#8211; Coupe Halle-L&rsquo;Orbieu (Cr\u00e9dit photo : Julien Foltran)<\/p><\/div>\n<div id=\"attachment_911\" style=\"width: 600px\" class=\"wp-caption alignnone\"><a href=\"https:\/\/blogs.univ-tlse2.fr\/plateformeterrae\/files\/2015\/01\/IMG_8318-2.jpg\"><img loading=\"lazy\" decoding=\"async\" aria-describedby=\"caption-attachment-911\" class=\"size-large wp-image-911\" src=\"https:\/\/blogs.univ-tlse2.fr\/plateformeterrae\/files\/2015\/01\/IMG_8318-2-1024x768.jpg\" alt=\"Relev\u00e9 topographique - Coupe Halle-L'Orbieu (Cr\u00e9dit photo : Julien Foltran)\" width=\"590\" height=\"443\" srcset=\"https:\/\/blogs.univ-tlse2.fr\/plateformeterrae\/files\/2015\/01\/IMG_8318-2-1024x768.jpg 1024w, https:\/\/blogs.univ-tlse2.fr\/plateformeterrae\/files\/2015\/01\/IMG_8318-2-300x225.jpg 300w, https:\/\/blogs.univ-tlse2.fr\/plateformeterrae\/files\/2015\/01\/IMG_8318-2.jpg 1063w\" sizes=\"auto, (max-width: 590px) 100vw, 590px\" \/><\/a><p id=\"caption-attachment-911\" class=\"wp-caption-text\">Relev\u00e9 topographique &#8211; Coupe Halle-L&rsquo;Orbieu (Cr\u00e9dit photo : Julien Foltran)<\/p><\/div>\n<div id=\"attachment_912\" style=\"width: 600px\" class=\"wp-caption alignnone\"><a href=\"https:\/\/blogs.univ-tlse2.fr\/plateformeterrae\/files\/2015\/01\/IMG_8374-2.jpg\"><img loading=\"lazy\" decoding=\"async\" aria-describedby=\"caption-attachment-912\" class=\"size-large wp-image-912\" src=\"https:\/\/blogs.univ-tlse2.fr\/plateformeterrae\/files\/2015\/01\/IMG_8374-2-1024x768.jpg\" alt=\"Relev\u00e9 topographique - Coupe Halle-L'Orbieu (Cr\u00e9dit photo : Julien Foltran)\" width=\"590\" height=\"443\" srcset=\"https:\/\/blogs.univ-tlse2.fr\/plateformeterrae\/files\/2015\/01\/IMG_8374-2-1024x768.jpg 1024w, https:\/\/blogs.univ-tlse2.fr\/plateformeterrae\/files\/2015\/01\/IMG_8374-2-300x225.jpg 300w\" sizes=\"auto, (max-width: 590px) 100vw, 590px\" \/><\/a><p id=\"caption-attachment-912\" class=\"wp-caption-text\">Relev\u00e9 topographique &#8211; Coupe Halle-L&rsquo;Orbieu (Cr\u00e9dit photo : Julien Foltran)<\/p><\/div>\n<div id=\"attachment_908\" style=\"width: 600px\" class=\"wp-caption alignnone\"><a href=\"https:\/\/blogs.univ-tlse2.fr\/plateformeterrae\/files\/2015\/01\/E102-2.jpg\"><img loading=\"lazy\" decoding=\"async\" aria-describedby=\"caption-attachment-908\" class=\"size-large wp-image-908\" src=\"https:\/\/blogs.univ-tlse2.fr\/plateformeterrae\/files\/2015\/01\/E102-2-1024x768.jpg\" alt=\"Relev\u00e9 topographique - Coupe Halle-L'Orbieu (Cr\u00e9dit photo : Julien Foltran)\" width=\"590\" height=\"443\" srcset=\"https:\/\/blogs.univ-tlse2.fr\/plateformeterrae\/files\/2015\/01\/E102-2-1024x768.jpg 1024w, https:\/\/blogs.univ-tlse2.fr\/plateformeterrae\/files\/2015\/01\/E102-2-300x225.jpg 300w, https:\/\/blogs.univ-tlse2.fr\/plateformeterrae\/files\/2015\/01\/E102-2.jpg 1063w\" sizes=\"auto, (max-width: 590px) 100vw, 590px\" \/><\/a><p id=\"caption-attachment-908\" class=\"wp-caption-text\">Relev\u00e9 topographique &#8211; Coupe Halle-L&rsquo;Orbieu (Cr\u00e9dit photo : Julien Foltran)19<\/p><\/div>\n<p>&nbsp;<\/p>\n","protected":false},"excerpt":{"rendered":"<p>Un relev\u00e9 topographique a \u00e9t\u00e9 r\u00e9alis\u00e9 ce lundi 19 janvier par Bastien Lefebvre, Julien Foltran du laboratoire TRACES (UMR 5608) et Frederico Giacomello du d\u00e9partement des biens culturels [..]<\/p>\n","protected":false},"author":116,"featured_media":0,"comment_status":"closed","ping_status":"open","sticky":false,"template":"","format":"standard","meta":{"footnotes":""},"categories":[1,42014],"tags":[18587,20220,20218,42026,20219,20250,20251,18578],"class_list":["post-902","post","type-post","status-publish","format-standard","hentry","category-non-classe","category-topographie-2","tag-analyse-spatiale-2","tag-archeologie-du-bati","tag-aude","tag-coupe-topographique","tag-lagrasse","tag-station-totale","tag-topographie","tag-village"],"_links":{"self":[{"href":"https:\/\/blogs.univ-tlse2.fr\/plateformeterrae\/wp-json\/wp\/v2\/posts\/902","targetHints":{"allow":["GET"]}}],"collection":[{"href":"https:\/\/blogs.univ-tlse2.fr\/plateformeterrae\/wp-json\/wp\/v2\/posts"}],"about":[{"href":"https:\/\/blogs.univ-tlse2.fr\/plateformeterrae\/wp-json\/wp\/v2\/types\/post"}],"author":[{"embeddable":true,"href":"https:\/\/blogs.univ-tlse2.fr\/plateformeterrae\/wp-json\/wp\/v2\/users\/116"}],"replies":[{"embeddable":true,"href":"https:\/\/blogs.univ-tlse2.fr\/plateformeterrae\/wp-json\/wp\/v2\/comments?post=902"}],"version-history":[{"count":2,"href":"https:\/\/blogs.univ-tlse2.fr\/plateformeterrae\/wp-json\/wp\/v2\/posts\/902\/revisions"}],"predecessor-version":[{"id":914,"href":"https:\/\/blogs.univ-tlse2.fr\/plateformeterrae\/wp-json\/wp\/v2\/posts\/902\/revisions\/914"}],"wp:attachment":[{"href":"https:\/\/blogs.univ-tlse2.fr\/plateformeterrae\/wp-json\/wp\/v2\/media?parent=902"}],"wp:term":[{"taxonomy":"category","embeddable":true,"href":"https:\/\/blogs.univ-tlse2.fr\/plateformeterrae\/wp-json\/wp\/v2\/categories?post=902"},{"taxonomy":"post_tag","embeddable":true,"href":"https:\/\/blogs.univ-tlse2.fr\/plateformeterrae\/wp-json\/wp\/v2\/tags?post=902"}],"curies":[{"name":"wp","href":"https:\/\/api.w.org\/{rel}","templated":true}]}}