 {"id":983,"date":"2015-05-06T11:10:36","date_gmt":"2015-05-06T10:10:36","guid":{"rendered":"https:\/\/blogs.univ-tlse2.fr\/plateformeterrae\/?p=983"},"modified":"2015-05-19T15:49:59","modified_gmt":"2015-05-19T14:49:59","slug":"labastides-du-temple-tarn-et-garonne-microtopographie-et-topographie-site-de-baudes","status":"publish","type":"post","link":"https:\/\/blogs.univ-tlse2.fr\/plateformeterrae\/2015\/05\/06\/labastides-du-temple-tarn-et-garonne-microtopographie-et-topographie-site-de-baudes\/","title":{"rendered":"Labastides-du-Temple (Tarn-et-Garonne) &#8211; Microtopographie et topographie &#8211; Site de Baudes"},"content":{"rendered":"<p>Aujourd&rsquo;hui, le relev\u00e9 topographique et micro-topographique du site de Baudes situ\u00e9 dans la commune de Labastide-du-Temple a \u00e9t\u00e9 r\u00e9alis\u00e9 par Florent Hautefeuille et Carine Calastrenc.<\/p>\n<div id=\"attachment_984\" style=\"width: 600px\" class=\"wp-caption alignnone\"><a href=\"https:\/\/blogs.univ-tlse2.fr\/plateformeterrae\/files\/2015\/05\/20150505_151112.jpg\"><img loading=\"lazy\" decoding=\"async\" aria-describedby=\"caption-attachment-984\" class=\"size-large wp-image-984\" src=\"https:\/\/blogs.univ-tlse2.fr\/plateformeterrae\/files\/2015\/05\/20150505_151112-1024x768.jpg\" alt=\"Relev\u00e9 topographie - Labastide du Temple (Clich\u00e9 : Carine Calastrenc)\" width=\"590\" height=\"443\" srcset=\"https:\/\/blogs.univ-tlse2.fr\/plateformeterrae\/files\/2015\/05\/20150505_151112-1024x768.jpg 1024w, https:\/\/blogs.univ-tlse2.fr\/plateformeterrae\/files\/2015\/05\/20150505_151112-300x225.jpg 300w\" sizes=\"auto, (max-width: 590px) 100vw, 590px\" \/><\/a><p id=\"caption-attachment-984\" class=\"wp-caption-text\">Relev\u00e9 topographie &#8211; Labastide du Temple (Clich\u00e9 : Carine Calastrenc)<\/p><\/div>\n<p><a href=\"https:\/\/blogs.univ-tlse2.fr\/plateformeterrae\/files\/2015\/05\/20150505_145746-e1430907788466.jpg\"><img loading=\"lazy\" decoding=\"async\" class=\"alignnone size-large wp-image-985\" src=\"https:\/\/blogs.univ-tlse2.fr\/plateformeterrae\/files\/2015\/05\/20150505_145746-e1430907788466-768x1024.jpg\" alt=\"20150505_145746\" width=\"590\" height=\"787\" srcset=\"https:\/\/blogs.univ-tlse2.fr\/plateformeterrae\/files\/2015\/05\/20150505_145746-e1430907788466-768x1024.jpg 768w, https:\/\/blogs.univ-tlse2.fr\/plateformeterrae\/files\/2015\/05\/20150505_145746-e1430907788466-225x300.jpg 225w\" sizes=\"auto, (max-width: 590px) 100vw, 590px\" \/><\/a><\/p>\n<div id=\"attachment_986\" style=\"width: 600px\" class=\"wp-caption alignnone\"><a href=\"https:\/\/blogs.univ-tlse2.fr\/plateformeterrae\/files\/2015\/05\/SIG.png\"><img loading=\"lazy\" decoding=\"async\" aria-describedby=\"caption-attachment-986\" class=\"size-large wp-image-986\" src=\"https:\/\/blogs.univ-tlse2.fr\/plateformeterrae\/files\/2015\/05\/SIG-1024x605.png\" alt=\"MNT site de Baudes - Logiciel ArcGis (R\u00e9alisation Carine Calastrenc et Florent Hautefeuille)\" width=\"590\" height=\"349\" srcset=\"https:\/\/blogs.univ-tlse2.fr\/plateformeterrae\/files\/2015\/05\/SIG-1024x605.png 1024w, https:\/\/blogs.univ-tlse2.fr\/plateformeterrae\/files\/2015\/05\/SIG-300x177.png 300w, https:\/\/blogs.univ-tlse2.fr\/plateformeterrae\/files\/2015\/05\/SIG.png 1629w\" sizes=\"auto, (max-width: 590px) 100vw, 590px\" \/><\/a><p id=\"caption-attachment-986\" class=\"wp-caption-text\">MNT site de Baudes &#8211; Logiciel ArcGis (R\u00e9alisation Carine Calastrenc et Florent Hautefeuille)<\/p><\/div>\n","protected":false},"excerpt":{"rendered":"<p>Aujourd&rsquo;hui, le relev\u00e9 topographique et micro-topographique du site de Baudes situ\u00e9 dans la commune de Labastide-du-Temple a \u00e9t\u00e9 r\u00e9alis\u00e9 par Florent Hautefeuille et Carine Calastrenc.<\/p>\n","protected":false},"author":116,"featured_media":0,"comment_status":"closed","ping_status":"open","sticky":false,"template":"","format":"standard","meta":{"footnotes":""},"categories":[18585,18566,42014],"tags":[18587,13659,18576,18579,42034,42039,42040,20221,576,20251],"class_list":["post-983","post","type-post","status-publish","format-standard","hentry","category-analyse-spatiale","category-multi-methode","category-topographie-2","tag-analyse-spatiale-2","tag-antiquite","tag-archeologie-rurale","tag-medieval","tag-microtopographie","tag-multi-methode","tag-sig","tag-tarn-et-garonne","tag-terroir","tag-topographie"],"_links":{"self":[{"href":"https:\/\/blogs.univ-tlse2.fr\/plateformeterrae\/wp-json\/wp\/v2\/posts\/983","targetHints":{"allow":["GET"]}}],"collection":[{"href":"https:\/\/blogs.univ-tlse2.fr\/plateformeterrae\/wp-json\/wp\/v2\/posts"}],"about":[{"href":"https:\/\/blogs.univ-tlse2.fr\/plateformeterrae\/wp-json\/wp\/v2\/types\/post"}],"author":[{"embeddable":true,"href":"https:\/\/blogs.univ-tlse2.fr\/plateformeterrae\/wp-json\/wp\/v2\/users\/116"}],"replies":[{"embeddable":true,"href":"https:\/\/blogs.univ-tlse2.fr\/plateformeterrae\/wp-json\/wp\/v2\/comments?post=983"}],"version-history":[{"count":1,"href":"https:\/\/blogs.univ-tlse2.fr\/plateformeterrae\/wp-json\/wp\/v2\/posts\/983\/revisions"}],"predecessor-version":[{"id":987,"href":"https:\/\/blogs.univ-tlse2.fr\/plateformeterrae\/wp-json\/wp\/v2\/posts\/983\/revisions\/987"}],"wp:attachment":[{"href":"https:\/\/blogs.univ-tlse2.fr\/plateformeterrae\/wp-json\/wp\/v2\/media?parent=983"}],"wp:term":[{"taxonomy":"category","embeddable":true,"href":"https:\/\/blogs.univ-tlse2.fr\/plateformeterrae\/wp-json\/wp\/v2\/categories?post=983"},{"taxonomy":"post_tag","embeddable":true,"href":"https:\/\/blogs.univ-tlse2.fr\/plateformeterrae\/wp-json\/wp\/v2\/tags?post=983"}],"curies":[{"name":"wp","href":"https:\/\/api.w.org\/{rel}","templated":true}]}}