 {"id":409,"date":"2013-11-17T17:39:36","date_gmt":"2013-11-17T16:39:36","guid":{"rendered":"https:\/\/blogs.univ-tlse2.fr\/tact\/?p=409"},"modified":"2013-11-17T17:39:36","modified_gmt":"2013-11-17T16:39:36","slug":"assemblee-generale-de-lassociation-jeudi-28-novembre","status":"publish","type":"post","link":"https:\/\/blogs.univ-tlse2.fr\/tact\/2013\/11\/17\/assemblee-generale-de-lassociation-jeudi-28-novembre\/","title":{"rendered":"Assembl\u00e9e G\u00e9n\u00e9rale de l&rsquo;association Jeudi 28 Novembre"},"content":{"rendered":"<p>L&rsquo;association TACT? vous convie \u00e0 son <strong><span style=\"color: #333399\">assembl\u00e9e g\u00e9n\u00e9rale le jeudi 28 novembre de 12h \u00e0 14h en salle D1<\/span><span style=\"color: #333399\">55<\/span><\/strong>.<br \/>\n\u00c0 l&rsquo;ordre du jour :<\/p>\n<ul>\n<li>Accueil des nouveaux membres<\/li>\n<li>R\u00e8glement des cotisations et signature des statuts de l&rsquo;association.<\/li>\n<li>Election du coll\u00e8ge et du bureau de l&rsquo;association. Pour l&rsquo;instant, l&rsquo;ancien bureau se repr\u00e9sente, exception faite du vice-pr\u00e9sident Allph@. Nous cherchons donc un(e) VP dans les rangs d&rsquo;Allph@. Toute personne int\u00e9ress\u00e9e pour le poste peut nous contacter par mail. Par ailleurs, le coll\u00e8ge r\u00e9unissant les membres qui ont le plus envie de s&rsquo;investir, les inscriptions sont ouvertes. Si une liste concurrente pour un autre bureau est envisag\u00e9e, nous vous saurions gr\u00e9 de nous l&rsquo;indiquer par mail \u00e9galement pour que nous puissions pr\u00e9parer l&rsquo;\u00e9lection.<\/li>\n<li>Point sur la situation de l&rsquo;association (ce qui a \u00e9t\u00e9 fait l&rsquo;an dernier pour notre premi\u00e8re ann\u00e9e d&rsquo;existence, point administratif&#8230;)<\/li>\n<li>Projets en cours<\/li>\n<li>Projets que vous nous proposerez<\/li>\n<\/ul>\n<p>Dernier point, pouvez-vous vous inscrire au doodle pour que l&rsquo;on sache qui vient \u00e0 l&rsquo;AG ? &#8211;&gt; <a href=\"http:\/\/doodle.com\/hztmatnc9k6r4q36\">http:\/\/doodle.com\/hztmatnc9k6r4q36<\/a><\/p>\n<p>Si vous avez la moindre question, contactez-nous !<br \/>\nRappel de notre mail : asso.tact AT gmail POINT com<\/p>\n","protected":false},"excerpt":{"rendered":"<p>L&rsquo;association TACT? vous convie \u00e0 son assembl\u00e9e g\u00e9n\u00e9rale le jeudi 28 novembre de 12h \u00e0 14h en salle D155. \u00c0 l&rsquo;ordre du jour : Accueil des nouveaux membres R\u00e8glement des cotisations et signature des statuts de l&rsquo;association. Election du coll\u00e8ge et du bureau de l&rsquo;association. Pour l&rsquo;instant, l&rsquo;ancien bureau se repr\u00e9sente, exception faite du vice-pr\u00e9sident &hellip; <a href=\"https:\/\/blogs.univ-tlse2.fr\/tact\/2013\/11\/17\/assemblee-generale-de-lassociation-jeudi-28-novembre\/\" class=\"more-link\">Continuer la lecture de <span class=\"screen-reader-text\">Assembl\u00e9e G\u00e9n\u00e9rale de l&rsquo;association Jeudi 28 Novembre<\/span>  <span class=\"meta-nav\">&rarr;<\/span><\/a><\/p>\n","protected":false},"author":145,"featured_media":0,"comment_status":"open","ping_status":"open","sticky":false,"template":"","format":"standard","meta":{"footnotes":""},"categories":[16573],"tags":[],"class_list":["post-409","post","type-post","status-publish","format-standard","hentry","category-vie-de-lassociation"],"_links":{"self":[{"href":"https:\/\/blogs.univ-tlse2.fr\/tact\/wp-json\/wp\/v2\/posts\/409","targetHints":{"allow":["GET"]}}],"collection":[{"href":"https:\/\/blogs.univ-tlse2.fr\/tact\/wp-json\/wp\/v2\/posts"}],"about":[{"href":"https:\/\/blogs.univ-tlse2.fr\/tact\/wp-json\/wp\/v2\/types\/post"}],"author":[{"embeddable":true,"href":"https:\/\/blogs.univ-tlse2.fr\/tact\/wp-json\/wp\/v2\/users\/145"}],"replies":[{"embeddable":true,"href":"https:\/\/blogs.univ-tlse2.fr\/tact\/wp-json\/wp\/v2\/comments?post=409"}],"version-history":[{"count":3,"href":"https:\/\/blogs.univ-tlse2.fr\/tact\/wp-json\/wp\/v2\/posts\/409\/revisions"}],"predecessor-version":[{"id":412,"href":"https:\/\/blogs.univ-tlse2.fr\/tact\/wp-json\/wp\/v2\/posts\/409\/revisions\/412"}],"wp:attachment":[{"href":"https:\/\/blogs.univ-tlse2.fr\/tact\/wp-json\/wp\/v2\/media?parent=409"}],"wp:term":[{"taxonomy":"category","embeddable":true,"href":"https:\/\/blogs.univ-tlse2.fr\/tact\/wp-json\/wp\/v2\/categories?post=409"},{"taxonomy":"post_tag","embeddable":true,"href":"https:\/\/blogs.univ-tlse2.fr\/tact\/wp-json\/wp\/v2\/tags?post=409"}],"curies":[{"name":"wp","href":"https:\/\/api.w.org\/{rel}","templated":true}]}}