 {"id":7178,"date":"2019-09-26T12:18:36","date_gmt":"2019-09-26T10:18:36","guid":{"rendered":"https:\/\/blogs.univ-tlse2.fr\/vie-etablissement\/?p=7178"},"modified":"2022-06-07T11:43:27","modified_gmt":"2022-06-07T09:43:27","slug":"rapports-dautoevaluation-de-lut2j-adoptes","status":"publish","type":"post","link":"https:\/\/blogs.univ-tlse2.fr\/vie-etablissement\/?p=7178","title":{"rendered":"Rapports d\u2019auto\u00e9valuation de l\u2019UT2J adopt\u00e9s !"},"content":{"rendered":"\r\n<p>&nbsp;<\/p>\r\n\r\n\r\n\r\n<figure class=\"wp-block-image alignfull\"><img decoding=\"async\" class=\"wp-image-7184\" src=\"https:\/\/blogs.univ-tlse2.fr\/vie-etablissement\/files\/2019\/09\/IMAGE_Blog_Rapports_UT2J_Hceres_800X600.jpg\" alt=\"\" \/><\/figure>\r\n\r\n\r\n\r\n<p align=\"justify\">Au terme de 5 mois de travail soutenu dans les composantes et les services, de plus de 40 r\u00e9unions et plus de trente contributions r\u00e9dig\u00e9es dans le cadre de la d\u00e9marche d\u2019auto\u00e9valuation, le Conseil d\u2019administration du 10 septembre a adopt\u00e9, apr\u00e8s avis favorable du Conseil acad\u00e9mique pl\u00e9nier, le rapport d\u2019auto\u00e9valuation de l\u2019UT2J ainsi que les axes strat\u00e9giques qui orienteront l\u2019\u00e9laboration collective de notre projet d\u2019\u00e9tablissement.<\/p>\r\n\r\n\r\n\r\n<p align=\"justify\">Ces documents ont \u00e9t\u00e9 d\u00e9pos\u00e9s sur le site du <a href=\"https:\/\/www.hceres.fr\/fr\" target=\"_blank\" rel=\"noreferrer noopener\" aria-label=\"Hc\u00e9res (opens in a new tab)\">Hc\u00e9res<\/a> (Haut conseil de l\u2019\u00e9valuation de la recherche et de l\u2019enseignement sup\u00e9rieur).<\/p>\r\n\r\n\r\n\r\n<p align=\"justify\">Je souhaite les partager avec vous vous afin que chacun\u00b7e puisse s\u2019en saisir et participer \u00e0 l\u2019\u00e9laboration du projet d\u2019\u00e9tablissement que nous d\u00e9fendrons aupr\u00e8s du minist\u00e8re dans le cadre du prochain contrat<\/p>\r\n\r\n\r\n\r\n<ul class=\"wp-block-list\">\r\n<li><em>Rapport d&rsquo;auto\u00e9valuation UT2J\u00a0<\/em> <a href=\"https:\/\/blogs.univ-tlse2.fr\/vie-etablissement\/files\/2020\/02\/1-RAE-UT2J.pdf\" target=\"_blank\" rel=\"noopener noreferrer\">T\u00e9l\u00e9charger<\/a><\/li>\r\n<li><em>Axes strat\u00e9giques<\/em> <a href=\"https:\/\/blogs.univ-tlse2.fr\/vie-etablissement\/files\/2020\/02\/2-AXES-STRATEGIQUES-UT2J.pdf\" target=\"_blank\" rel=\"noopener noreferrer\">T\u00e9l\u00e9charger<\/a><\/li>\r\n<li><em>Rapport d&rsquo;auto\u00e9valuation Esp<\/em>e\u00a0 <a href=\"https:\/\/blogs.univ-tlse2.fr\/vie-etablissement\/files\/2020\/02\/Annexe-RAE-ESPE.pdf\" target=\"_blank\" rel=\"noopener noreferrer\">T\u00e9l\u00e9charger<\/a><\/li>\r\n<li><em>An<\/em><em>nexes\u00a0<\/em> <a href=\"https:\/\/blogs.univ-tlse2.fr\/vie-etablissement\/files\/2020\/02\/Annexes-RAE-UT2J.pdf\" target=\"_blank\" rel=\"noopener noreferrer\">T\u00e9l\u00e9charger<\/a><\/li>\r\n<\/ul>\r\n\r\n<p>Une nouvelle fois, je veux saluer le travail collectif qui a \u00e9t\u00e9 men\u00e9 et remercier chacun.e de vous pour sa contribution et son engagement.<\/p>\r\n\r\n<p>Emmanuelle Garnier, Pr\u00e9sidente de l&rsquo;Universit\u00e9 Toulouse &#8211; Jean Jaur\u00e8s<\/p>\r\n<p>&gt; Pour information : le pr\u00e9c\u00e9dent rapport du Hc\u00e9res\u00a0 (2015) <a href=\"http:\/\/autoevaluation-accreditation-2021-2025.univ-tlse2.fr\/Ebook\/HCERES_2015\/index.html\" target=\"_blank\" rel=\"noopener noreferrer\">Feuilleter<\/a> \/ <a href=\"https:\/\/blogs.univ-tlse2.fr\/vie-etablissement\/files\/2020\/02\/Rapport-e\u0301valuation-HCERES-UT2J-2015.pdf\" target=\"_blank\" rel=\"noopener noreferrer\">T\u00e9l\u00e9charger<\/a><\/p>\r\n","protected":false},"excerpt":{"rendered":"<p>&nbsp; Au terme de 5 mois de travail soutenu dans les composantes et les services, de plus de 40 r\u00e9unions et plus de trente contributions r\u00e9dig\u00e9es dans le cadre de la d\u00e9marche d\u2019auto\u00e9valuation, le Conseil d\u2019administration du 10 septembre a&#46;&#46;&#46;<\/p>\n","protected":false},"author":691,"featured_media":7188,"comment_status":"closed","ping_status":"closed","sticky":false,"template":"","format":"standard","meta":{"footnotes":""},"categories":[174585],"tags":[],"class_list":["post-7178","post","type-post","status-publish","format-standard","has-post-thumbnail","hentry","category-demarche-de-contractualisation"],"_links":{"self":[{"href":"https:\/\/blogs.univ-tlse2.fr\/vie-etablissement\/index.php?rest_route=\/wp\/v2\/posts\/7178","targetHints":{"allow":["GET"]}}],"collection":[{"href":"https:\/\/blogs.univ-tlse2.fr\/vie-etablissement\/index.php?rest_route=\/wp\/v2\/posts"}],"about":[{"href":"https:\/\/blogs.univ-tlse2.fr\/vie-etablissement\/index.php?rest_route=\/wp\/v2\/types\/post"}],"author":[{"embeddable":true,"href":"https:\/\/blogs.univ-tlse2.fr\/vie-etablissement\/index.php?rest_route=\/wp\/v2\/users\/691"}],"replies":[{"embeddable":true,"href":"https:\/\/blogs.univ-tlse2.fr\/vie-etablissement\/index.php?rest_route=%2Fwp%2Fv2%2Fcomments&post=7178"}],"version-history":[{"count":30,"href":"https:\/\/blogs.univ-tlse2.fr\/vie-etablissement\/index.php?rest_route=\/wp\/v2\/posts\/7178\/revisions"}],"predecessor-version":[{"id":8309,"href":"https:\/\/blogs.univ-tlse2.fr\/vie-etablissement\/index.php?rest_route=\/wp\/v2\/posts\/7178\/revisions\/8309"}],"wp:featuredmedia":[{"embeddable":true,"href":"https:\/\/blogs.univ-tlse2.fr\/vie-etablissement\/index.php?rest_route=\/wp\/v2\/media\/7188"}],"wp:attachment":[{"href":"https:\/\/blogs.univ-tlse2.fr\/vie-etablissement\/index.php?rest_route=%2Fwp%2Fv2%2Fmedia&parent=7178"}],"wp:term":[{"taxonomy":"category","embeddable":true,"href":"https:\/\/blogs.univ-tlse2.fr\/vie-etablissement\/index.php?rest_route=%2Fwp%2Fv2%2Fcategories&post=7178"},{"taxonomy":"post_tag","embeddable":true,"href":"https:\/\/blogs.univ-tlse2.fr\/vie-etablissement\/index.php?rest_route=%2Fwp%2Fv2%2Ftags&post=7178"}],"curies":[{"name":"wp","href":"https:\/\/api.w.org\/{rel}","templated":true}]}}