 {"id":7307,"date":"2019-11-12T23:22:23","date_gmt":"2019-11-12T22:22:23","guid":{"rendered":"https:\/\/blogs.univ-tlse2.fr\/vie-etablissement\/?p=7307"},"modified":"2024-01-22T11:05:21","modified_gmt":"2024-01-22T10:05:21","slug":"coordination-territoriale-contribution-de-philippe-raimbault","status":"publish","type":"post","link":"https:\/\/blogs.univ-tlse2.fr\/vie-etablissement\/?p=7307","title":{"rendered":"Coordination territoriale : contribution de Philippe Raimbault"},"content":{"rendered":"<p align=\"justify\">Dans le cadre de la r\u00e9flexion autour de l&rsquo;avenir de la coordination territoriale, les \u00e9lu\u00b7e\u00b7s du CA et du CAc de l\u2019Universit\u00e9 F\u00e9d\u00e9rale de Toulouse ont \u00e9t\u00e9 destinataires ce mardi 12 novembre d\u2019un message de son Pr\u00e9sident Philippe Raimbault, accompagn\u00e9 d\u2019une contribution qu\u2019il soumet \u00e0 la discussion dans tous les \u00e9tablissements du site toulousain.<\/p>\n<p align=\"justify\">Afin que chaque membre de notre communaut\u00e9 universitaire puisse en prendre connaissance, vous trouverez ci-dessous le message de Philippe Raimbault ainsi qu\u2019un lien vers sa contribution.<\/p>\n<blockquote><p><em>Chers administrateurs, ch\u00e8res administratrices,<\/em><\/p>\n<p align=\"justify\"><em>Je vous prie de bien vouloir trouver ci-joint une contribution relative \u00e0 l&rsquo;avenir de la politique de site qui a \u00e9t\u00e9 r\u00e9dig\u00e9e \u00e0 titre personnel, en vue d&rsquo;alimenter les d\u00e9bats sur ce sujet important, que ce soit dans le cadre des campagnes \u00e9lectorales \u00e0 venir dans de nombreux \u00e9tablissements ou hors de ces \u00e9ch\u00e9ances. Ce document ne r\u00e9sulte donc pas d&rsquo;une concertation collective avec les chefs d&rsquo;\u00e9tablissements, mais pr\u00e9sente mon analyse de la situation, soumise \u00e0 la discussion. <\/em><\/p>\n<p align=\"justify\"><em>Je me tiens \u00e9videmment \u00e0 votre disposition pour tout \u00e9change compl\u00e9mentaire sur le sujet.<\/em><\/p>\n<p><em>Bien cordialement,<\/em><br \/>\n<em>Philippe Raimbault <\/em><\/p><\/blockquote>\n<p>Contribution de Philippe Raimbault\u00a0 &gt; <a href=\"https:\/\/blogs.univ-tlse2.fr\/vie-etablissement\/files\/2019\/11\/Re\u0301inventons-une-dynamique-collective-pour-luniversite\u0301-de-Toulouse.pdf\" target=\"_blank\" rel=\"noopener noreferrer\">Consulter le document<\/a><\/p>\n<p>&nbsp;<\/p>\n","protected":false},"excerpt":{"rendered":"<p>Dans le cadre de la r\u00e9flexion autour de l&rsquo;avenir de la coordination territoriale, les \u00e9lu\u00b7e\u00b7s du CA et du CAc de l\u2019Universit\u00e9 F\u00e9d\u00e9rale de Toulouse ont \u00e9t\u00e9 destinataires ce mardi 12 novembre d\u2019un message de son Pr\u00e9sident Philippe Raimbault, accompagn\u00e9&#46;&#46;&#46;<\/p>\n","protected":false},"author":691,"featured_media":7310,"comment_status":"closed","ping_status":"closed","sticky":false,"template":"","format":"standard","meta":{"footnotes":""},"categories":[174588],"tags":[],"class_list":["post-7307","post","type-post","status-publish","format-standard","has-post-thumbnail","hentry","category-evolution-de-site"],"_links":{"self":[{"href":"https:\/\/blogs.univ-tlse2.fr\/vie-etablissement\/index.php?rest_route=\/wp\/v2\/posts\/7307","targetHints":{"allow":["GET"]}}],"collection":[{"href":"https:\/\/blogs.univ-tlse2.fr\/vie-etablissement\/index.php?rest_route=\/wp\/v2\/posts"}],"about":[{"href":"https:\/\/blogs.univ-tlse2.fr\/vie-etablissement\/index.php?rest_route=\/wp\/v2\/types\/post"}],"author":[{"embeddable":true,"href":"https:\/\/blogs.univ-tlse2.fr\/vie-etablissement\/index.php?rest_route=\/wp\/v2\/users\/691"}],"replies":[{"embeddable":true,"href":"https:\/\/blogs.univ-tlse2.fr\/vie-etablissement\/index.php?rest_route=%2Fwp%2Fv2%2Fcomments&post=7307"}],"version-history":[{"count":5,"href":"https:\/\/blogs.univ-tlse2.fr\/vie-etablissement\/index.php?rest_route=\/wp\/v2\/posts\/7307\/revisions"}],"predecessor-version":[{"id":8475,"href":"https:\/\/blogs.univ-tlse2.fr\/vie-etablissement\/index.php?rest_route=\/wp\/v2\/posts\/7307\/revisions\/8475"}],"wp:featuredmedia":[{"embeddable":true,"href":"https:\/\/blogs.univ-tlse2.fr\/vie-etablissement\/index.php?rest_route=\/wp\/v2\/media\/7310"}],"wp:attachment":[{"href":"https:\/\/blogs.univ-tlse2.fr\/vie-etablissement\/index.php?rest_route=%2Fwp%2Fv2%2Fmedia&parent=7307"}],"wp:term":[{"taxonomy":"category","embeddable":true,"href":"https:\/\/blogs.univ-tlse2.fr\/vie-etablissement\/index.php?rest_route=%2Fwp%2Fv2%2Fcategories&post=7307"},{"taxonomy":"post_tag","embeddable":true,"href":"https:\/\/blogs.univ-tlse2.fr\/vie-etablissement\/index.php?rest_route=%2Fwp%2Fv2%2Ftags&post=7307"}],"curies":[{"name":"wp","href":"https:\/\/api.w.org\/{rel}","templated":true}]}}