 {"id":7341,"date":"2019-12-03T15:36:06","date_gmt":"2019-12-03T14:36:06","guid":{"rendered":"https:\/\/blogs.univ-tlse2.fr\/vie-etablissement\/?p=7341"},"modified":"2024-01-22T10:53:48","modified_gmt":"2024-01-22T09:53:48","slug":"handicap-plus-que-jamais-lut2j-sengage","status":"publish","type":"post","link":"https:\/\/blogs.univ-tlse2.fr\/vie-etablissement\/?p=7341","title":{"rendered":"Handicap, plus que jamais l\u2019UT2J s\u2019engage !"},"content":{"rendered":"<div class=\"wpb-content-wrapper\"><p align=\"justify\"><strong>Pilot\u00e9e par la mission handicap de l\u2019universit\u00e9, la lutte contre les discriminations en mati\u00e8re de handicap et pour une universit\u00e9 mieux partag\u00e9e a vu son point d\u2019orgue en novembre, avec le d\u00e9ploiement d\u2019une vaste campagne d\u2019information et de sensibilisation \u00e0 destination de la communaut\u00e9 universitaire. <\/strong><\/p>\n<p><code>[vc_row full_width=\"stretch_row\" css=\".vc_custom_1557477798491{padding-top: 0px !important;padding-bottom: 0px !important;}][\/vc_row][vc_row vidbg_vc_mp4=\"http:\/\/autoevaluation-accreditation-2021-2025.univ-tlse2.fr\/Ebook\/Handiversit\u00e9\/Campagne_Handiversit\u00e9_11_2019_Teasing.mp4\"][vc_column css=\".vc_custom_1557478321901{margin-bottom: 325px !important;}\"][\/vc_column][\/vc_row][vc_column][\/vc_column]<\/code><\/p>\n<p align=\"justify\">Port\u00e9e par le collectif Handiversit\u00e9 (compos\u00e9 d\u2019\u00e9tudiants en situation de handicap ou non) et imagin\u00e9e avec la charg\u00e9e de mission handicap, Pascale Chiron en collaboration avec le service communication, cette campagne s\u2019est d\u00e9ploy\u00e9e en novembre dernier.<\/p>\n<p align=\"justify\">Les objectifs : faire \u00e9voluer le regard sur le handicap en battant en br\u00e8che les id\u00e9es re\u00e7ues et susciter le d\u00e9bat au sein de la communaut\u00e9 universitaire pour une meilleure compr\u00e9hension et une plus grande inclusion des personnes en situation de handicap.<\/p>\n<p align=\"justify\">Pens\u00e9e comme une mini-s\u00e9rie en plusieurs \u00e9pisodes th\u00e9matiques (id\u00e9es re\u00e7ues, accessibilit\u00e9, tabou ou pas tabou, c\u2019est l\u2019affaire de tous) cette campagne s\u2019est d\u00e9velopp\u00e9e, tout le mois de novembre, sur le Facebook de l\u2019UT2J, l\u2019un des principaux vecteurs en mati\u00e8re de communication \u00e0 destination de la communaut\u00e9 \u00e9tudiante, sur les ENT mais \u00e9galement sur des supports imprim\u00e9s (affiches et flyers) distribu\u00e9s sur le campus Mirail.<\/p>\n<p><strong>Ludique et didactique<\/strong><\/p>\n<p align=\"justify\">Les mascottes (l\u2019escargot, la tortue, l\u2019\u00e9l\u00e9phant), d\u00e9j\u00e0 d\u00e9clin\u00e9es depuis 2017 pour la communication \u00e9tudiante, sont celles du collectif Handiversit\u00e9 et visent \u00e0 sortir des repr\u00e9sentations classiques du handicap (fauteuil, canne pour aveugle&#8230; = handicap visible) pour parler aussi d&rsquo;autres formes de handicap plus invisibles et aborder ainsi le handicap de mani\u00e8re tr\u00e8s globale.<\/p>\n<p align=\"justify\">Cette campagne a \u00e9t\u00e9 con\u00e7ue pour faire passer le message de fa\u00e7on humoristique voire provocatrice autant que didactique pour accrocher le public !<\/p>\n<p align=\"justify\">Ce dispositif a \u00e9galement b\u00e9n\u00e9fici\u00e9 d\u2019une campagne de terrain autour du collectif Handiversit\u00e9 pour parler du handicap autrement. Et \u00e7a fonctionne puisque de nouveaux contacts et \u00e9changes ont pu voir le jour. D\u2019autres formes d\u2019engagement aussi !<\/p>\n<p align=\"justify\">Cette campagne pourrait tr\u00e8s prochainement \u00eatre \u00e9tendue aux autres campus de l\u2019UT2J, dont plusieurs responsables se sont montr\u00e9\u00b7e\u00b7s int\u00e9ress\u00e9\u00b7e\u00b7s.<\/p>\n<p>Preuve encore une fois que le handicap : c\u2019est l\u2019affaire de tou\u00b7te\u00b7s !<\/p>\n<p>En savoir plus sur la politique handicap de l\u2019UT2J :<\/p>\n<p><a href=\"https:\/\/www.univ-tlse2.fr\/accueil\/navigation\/universite\/politique-handicap\/\" target=\"_blank\" rel=\"noopener noreferrer\">https:\/\/www.univ-tlse2.fr\/accueil\/navigation\/universite\/politique-handicap\/<\/a><\/p>\n<p>Revoir la campagne en vid\u00e9o :<\/p>\n<p><a href=\"http:\/\/autoevaluation-accreditation-2021-2025.univ-tlse2.fr\/Ebook\/Handiversit\u00e9\/Campagne_Handiversit\u00e9_11_2019_Episode_01.mp4\" target=\"_blank\" rel=\"noopener noreferrer\">\u00c9pisode 1<\/a> &#8211; <a href=\"http:\/\/autoevaluation-accreditation-2021-2025.univ-tlse2.fr\/Ebook\/Handiversit\u00e9\/Campagne_Handiversit\u00e9_11_2019_Episode_02.mp4\" target=\"_blank\" rel=\"noopener noreferrer\">\u00c9pisode 2<\/a> &#8211; <a href=\"http:\/\/autoevaluation-accreditation-2021-2025.univ-tlse2.fr\/Ebook\/Handiversit\u00e9\/Campagne_Handiversit\u00e9_11_2019_Episode_03.mp4\" target=\"_blank\" rel=\"noopener noreferrer\">\u00c9pisode 3<\/a> &#8211; <a href=\"http:\/\/autoevaluation-accreditation-2021-2025.univ-tlse2.fr\/Ebook\/Handiversit\u00e9\/Campagne_Handiversit\u00e9_11_2019_Episode_04.mp4\" target=\"_blank\" rel=\"noopener noreferrer\">\u00c9pisode 4<\/a><\/p>\n<p><a href=\"http:\/\/autoevaluation-accreditation-2021-2025.univ-tlse2.fr\/Ebook\/Handiversit\u00e9\/Flyers_Campagne_Handicap_Novembre_2019\/index.html\" target=\"_blank\" rel=\"noopener noreferrer\">Campagne flyers<\/a><\/p>\n<\/div>","protected":false},"excerpt":{"rendered":"<p>Pilot\u00e9e par la mission handicap de l\u2019universit\u00e9, la lutte contre les discriminations en mati\u00e8re de handicap et pour une universit\u00e9 mieux partag\u00e9e a vu son point d\u2019orgue en novembre, avec le d\u00e9ploiement d\u2019une vaste campagne d\u2019information et de sensibilisation \u00e0&#46;&#46;&#46;<\/p>\n","protected":false},"author":691,"featured_media":7345,"comment_status":"closed","ping_status":"closed","sticky":false,"template":"","format":"standard","meta":{"footnotes":""},"categories":[174592,174213],"tags":[],"class_list":["post-7341","post","type-post","status-publish","format-standard","has-post-thumbnail","hentry","category-handicap","category-nos-engagements"],"_links":{"self":[{"href":"https:\/\/blogs.univ-tlse2.fr\/vie-etablissement\/index.php?rest_route=\/wp\/v2\/posts\/7341","targetHints":{"allow":["GET"]}}],"collection":[{"href":"https:\/\/blogs.univ-tlse2.fr\/vie-etablissement\/index.php?rest_route=\/wp\/v2\/posts"}],"about":[{"href":"https:\/\/blogs.univ-tlse2.fr\/vie-etablissement\/index.php?rest_route=\/wp\/v2\/types\/post"}],"author":[{"embeddable":true,"href":"https:\/\/blogs.univ-tlse2.fr\/vie-etablissement\/index.php?rest_route=\/wp\/v2\/users\/691"}],"replies":[{"embeddable":true,"href":"https:\/\/blogs.univ-tlse2.fr\/vie-etablissement\/index.php?rest_route=%2Fwp%2Fv2%2Fcomments&post=7341"}],"version-history":[{"count":4,"href":"https:\/\/blogs.univ-tlse2.fr\/vie-etablissement\/index.php?rest_route=\/wp\/v2\/posts\/7341\/revisions"}],"predecessor-version":[{"id":7636,"href":"https:\/\/blogs.univ-tlse2.fr\/vie-etablissement\/index.php?rest_route=\/wp\/v2\/posts\/7341\/revisions\/7636"}],"wp:featuredmedia":[{"embeddable":true,"href":"https:\/\/blogs.univ-tlse2.fr\/vie-etablissement\/index.php?rest_route=\/wp\/v2\/media\/7345"}],"wp:attachment":[{"href":"https:\/\/blogs.univ-tlse2.fr\/vie-etablissement\/index.php?rest_route=%2Fwp%2Fv2%2Fmedia&parent=7341"}],"wp:term":[{"taxonomy":"category","embeddable":true,"href":"https:\/\/blogs.univ-tlse2.fr\/vie-etablissement\/index.php?rest_route=%2Fwp%2Fv2%2Fcategories&post=7341"},{"taxonomy":"post_tag","embeddable":true,"href":"https:\/\/blogs.univ-tlse2.fr\/vie-etablissement\/index.php?rest_route=%2Fwp%2Fv2%2Ftags&post=7341"}],"curies":[{"name":"wp","href":"https:\/\/api.w.org\/{rel}","templated":true}]}}