 {"id":7383,"date":"2020-01-27T18:02:36","date_gmt":"2020-01-27T17:02:36","guid":{"rendered":"https:\/\/blogs.univ-tlse2.fr\/vie-etablissement\/?p=7383"},"modified":"2024-01-22T10:51:31","modified_gmt":"2024-01-22T09:51:31","slug":"loi-de-programmation-pluriannuelle-de-la-recherche-synthese-des-rapports","status":"publish","type":"post","link":"https:\/\/blogs.univ-tlse2.fr\/vie-etablissement\/?p=7383","title":{"rendered":"Loi de programmation pluriannuelle de la recherche\u00a0:\u00a0synth\u00e8se des rapports"},"content":{"rendered":"<div class=\"wpb-content-wrapper\"><p align=\"justify\">En f\u00e9vrier 2019, le gouvernement annon\u00e7ait le lancement d\u2019une loi de programmation pluriannuelle pour la recherche (LPPR).<\/p>\n<p align=\"justify\"> Des dispositifs de consultation ont \u00e9t\u00e9 mis en \u0153uvre aupr\u00e8s de scientifiques fran\u00e7ais\u00b7e\u00b7s et \u00e9tranger\u00b7\u00e8re\u00b7s, de directeur\u00b7rice\u00b7s d\u2019organismes de recherche publics, de pr\u00e9sident\u00b7e\u00b7s d\u2019universit\u00e9 et d\u2019acteurs industriels.<\/p>\n<p>Trois groupes de travail ont \u00e9galement \u00e9t\u00e9 missionn\u00e9s pour formuler des propositions autour de trois axes :<\/p>\n<ol>\n<li>financement de la recherche,<\/li>\n<li>attractivit\u00e9 des emplois et des carri\u00e8res scientifiques,<\/li>\n<li>recherche partenariale et innovation.<\/li>\n<\/ol>\n<p align=\"justify\">Ainsi, dans le courant de l\u2019ann\u00e9e 2020, le gouvernement entend soumettre un projet de loi au Parlement visant \u00e0 modifier certaines conditions d\u2019exercice de la recherche scientifique d\u00e8s la rentr\u00e9e 2020-2021. En tant qu\u2019universit\u00e9, nous faisons partie des grands acteurs de la recherche nationale, et il importe donc que nous puissions en mesurer les enjeux.<\/p>\n<p align=\"justify\">Si le projet de loi n\u2019a pas encore \u00e9t\u00e9 rendu public, les rapports ont quant \u00e0 eux \u00e9t\u00e9 publi\u00e9s. Ces rapports, <a href=\"https:\/\/www.enseignementsup-recherche.gouv.fr\/cid145221\/restitution-des-travaux-des-groupes-de-travail-pour-un-projet-de-loi-de-programmation-pluriannuelle-de-la-recherche.html\" target=\"_blank\" rel=\"noopener noreferrer\">disponibles en ligne<\/a>, repr\u00e9sentent une somme d\u2019\u00e9l\u00e9ments parfois complexes, qui appellent un travail de synth\u00e8se afin d\u2019en comprendre les principales orientations.<\/p>\n<p align=\"justify\">Lors de la commission recherche du 23 janvier 2020 de notre \u00e9tablissement, la vice-pr\u00e9sidente recherche a pr\u00e9sent\u00e9 un tableau synth\u00e9tique visant \u00e0 faciliter l\u2019appr\u00e9hension collective des diff\u00e9rents \u00e9l\u00e9ments envisag\u00e9s dans les rapports et leur mise en d\u00e9bat. Ce tableau (<a href=\"http:\/\/autoevaluation-accreditation-2021-2025.univ-tlse2.fr\/Ebook\/SynthesedesrapportsLPPR_janvier2020\/index.html\" target=\"_blank\" rel=\"noopener noreferrer\">Feuilleter<\/a> \/ <a href=\"https:\/\/blogs.univ-tlse2.fr\/vie-etablissement\/files\/2020\/02\/Synthe\u0300se-des-rapports-LPPR_-janvier-2020.pdf\" target=\"_blank\" rel=\"noopener noreferrer\">T\u00e9l\u00e9charger<\/a>), pr\u00e9c\u00e9d\u00e9 d\u2019un rappel d\u2019\u00e9l\u00e9ments contextuels, est ici mis \u00e0 la disposition de l\u2019ensemble la communaut\u00e9 universitaire.<\/p>\n<p>&nbsp;<\/p>\n<p>[vc_row full_width=\u00a0\u00bbstretch_row\u00a0\u00bb css=\u00a0\u00bb.vc_custom_1557477798491{padding-top: 0px !important;padding-bottom: 0px !important;}][\/vc_row][vc_row vidbg_vc_mp4=\u00a0\u00bbhttp:\/\/autoevaluation-accreditation-2021-2025.univ-tlse2.fr\/Ebook\/Films\/LPPR.mp4&Prime;][vc_column css=\u00a0\u00bb.vc_custom_1557478321901{margin-bottom: 200px !important;}\u00a0\u00bb][\/vc_column][\/vc_row][vc_column][\/vc_column]<\/p>\n<\/div>","protected":false},"excerpt":{"rendered":"<p>En f\u00e9vrier 2019, le gouvernement annon\u00e7ait le lancement d\u2019une loi de programmation pluriannuelle pour la recherche (LPPR). Des dispositifs de consultation ont \u00e9t\u00e9 mis en \u0153uvre aupr\u00e8s de scientifiques fran\u00e7ais\u00b7e\u00b7s et \u00e9tranger\u00b7\u00e8re\u00b7s, de directeur\u00b7rice\u00b7s d\u2019organismes de recherche publics, de pr\u00e9sident\u00b7e\u00b7s&#46;&#46;&#46;<\/p>\n","protected":false},"author":691,"featured_media":7374,"comment_status":"closed","ping_status":"closed","sticky":false,"template":"","format":"standard","meta":{"footnotes":""},"categories":[174570],"tags":[],"class_list":["post-7383","post","type-post","status-publish","format-standard","has-post-thumbnail","hentry","category-comprendre"],"_links":{"self":[{"href":"https:\/\/blogs.univ-tlse2.fr\/vie-etablissement\/index.php?rest_route=\/wp\/v2\/posts\/7383","targetHints":{"allow":["GET"]}}],"collection":[{"href":"https:\/\/blogs.univ-tlse2.fr\/vie-etablissement\/index.php?rest_route=\/wp\/v2\/posts"}],"about":[{"href":"https:\/\/blogs.univ-tlse2.fr\/vie-etablissement\/index.php?rest_route=\/wp\/v2\/types\/post"}],"author":[{"embeddable":true,"href":"https:\/\/blogs.univ-tlse2.fr\/vie-etablissement\/index.php?rest_route=\/wp\/v2\/users\/691"}],"replies":[{"embeddable":true,"href":"https:\/\/blogs.univ-tlse2.fr\/vie-etablissement\/index.php?rest_route=%2Fwp%2Fv2%2Fcomments&post=7383"}],"version-history":[{"count":9,"href":"https:\/\/blogs.univ-tlse2.fr\/vie-etablissement\/index.php?rest_route=\/wp\/v2\/posts\/7383\/revisions"}],"predecessor-version":[{"id":8754,"href":"https:\/\/blogs.univ-tlse2.fr\/vie-etablissement\/index.php?rest_route=\/wp\/v2\/posts\/7383\/revisions\/8754"}],"wp:featuredmedia":[{"embeddable":true,"href":"https:\/\/blogs.univ-tlse2.fr\/vie-etablissement\/index.php?rest_route=\/wp\/v2\/media\/7374"}],"wp:attachment":[{"href":"https:\/\/blogs.univ-tlse2.fr\/vie-etablissement\/index.php?rest_route=%2Fwp%2Fv2%2Fmedia&parent=7383"}],"wp:term":[{"taxonomy":"category","embeddable":true,"href":"https:\/\/blogs.univ-tlse2.fr\/vie-etablissement\/index.php?rest_route=%2Fwp%2Fv2%2Fcategories&post=7383"},{"taxonomy":"post_tag","embeddable":true,"href":"https:\/\/blogs.univ-tlse2.fr\/vie-etablissement\/index.php?rest_route=%2Fwp%2Fv2%2Ftags&post=7383"}],"curies":[{"name":"wp","href":"https:\/\/api.w.org\/{rel}","templated":true}]}}