 {"id":7440,"date":"2020-06-08T13:52:56","date_gmt":"2020-06-08T11:52:56","guid":{"rendered":"https:\/\/blogs.univ-tlse2.fr\/vie-etablissement\/?p=7440"},"modified":"2024-01-22T10:48:24","modified_gmt":"2024-01-22T09:48:24","slug":"projet-de-loi-lppr","status":"publish","type":"post","link":"https:\/\/blogs.univ-tlse2.fr\/vie-etablissement\/?p=7440","title":{"rendered":"Projet de loi LPPR"},"content":{"rendered":"<p align=\"justify\">Le projet de loi de programmation pluriannuelle de la recherche (LPPR) annonc\u00e9 depuis plusieurs mois a \u00e9t\u00e9 rendu public le 7 juin 2020.<\/p>\n<p align=\"justify\">Ce projet sera pr\u00e9sent\u00e9 au CNESER le 12 juin 2020 puis en Conseil des ministres le 8 juillet 2020.<\/p>\n<p>Nous portons ici \u00e0 la connaissance de la communaut\u00e9 les diff\u00e9rents \u00e9l\u00e9ments de ce projet de loi.<br \/>\n<a href=\"https:\/\/blogs.univ-tlse2.fr\/vie-etablissement\/files\/2020\/06\/LPPR-PROJET-DE-LOI.pdf\">LPPR Projet de loi<\/a><\/p>\n<p><a href=\"https:\/\/blogs.univ-tlse2.fr\/vie-etablissement\/files\/2020\/06\/LPPR-RAPPORT-ANNEXE.pdf\">LPPR Rapport annexe<\/a><\/p>\n<p><a href=\"https:\/\/blogs.univ-tlse2.fr\/vie-etablissement\/files\/2020\/06\/LPPR-EXPOSE-DES-MOTIFS.pdf\">LPPR Expos\u00e9 des motifs<\/a><\/p>\n<p><a href=\"https:\/\/blogs.univ-tlse2.fr\/vie-etablissement\/files\/2020\/06\/LPPR-TABLEAU-3-COLONNES-TITRE-II.pdf\">LPPR Tableau 3 colonnes Titre II<\/a><\/p>\n<p><a href=\"https:\/\/blogs.univ-tlse2.fr\/vie-etablissement\/files\/2020\/06\/LPPR-TABLEAU-3-COLONNES-TITRE-III.pdf\">LPPR Tableau 3 colonnes Titre III<\/a><\/p>\n<p><a href=\"https:\/\/blogs.univ-tlse2.fr\/vie-etablissement\/files\/2020\/06\/LPPR-TABLEAU-3-COLONNES-TITRE-IV.pdf\">LPPR Tableau 3 colonnes Titre IV<\/a><\/p>\n<p><a href=\"https:\/\/blogs.univ-tlse2.fr\/vie-etablissement\/files\/2020\/06\/LPPR-TABLEAU-3-COLONNES-TITRE-V.pdf\">LPPR Tableau 3 colonnes Titre V<\/a><\/p>\n","protected":false},"excerpt":{"rendered":"<p>Le projet de loi de programmation pluriannuelle de la recherche (LPPR) annonc\u00e9 depuis plusieurs mois a \u00e9t\u00e9 rendu public le 7 juin 2020. Ce projet sera pr\u00e9sent\u00e9 au CNESER le 12 juin 2020 puis en Conseil des ministres le 8&#46;&#46;&#46;<\/p>\n","protected":false},"author":691,"featured_media":7450,"comment_status":"closed","ping_status":"closed","sticky":false,"template":"","format":"standard","meta":{"footnotes":""},"categories":[174570],"tags":[],"class_list":["post-7440","post","type-post","status-publish","format-standard","has-post-thumbnail","hentry","category-comprendre"],"_links":{"self":[{"href":"https:\/\/blogs.univ-tlse2.fr\/vie-etablissement\/index.php?rest_route=\/wp\/v2\/posts\/7440","targetHints":{"allow":["GET"]}}],"collection":[{"href":"https:\/\/blogs.univ-tlse2.fr\/vie-etablissement\/index.php?rest_route=\/wp\/v2\/posts"}],"about":[{"href":"https:\/\/blogs.univ-tlse2.fr\/vie-etablissement\/index.php?rest_route=\/wp\/v2\/types\/post"}],"author":[{"embeddable":true,"href":"https:\/\/blogs.univ-tlse2.fr\/vie-etablissement\/index.php?rest_route=\/wp\/v2\/users\/691"}],"replies":[{"embeddable":true,"href":"https:\/\/blogs.univ-tlse2.fr\/vie-etablissement\/index.php?rest_route=%2Fwp%2Fv2%2Fcomments&post=7440"}],"version-history":[{"count":8,"href":"https:\/\/blogs.univ-tlse2.fr\/vie-etablissement\/index.php?rest_route=\/wp\/v2\/posts\/7440\/revisions"}],"predecessor-version":[{"id":7442,"href":"https:\/\/blogs.univ-tlse2.fr\/vie-etablissement\/index.php?rest_route=\/wp\/v2\/posts\/7440\/revisions\/7442"}],"wp:featuredmedia":[{"embeddable":true,"href":"https:\/\/blogs.univ-tlse2.fr\/vie-etablissement\/index.php?rest_route=\/wp\/v2\/media\/7450"}],"wp:attachment":[{"href":"https:\/\/blogs.univ-tlse2.fr\/vie-etablissement\/index.php?rest_route=%2Fwp%2Fv2%2Fmedia&parent=7440"}],"wp:term":[{"taxonomy":"category","embeddable":true,"href":"https:\/\/blogs.univ-tlse2.fr\/vie-etablissement\/index.php?rest_route=%2Fwp%2Fv2%2Fcategories&post=7440"},{"taxonomy":"post_tag","embeddable":true,"href":"https:\/\/blogs.univ-tlse2.fr\/vie-etablissement\/index.php?rest_route=%2Fwp%2Fv2%2Ftags&post=7440"}],"curies":[{"name":"wp","href":"https:\/\/api.w.org\/{rel}","templated":true}]}}