 {"id":7671,"date":"2021-02-09T17:54:29","date_gmt":"2021-02-09T16:54:29","guid":{"rendered":"https:\/\/blogs.univ-tlse2.fr\/vie-etablissement\/?p=7671"},"modified":"2024-01-22T10:13:34","modified_gmt":"2024-01-22T09:13:34","slug":"contrat-quinquennal-premiers-elements-dinformation-2","status":"publish","type":"post","link":"https:\/\/blogs.univ-tlse2.fr\/vie-etablissement\/?p=7671","title":{"rendered":"Contrat quinquennal : premiers \u00e9l\u00e9ments d&rsquo;information"},"content":{"rendered":"<p><a href=\"https:\/\/blogs.univ-tlse2.fr\/vie-etablissement\/files\/2021\/02\/Amphi_Texte.jpg\" rel=\"lightbox[7671]\"><img loading=\"lazy\" decoding=\"async\" class=\"alignnone size-full wp-image-7562\" src=\"https:\/\/blogs.univ-tlse2.fr\/vie-etablissement\/files\/2021\/02\/Amphi_Texte.jpg\" alt=\"\" width=\"900\" height=\"553\" \/><\/a><\/p>\n<h4>La contractualisation, qu\u2019est-ce que c\u2019est ?<\/h4>\n<p>Source : <a href=\"https:\/\/www.enseignementsup-recherche.gouv.fr\/cid90732\/la-politique-contractuelle-de-site.html\" target=\"_blank\" rel=\"noopener\"> Site du Minist\u00e8re de l\u2019enseignement sup\u00e9rieur, de la recherche et de l\u2019innovation<\/a><\/p>\n<p align=\"justify\">\u00ab\u00a0L&rsquo;article 17 de la loi du 10 ao\u00fbt 2007 relative aux libert\u00e9s et aux responsabilit\u00e9s des universit\u00e9s (L.R.U.) a confirm\u00e9, en les rendant obligatoires, le r\u00f4le central des contrats pluriannuels dans le dispositif de pilotage de la politique d&rsquo;enseignement sup\u00e9rieur. D\u00e8s lors, le contrat a eu pour objectif de favoriser un dialogue strat\u00e9gique entre l&rsquo;\u00c9tat et les \u00e9tablissements d&rsquo;enseignement sup\u00e9rieur, tenant compte de leur nouvelle autonomie de gestion. De quadriennal, le contrat est devenu quinquennal, la contractualisation s&rsquo;op\u00e9rant d\u00e9sormais en cinq vagues compos\u00e9es en moyenne de 30 \u00e9tablissements.<\/p>\n<p>[\u2026]<\/p>\n<p align=\"justify\">La prise de conscience du besoin d&rsquo;une vision strat\u00e9gique de moyen et long termes coh\u00e9rente aux \u00e9chelles territoriales, nationale et europ\u00e9enne s&rsquo;est traduite par une \u00e9volution du p\u00e9rim\u00e8tre des contrats pour les positionner au meilleur niveau strat\u00e9gique. Celui du \u00ab\u00a0site\u00a0\u00bb, entendu comme le lieu des coop\u00e9rations institutionnelles et scientifiques, est apparu comme le plus pertinent dans la mesure o\u00f9 il permet une vision int\u00e9gr\u00e9e et d\u00e9cloisonn\u00e9e des dynamiques \u00e0 l&rsquo;\u0153uvre sur un territoire d\u00e9termin\u00e9 telles qu&rsquo;elles ont pu \u00eatre formalis\u00e9es sous l&rsquo;impulsion, notamment, des PRES, des diagnostics contenus dans les STRATER, des p\u00f4les de comp\u00e9titivit\u00e9 et programmes \u00ab\u00a0investissements d&rsquo;avenir\u00a0\u00bb (PIA).<\/p>\n<p align=\"justify\">Ainsi, s&rsquo;inscrivant dans le cadre des grandes orientations des strat\u00e9gies nationales de recherche (SNR) et d&rsquo;enseignement sup\u00e9rieur (STRANES), le contrat de site s&rsquo;est substitu\u00e9 au contrat d&rsquo;\u00e9tablissement et, aux termes de la loi du 22 juillet 2013 relative \u00e0 l&rsquo;enseignement sup\u00e9rieur et la recherche (dite loi E.S.R.), devra faire l&rsquo;objet d\u00e9sormais d&rsquo;une concertation avec les diff\u00e9rentes collectivit\u00e9s territoriales. Par ailleurs, l&rsquo;ensemble des moyens concourant \u00e0 la politique de site devra \u00eatre d\u00e9sormais pr\u00e9sent\u00e9 en annexe du contrat de site.\u00a0\u00bb<\/p>\n<h4>Contrat quinquennal 2021-2026<\/h4>\n<p align=\"justify\">Suite \u00e0 la crise sanitaire et au report d&rsquo;un an des \u00e9valuations des \u00e9tablissements programm\u00e9es en 2020, le prochain contrat quinquennal couvrira de fait une p\u00e9riode de 6 ans et non de 5 ans. Vous trouverez ci-dessous les premiers \u00e9l\u00e9ments de cadrage pr\u00e9cis\u00e9s par le minist\u00e8re et le calendrier pr\u00e9visionnel pour notre \u00e9tablissement.<\/p>\n<p><a href=\"https:\/\/blogs.univ-tlse2.fr\/vie-etablissement\/files\/2021\/02\/Processus-de-Contractualisation.pdf\">&gt; Calendrier pr\u00e9visionnel<\/a><\/p>\n","protected":false},"excerpt":{"rendered":"<p>La contractualisation, qu\u2019est-ce que c\u2019est ? Source : Site du Minist\u00e8re de l\u2019enseignement sup\u00e9rieur, de la recherche et de l\u2019innovation \u00ab\u00a0L&rsquo;article 17 de la loi du 10 ao\u00fbt 2007 relative aux libert\u00e9s et aux responsabilit\u00e9s des universit\u00e9s (L.R.U.) a confirm\u00e9,&#46;&#46;&#46;<\/p>\n","protected":false},"author":691,"featured_media":7565,"comment_status":"closed","ping_status":"closed","sticky":false,"template":"","format":"standard","meta":{"footnotes":""},"categories":[174585],"tags":[],"class_list":["post-7671","post","type-post","status-publish","format-standard","has-post-thumbnail","hentry","category-demarche-de-contractualisation"],"_links":{"self":[{"href":"https:\/\/blogs.univ-tlse2.fr\/vie-etablissement\/index.php?rest_route=\/wp\/v2\/posts\/7671","targetHints":{"allow":["GET"]}}],"collection":[{"href":"https:\/\/blogs.univ-tlse2.fr\/vie-etablissement\/index.php?rest_route=\/wp\/v2\/posts"}],"about":[{"href":"https:\/\/blogs.univ-tlse2.fr\/vie-etablissement\/index.php?rest_route=\/wp\/v2\/types\/post"}],"author":[{"embeddable":true,"href":"https:\/\/blogs.univ-tlse2.fr\/vie-etablissement\/index.php?rest_route=\/wp\/v2\/users\/691"}],"replies":[{"embeddable":true,"href":"https:\/\/blogs.univ-tlse2.fr\/vie-etablissement\/index.php?rest_route=%2Fwp%2Fv2%2Fcomments&post=7671"}],"version-history":[{"count":1,"href":"https:\/\/blogs.univ-tlse2.fr\/vie-etablissement\/index.php?rest_route=\/wp\/v2\/posts\/7671\/revisions"}],"predecessor-version":[{"id":7672,"href":"https:\/\/blogs.univ-tlse2.fr\/vie-etablissement\/index.php?rest_route=\/wp\/v2\/posts\/7671\/revisions\/7672"}],"wp:featuredmedia":[{"embeddable":true,"href":"https:\/\/blogs.univ-tlse2.fr\/vie-etablissement\/index.php?rest_route=\/wp\/v2\/media\/7565"}],"wp:attachment":[{"href":"https:\/\/blogs.univ-tlse2.fr\/vie-etablissement\/index.php?rest_route=%2Fwp%2Fv2%2Fmedia&parent=7671"}],"wp:term":[{"taxonomy":"category","embeddable":true,"href":"https:\/\/blogs.univ-tlse2.fr\/vie-etablissement\/index.php?rest_route=%2Fwp%2Fv2%2Fcategories&post=7671"},{"taxonomy":"post_tag","embeddable":true,"href":"https:\/\/blogs.univ-tlse2.fr\/vie-etablissement\/index.php?rest_route=%2Fwp%2Fv2%2Ftags&post=7671"}],"curies":[{"name":"wp","href":"https:\/\/api.w.org\/{rel}","templated":true}]}}