 {"id":7704,"date":"2021-04-01T15:11:04","date_gmt":"2021-04-01T13:11:04","guid":{"rendered":"https:\/\/blogs.univ-tlse2.fr\/vie-etablissement\/?p=7704"},"modified":"2024-01-22T10:11:59","modified_gmt":"2024-01-22T09:11:59","slug":"contrat-quinquennal-2021-2026-ut2j-orientations-strategiques-actualisees","status":"publish","type":"post","link":"https:\/\/blogs.univ-tlse2.fr\/vie-etablissement\/?p=7704","title":{"rendered":"Contrat quinquennal 2021-2026 UT2J : orientations strat\u00e9giques actualis\u00e9es"},"content":{"rendered":"<p align=\"justify\">Dans le cadre de la <a href=\"https:\/\/blogs.univ-tlse2.fr\/vie-etablissement\/contrat-quinquennal-premiers-elements-dinformation-2\/\"><u>d\u00e9marche contractuelle 2021-2026<\/u><\/a>, un premier \u00e9change avec le minist\u00e8re aura lieu jeudi 8 avril 2021. Afin de pr\u00e9parer cette rencontre, l&rsquo;\u00e9tablissement a adress\u00e9 au minist\u00e8re, ainsi que le pr\u00e9voit la proc\u00e9dure, un <a href=\"https:\/\/blogs.univ-tlse2.fr\/vie-etablissement\/files\/2021\/04\/Orientations-strate\u0301giques-contrat-2021-2026.pdf\"><u>document de travail <\/u><\/a>actualisant, au regard des conclusions du rapport d&rsquo;\u00e9valuation Hc\u00e9res, les axes strat\u00e9giques qui avaient \u00e9t\u00e9 vot\u00e9es par nos instances. Ce document de travail a \u00e9t\u00e9 pr\u00e9sent\u00e9 au CA le 9 mars 2021.<\/p>\n<div><i>Retrouvez par ailleurs les informations sur le contrat quinquennal de site, sur le site de l&rsquo;UFTMiP : <\/i><\/div>\n<div><a href=\"https:\/\/www.univ-toulouse.fr\/universite\/contrat-quinquennal-de-site-2021-2025\" target=\"_blank\" rel=\"noopener\"><i>https:\/\/www.univ-toulouse.fr\/universite\/contrat-quinquennal-de-site-2021-2025<\/i><\/a><\/div>\n","protected":false},"excerpt":{"rendered":"<p>Dans le cadre de la d\u00e9marche contractuelle 2021-2026, un premier \u00e9change avec le minist\u00e8re aura lieu jeudi 8 avril 2021. Afin de pr\u00e9parer cette rencontre, l&rsquo;\u00e9tablissement a adress\u00e9 au minist\u00e8re, ainsi que le pr\u00e9voit la proc\u00e9dure, un document de travail&#46;&#46;&#46;<\/p>\n","protected":false},"author":691,"featured_media":7708,"comment_status":"closed","ping_status":"closed","sticky":false,"template":"","format":"standard","meta":{"footnotes":""},"categories":[174585],"tags":[],"class_list":["post-7704","post","type-post","status-publish","format-standard","has-post-thumbnail","hentry","category-demarche-de-contractualisation"],"_links":{"self":[{"href":"https:\/\/blogs.univ-tlse2.fr\/vie-etablissement\/index.php?rest_route=\/wp\/v2\/posts\/7704","targetHints":{"allow":["GET"]}}],"collection":[{"href":"https:\/\/blogs.univ-tlse2.fr\/vie-etablissement\/index.php?rest_route=\/wp\/v2\/posts"}],"about":[{"href":"https:\/\/blogs.univ-tlse2.fr\/vie-etablissement\/index.php?rest_route=\/wp\/v2\/types\/post"}],"author":[{"embeddable":true,"href":"https:\/\/blogs.univ-tlse2.fr\/vie-etablissement\/index.php?rest_route=\/wp\/v2\/users\/691"}],"replies":[{"embeddable":true,"href":"https:\/\/blogs.univ-tlse2.fr\/vie-etablissement\/index.php?rest_route=%2Fwp%2Fv2%2Fcomments&post=7704"}],"version-history":[{"count":1,"href":"https:\/\/blogs.univ-tlse2.fr\/vie-etablissement\/index.php?rest_route=\/wp\/v2\/posts\/7704\/revisions"}],"predecessor-version":[{"id":7705,"href":"https:\/\/blogs.univ-tlse2.fr\/vie-etablissement\/index.php?rest_route=\/wp\/v2\/posts\/7704\/revisions\/7705"}],"wp:featuredmedia":[{"embeddable":true,"href":"https:\/\/blogs.univ-tlse2.fr\/vie-etablissement\/index.php?rest_route=\/wp\/v2\/media\/7708"}],"wp:attachment":[{"href":"https:\/\/blogs.univ-tlse2.fr\/vie-etablissement\/index.php?rest_route=%2Fwp%2Fv2%2Fmedia&parent=7704"}],"wp:term":[{"taxonomy":"category","embeddable":true,"href":"https:\/\/blogs.univ-tlse2.fr\/vie-etablissement\/index.php?rest_route=%2Fwp%2Fv2%2Fcategories&post=7704"},{"taxonomy":"post_tag","embeddable":true,"href":"https:\/\/blogs.univ-tlse2.fr\/vie-etablissement\/index.php?rest_route=%2Fwp%2Fv2%2Ftags&post=7704"}],"curies":[{"name":"wp","href":"https:\/\/api.w.org\/{rel}","templated":true}]}}