 {"id":8020,"date":"2021-06-28T10:16:53","date_gmt":"2021-06-28T08:16:53","guid":{"rendered":"https:\/\/blogs.univ-tlse2.fr\/vie-etablissement\/?p=8020"},"modified":"2024-01-22T11:04:23","modified_gmt":"2024-01-22T10:04:23","slug":"groupes-de-travail-sur-levolution-du-site-toulousain-synthese-des-travaux-3","status":"publish","type":"post","link":"https:\/\/blogs.univ-tlse2.fr\/vie-etablissement\/?p=8020","title":{"rendered":"Groupes de travail sur l\u2019\u00e9volution du site toulousain : synth\u00e8se des travaux &#8211; 3"},"content":{"rendered":"<div class=\"wpb-content-wrapper\"><p>[vc_row][vc_column][vc_column_text]<\/p>\n<p align=\"justify\">Cet article fait suite \u00e0 l\u2019article intitul\u00e9 <u><a href=\"https:\/\/blogs.univ-tlse2.fr\/vie-etablissement\/groupes-de-travail-sur-levolution-du-site-toulousain-synthese-des-travaux-1-et-2\/\">Groupes de travail sur l\u2019\u00e9volution du site toulousain : synth\u00e8se des travaux &#8211; 1 et 2<\/a>.<\/u><\/p>\n<p align=\"justify\">Les groupes de travail sur l\u2019\u00e9volution du site toulousain se r\u00e9unissent et conduisent leurs travaux. Pour rappel, ces r\u00e9unions doivent permettre de mieux conna\u00eetre le contexte national dans lequel se d\u00e9roule la transformation des universit\u00e9s fran\u00e7aises, d\u2019analyser les enjeux des d\u00e9bats sur le site toulousain et d\u2019examiner les enjeux des diff\u00e9rentes \u00e9volutions du site pour nos activit\u00e9s universitaires.<\/p>\n<p align=\"justify\">Les modalit\u00e9s d\u2019organisation des groupes ont \u00e9t\u00e9 ajust\u00e9es en fonction notamment des personnes s\u2019\u00e9tant port\u00e9es volontaires. Ainsi cinq groupes de travail ont \u00e9t\u00e9 constitu\u00e9s :<\/p>\n<ul>\n<li>1 GT r\u00e9unissant des repr\u00e9sentant\u00b7e\u00b7s du Bureau<\/li>\n<li>2 GT r\u00e9unissant des repr\u00e9sentant\u00b7e\u00b7s du CA et du CAc<\/li>\n<li>1 GT r\u00e9unissant des repr\u00e9sentant\u00b7e\u00b7s du CT et du conseil du SCASC<\/li>\n<li>1 GT r\u00e9unissant des repr\u00e9sentant\u00b7e\u00b7s des directeur\u00b7rice\u00b7s de services<\/li>\n<\/ul>\n<p align=\"justify\">Dans le cadre de la phase d\u2019analyses du projet, qui succ\u00e8de aux phases de contextualisation et d\u2019exploration, les groupes de travail se sont r\u00e9unis autour de la <strong>th\u00e9matique des ressources humaines<\/strong>. Il s\u2019agit l\u00e0, en effet, d\u2019une th\u00e9matique importante abord\u00e9e \u00e0 plusieurs reprises lors des pr\u00e9c\u00e9dents groupes de travail et \u00e0 laquelle les membres de notre communaut\u00e9 universitaire souhaitent \u00eatre particuli\u00e8rement attentif\u00b7ive\u00b7s.<\/p>\n<p align=\"justify\">Du point de vue de la m\u00e9thode, la th\u00e9matique des ressources humaines a \u00e9t\u00e9 d\u00e9clin\u00e9e en deux temps : un premier temps pour examiner les diff\u00e9rents domaines de la RH et pointer les \u00e9l\u00e9ments qui posent question dans la perspective d\u2019une \u00e9volution de l\u2019actuelle Universit\u00e9 f\u00e9d\u00e9rale ; un second temps, pour examiner les r\u00e9ponses apport\u00e9es par la mission L\u00e9vy aux questions qui lui ont \u00e9t\u00e9 transmises<\/p>\n<p align=\"justify\">Aussi, vous trouverez ci-dessous trois documents : le relev\u00e9 des questionnements et le diaporama de pr\u00e9sentation mais aussi le document de l\u2019UFTMiP apportant les \u00e9l\u00e9ments de r\u00e9ponse aux questions pos\u00e9es :<\/p>\n<p style=\"text-align: center\">&#8211; <a href=\"https:\/\/blogs.univ-tlse2.fr\/vie-etablissement\/files\/2021\/06\/Synthe\u0300se-travaux-3.pdf\"><u>Synth\u00e8se des travaux \u2013 3 : relev\u00e9 des questionnements<\/u><\/a><\/p>\n<p style=\"text-align: center\">&#8211; <a href=\"https:\/\/blogs.univ-tlse2.fr\/vie-etablissement\/files\/2021\/06\/Support-GT-the\u0300me-5-RH_VF.pdf\"><u>Diaporama support de la pr\u00e9sentation<\/u><\/a><\/p>\n<p style=\"text-align: center\"><a href=\"https:\/\/blogs.univ-tlse2.fr\/vie-etablissement\/files\/2021\/06\/Ele\u0301ments-de-re\u0301ponse-aux-questions-des-GT-UT2J-sur-les-RH.pdf\"><u>&#8211; \u00c9l\u00e9ments de r\u00e9ponse de la mission L\u00e9vy<\/u><\/a><\/p>\n<p align=\"justify\">Pour rappel, voici le sch\u00e9ma d\u2019organisation des groupes de travail pour la th\u00e9matique des ressources humaines (phase d\u2019analyses du projet) :<\/p>\n<p><a href=\"https:\/\/blogs.univ-tlse2.fr\/vie-etablissement\/files\/2021\/06\/Planning_Tableau_Synthe\u0300se_03_maj-e1624823902240.jpg\" rel=\"lightbox[8020]\"><img loading=\"lazy\" decoding=\"async\" class=\"alignnone size-full wp-image-7825\" src=\"https:\/\/blogs.univ-tlse2.fr\/vie-etablissement\/files\/2021\/06\/Planning_Tableau_Synthe\u0300se_03_maj-e1624823902240.jpg\" alt=\"\" width=\"1901\" height=\"1001\" \/><\/a>[\/vc_column_text][\/vc_column][\/vc_row]<\/p>\n<\/div>","protected":false},"excerpt":{"rendered":"<p>[vc_row][vc_column][vc_column_text] Cet article fait suite \u00e0 l\u2019article intitul\u00e9 Groupes de travail sur l\u2019\u00e9volution du site toulousain : synth\u00e8se des travaux &#8211; 1 et 2. Les groupes de travail sur l\u2019\u00e9volution du site toulousain se r\u00e9unissent et conduisent leurs travaux. Pour&#46;&#46;&#46;<\/p>\n","protected":false},"author":691,"featured_media":8022,"comment_status":"closed","ping_status":"closed","sticky":false,"template":"","format":"standard","meta":{"footnotes":""},"categories":[174588],"tags":[],"class_list":["post-8020","post","type-post","status-publish","format-standard","has-post-thumbnail","hentry","category-evolution-de-site"],"_links":{"self":[{"href":"https:\/\/blogs.univ-tlse2.fr\/vie-etablissement\/index.php?rest_route=\/wp\/v2\/posts\/8020","targetHints":{"allow":["GET"]}}],"collection":[{"href":"https:\/\/blogs.univ-tlse2.fr\/vie-etablissement\/index.php?rest_route=\/wp\/v2\/posts"}],"about":[{"href":"https:\/\/blogs.univ-tlse2.fr\/vie-etablissement\/index.php?rest_route=\/wp\/v2\/types\/post"}],"author":[{"embeddable":true,"href":"https:\/\/blogs.univ-tlse2.fr\/vie-etablissement\/index.php?rest_route=\/wp\/v2\/users\/691"}],"replies":[{"embeddable":true,"href":"https:\/\/blogs.univ-tlse2.fr\/vie-etablissement\/index.php?rest_route=%2Fwp%2Fv2%2Fcomments&post=8020"}],"version-history":[{"count":5,"href":"https:\/\/blogs.univ-tlse2.fr\/vie-etablissement\/index.php?rest_route=\/wp\/v2\/posts\/8020\/revisions"}],"predecessor-version":[{"id":8234,"href":"https:\/\/blogs.univ-tlse2.fr\/vie-etablissement\/index.php?rest_route=\/wp\/v2\/posts\/8020\/revisions\/8234"}],"wp:featuredmedia":[{"embeddable":true,"href":"https:\/\/blogs.univ-tlse2.fr\/vie-etablissement\/index.php?rest_route=\/wp\/v2\/media\/8022"}],"wp:attachment":[{"href":"https:\/\/blogs.univ-tlse2.fr\/vie-etablissement\/index.php?rest_route=%2Fwp%2Fv2%2Fmedia&parent=8020"}],"wp:term":[{"taxonomy":"category","embeddable":true,"href":"https:\/\/blogs.univ-tlse2.fr\/vie-etablissement\/index.php?rest_route=%2Fwp%2Fv2%2Fcategories&post=8020"},{"taxonomy":"post_tag","embeddable":true,"href":"https:\/\/blogs.univ-tlse2.fr\/vie-etablissement\/index.php?rest_route=%2Fwp%2Fv2%2Ftags&post=8020"}],"curies":[{"name":"wp","href":"https:\/\/api.w.org\/{rel}","templated":true}]}}