 {"id":8107,"date":"2021-10-22T17:12:10","date_gmt":"2021-10-22T15:12:10","guid":{"rendered":"https:\/\/blogs.univ-tlse2.fr\/vie-etablissement\/?p=8107"},"modified":"2024-01-22T11:03:50","modified_gmt":"2024-01-22T10:03:50","slug":"universite-de-toulouse-restitution-du-groupe-de-travail-projet-scientifique-2","status":"publish","type":"post","link":"https:\/\/blogs.univ-tlse2.fr\/vie-etablissement\/?p=8107","title":{"rendered":"Universit\u00e9 de Toulouse : restitution du Groupe de travail  \u00ab\u00a0Projet scientifique\u00a0\u00bb"},"content":{"rendered":"<div class=\"wpb-content-wrapper\"><p>[vc_row][vc_column][vc_column_text]<\/p>\n<p align=\"justify\">Depuis le 8 janvier 2021, la R\u00e9gion Occitanie et Toulouse M\u00e9tropole ont confi\u00e9 une mission \u00e0 Patrick L\u00e9vy visant \u00e0 accompagner les acteurs acad\u00e9miques du site dans le d\u00e9ploiement de leur projet et de nouvelles modalit\u00e9s de structuration. Apr\u00e8s les premi\u00e8res rencontres avec l\u2019ensemble des pr\u00e9sidences et directions des \u00e9tablissements, les repr\u00e9sentant\u00b7es des organismes et de nombreux autres acteurs du site toulousain, une d\u00e9marche de travail a \u00e9t\u00e9 d\u00e9ploy\u00e9e, notamment par la mise en place de plusieurs groupes de travail (projet scientifique, formation et vie \u00e9tudiante, doctorat).<\/p>\n<p align=\"justify\">Dans le cadre de la mission L\u00e9vy, un GT autour de l\u2019\u00e9criture du \u00ab Projet scientifique \u00bb s\u2019est r\u00e9uni \u00e0 plusieurs reprises depuis le mois de f\u00e9vrier 2021 afin de formuler des propositions \u00e0 soumettre aux communaut\u00e9s scientifiques. Compos\u00e9 de repr\u00e9sentant\u00b7es des diff\u00e9rents \u00e9tablissements de l\u2019actuelle UFTMiP, il s\u2019est attach\u00e9, dans un premier temps, \u00e0 formuler des principes fondateurs pour une strat\u00e9gie partag\u00e9e \u00e0 l\u2019\u00e9chelle du site et des axes th\u00e9matiques susceptibles de permettre de construire un projet commun, favorisant l\u2019interdisciplinarit\u00e9 en compl\u00e9ment des strat\u00e9gies et politiques scientifiques d\u00e9velopp\u00e9es, en propre, par chacun des \u00e9tablissements qui composeront l\u2019Universit\u00e9 de Toulouse.<\/p>\n<p align=\"justify\">Ainsi, le GT propose de fonder le projet scientifique sur quatre principes :<\/p>\n<ul>\n<li style=\"list-style-type: none\">\n<ul>\n<li>Documenter de grands d\u00e9fis des soci\u00e9t\u00e9s contemporaines dans un contexte de transitions (\u00e9cologique, num\u00e9rique, d\u00e9mocratique\u2026) et d\u2019exigence de durabilit\u00e9 ;<\/li>\n<li>S\u2019appuyer sur le tr\u00e8s large \u00e9ventail des disciplines du site ;<\/li>\n<li>Produire des savoirs fondamentaux et\/ou des savoirs \u00ab actionnables \u00bb ;<\/li>\n<li>D\u00e9velopper les interfaces et interactions entre champs disciplinaires (STS, SHS).<\/li>\n<\/ul>\n<\/li>\n<\/ul>\n<p align=\"justify\">Le GT a soumis au d\u00e9bat le sch\u00e9ma ci-dessous comme cadre susceptible de structurer le projet scientifique partag\u00e9 de l\u2019Universit\u00e9 de Toulouse. Il pose \u00e0 son fondement la richesse et la compl\u00e9mentarit\u00e9 des disciplines. Le groupe de travail a mis en \u00e9vidence, en effet, le tr\u00e8s large \u00e9ventail des champs disciplinaires pr\u00e9sents sur le site toulousain (un des seuls sites en France, avec Lyon et l\u2019Ile de France, o\u00f9 tous les Instituts du CNRS sont repr\u00e9sent\u00e9s, par exemple).<\/p>\n<p>[\/vc_column_text][vc_column_text][\/vc_column_text][vc_column_text]<\/p>\n<p style=\"text-align: center\"><a href=\"https:\/\/blogs.univ-tlse2.fr\/vie-etablissement\/files\/2021\/10\/Sche\u0301ma-Projet-scientifique.jpg\" rel=\"lightbox[8107]\"><img loading=\"lazy\" decoding=\"async\" class=\"alignnone wp-image-8060\" src=\"https:\/\/blogs.univ-tlse2.fr\/vie-etablissement\/files\/2021\/10\/Sche\u0301ma-Projet-scientifique-300x169.jpg\" alt=\"\" width=\"525\" height=\"296\" srcset=\"https:\/\/blogs.univ-tlse2.fr\/vie-etablissement\/files\/2021\/10\/Sche\u0301ma-Projet-scientifique-300x169.jpg 300w, https:\/\/blogs.univ-tlse2.fr\/vie-etablissement\/files\/2021\/10\/Sche\u0301ma-Projet-scientifique-768x432.jpg 768w, https:\/\/blogs.univ-tlse2.fr\/vie-etablissement\/files\/2021\/10\/Sche\u0301ma-Projet-scientifique.jpg 960w\" sizes=\"auto, (max-width: 525px) 100vw, 525px\" \/><\/a><\/p>\n<p>[\/vc_column_text][vc_column_text]<\/p>\n<p align=\"justify\">Les trois grands axes th\u00e9matiques ont \u00e9t\u00e9 identifi\u00e9s au regard de la qualit\u00e9 des travaux et comp\u00e9tences scientifiques du site sur ces divers sujets, de la possibilit\u00e9 de mobiliser l\u2019ensemble des disciplines, m\u00eame si chacune n\u2019y retrouve pas ses \u00ab mots-cl\u00e9s \u00bb. Les formulations adopt\u00e9es rel\u00e8vent parfois de compromis entre des cultures disciplinaires diff\u00e9rentes.<\/p>\n<p align=\"justify\">Le GT a consid\u00e9r\u00e9, par ailleurs, que le soutien aux disciplines relevait d\u2019abord des \u00e9tablissements, tout comme le d\u00e9veloppement d\u2019une interdisciplinarit\u00e9 au sein d\u2019un m\u00eame grand champ disciplinaire (SHS ou ALL pour l\u2019UT2J).<\/p>\n<p align=\"justify\">Le projet de la future Universit\u00e9 de Toulouse peut, en revanche, s\u2019appuyer sur la richesse et la robustesse du socle des disciplines pour accompagner le d\u00e9veloppement d\u2019une pluridisciplinarit\u00e9 entre grands champs scientifiques, voire favoriser l\u2019\u00e9mergence de travaux transdisciplinaires dans lesquels les disciplines des ALL-SHS sont aujourd\u2019hui jug\u00e9es indispensables pour r\u00e9pondre aux enjeux des soci\u00e9t\u00e9s contemporaines (transitions \u00e9cologique, d\u00e9mocratique, num\u00e9rique, par exemple).<\/p>\n<p align=\"justify\">Le cadre propos\u00e9 par le GT est celui dans lequel pourront s\u2019inscrire les projets que le site souhaitera d\u00e9poser lors de l\u2019appel \u00e0 projet \u00ab ExcellencES sous toutes ses formes \u00bb du PIA4 (2<sup>e<\/sup> vague) et, dans le futur, les programmes ou op\u00e9rations de recherche que l\u2019UT financera et dont les modalit\u00e9s de d\u00e9finition et d\u2019allocation des moyens devront \u00eatre pr\u00e9cis\u00e9es.<\/p>\n<p align=\"justify\"><strong>Dans le prolongement de la d\u00e9marche de concertation \u00e0 l\u2019\u0153uvre depuis de nombreux mois au sein de l\u2019UTJ2 autour de l\u2019\u00e9volution du site toulousain, les travaux du GT \u00ab Projet scientifique \u00bb sont pr\u00e9sent\u00e9s et soumis \u00e0 discussion dans diff\u00e9rentes instances de l\u2019\u00e9tablissement (Bureau, CA, Commission Recherche, Conf\u00e9rence de la recherche, etc.). Ils seront \u00e9galement mis en discussion au sein des groupes de travail mis en place dans notre universit\u00e9.<\/strong><\/p>\n<p>[\/vc_column_text][vc_column_text]<img loading=\"lazy\" decoding=\"async\" class=\" wp-image-8054 aligncenter\" src=\"https:\/\/blogs.univ-tlse2.fr\/vie-etablissement\/files\/2021\/10\/Tableau_01-bis.png\" alt=\"\" width=\"537\" height=\"179\" \/>[\/vc_column_text][\/vc_column][\/vc_row]<\/p>\n<\/div>","protected":false},"excerpt":{"rendered":"<p>[vc_row][vc_column][vc_column_text] Depuis le 8 janvier 2021, la R\u00e9gion Occitanie et Toulouse M\u00e9tropole ont confi\u00e9 une mission \u00e0 Patrick L\u00e9vy visant \u00e0 accompagner les acteurs acad\u00e9miques du site dans le d\u00e9ploiement de leur projet et de nouvelles modalit\u00e9s de structuration. Apr\u00e8s&#46;&#46;&#46;<\/p>\n","protected":false},"author":691,"featured_media":8096,"comment_status":"closed","ping_status":"closed","sticky":false,"template":"","format":"standard","meta":{"footnotes":""},"categories":[174588],"tags":[],"class_list":["post-8107","post","type-post","status-publish","format-standard","has-post-thumbnail","hentry","category-evolution-de-site"],"_links":{"self":[{"href":"https:\/\/blogs.univ-tlse2.fr\/vie-etablissement\/index.php?rest_route=\/wp\/v2\/posts\/8107","targetHints":{"allow":["GET"]}}],"collection":[{"href":"https:\/\/blogs.univ-tlse2.fr\/vie-etablissement\/index.php?rest_route=\/wp\/v2\/posts"}],"about":[{"href":"https:\/\/blogs.univ-tlse2.fr\/vie-etablissement\/index.php?rest_route=\/wp\/v2\/types\/post"}],"author":[{"embeddable":true,"href":"https:\/\/blogs.univ-tlse2.fr\/vie-etablissement\/index.php?rest_route=\/wp\/v2\/users\/691"}],"replies":[{"embeddable":true,"href":"https:\/\/blogs.univ-tlse2.fr\/vie-etablissement\/index.php?rest_route=%2Fwp%2Fv2%2Fcomments&post=8107"}],"version-history":[{"count":3,"href":"https:\/\/blogs.univ-tlse2.fr\/vie-etablissement\/index.php?rest_route=\/wp\/v2\/posts\/8107\/revisions"}],"predecessor-version":[{"id":8110,"href":"https:\/\/blogs.univ-tlse2.fr\/vie-etablissement\/index.php?rest_route=\/wp\/v2\/posts\/8107\/revisions\/8110"}],"wp:featuredmedia":[{"embeddable":true,"href":"https:\/\/blogs.univ-tlse2.fr\/vie-etablissement\/index.php?rest_route=\/wp\/v2\/media\/8096"}],"wp:attachment":[{"href":"https:\/\/blogs.univ-tlse2.fr\/vie-etablissement\/index.php?rest_route=%2Fwp%2Fv2%2Fmedia&parent=8107"}],"wp:term":[{"taxonomy":"category","embeddable":true,"href":"https:\/\/blogs.univ-tlse2.fr\/vie-etablissement\/index.php?rest_route=%2Fwp%2Fv2%2Fcategories&post=8107"},{"taxonomy":"post_tag","embeddable":true,"href":"https:\/\/blogs.univ-tlse2.fr\/vie-etablissement\/index.php?rest_route=%2Fwp%2Fv2%2Ftags&post=8107"}],"curies":[{"name":"wp","href":"https:\/\/api.w.org\/{rel}","templated":true}]}}