 {"id":8259,"date":"2022-04-11T12:51:05","date_gmt":"2022-04-11T10:51:05","guid":{"rendered":"https:\/\/blogs.univ-tlse2.fr\/vie-etablissement\/?p=8259"},"modified":"2024-01-22T10:12:58","modified_gmt":"2024-01-22T09:12:58","slug":"contrat-de-site-volet-commun-et-volet-specifique-ut2j-adopte-par-le-conseil-dadministration-mardi-29-mars-2022","status":"publish","type":"post","link":"https:\/\/blogs.univ-tlse2.fr\/vie-etablissement\/?p=8259","title":{"rendered":"Contrat de site (volet commun et volet sp\u00e9cifique UT2J)"},"content":{"rendered":"<div class=\"wpb-content-wrapper\"><p>[vc_row][vc_column][vc_column_text]<\/p>\n<p align=\"justify\">Au terme d&rsquo;un processus de travail au sein de l&rsquo;\u00e9tablissement et de dialogue avec le minist\u00e8re de l&rsquo;enseignement sup\u00e9rieur, de la recherche et de l&rsquo;innovation, le Conseil d&rsquo;administration a adopt\u00e9 mardi 29 mars 2022 le contrat de site (volet commun et volet sp\u00e9cifique UT2J). Le vote du conseil d&rsquo;administration a \u00e9t\u00e9 pr\u00e9c\u00e9d\u00e9 d&rsquo;une pr\u00e9sentation en Congr\u00e8s le 23 mars 2022 et a \u00e9t\u00e9 soumis pour avis au Comit\u00e9 technique le lundi 28 mars 2022. D\u00e9but\u00e9 en 2019 avec l\u2019auto\u00e9valuation puis l\u2019\u00e9valuation du Hc\u00e9res, ce contrat est le fruit d\u2019un travail collectif qui a mobilis\u00e9 l\u2019ensemble des services et des composantes de l\u2019\u00e9tablissement.<\/p>\n<p>Il faut noter qu\u2019en raison de la crise sanitaire tous les contrats de la vague A ont une dur\u00e9e port\u00e9e \u00e0 6 ans (2021-2026).[\/vc_column_text][\/vc_column][\/vc_row][vc_row][vc_column][vc_column_text]Vous trouverez ces documents en t\u00e9l\u00e9chargement ci-dessous.[\/vc_column_text][\/vc_column][\/vc_row][vc_row][vc_column width=\u00a0\u00bb1\/2&Prime;][vc_column_text]<\/p>\n<p style=\"text-align: center\"><em>Volet sp\u00e9cifique UT2J<\/em><a href=\"https:\/\/blogs.univ-tlse2.fr\/vie-etablissement\/files\/2022\/04\/Contrat-volet-UT2J_2021-2026.pdf\"><img loading=\"lazy\" decoding=\"async\" class=\"wp-image-8133 aligncenter\" src=\"https:\/\/blogs.univ-tlse2.fr\/vie-etablissement\/files\/2022\/04\/Contrat-volet-UT2J_2021-2026-1-e1649525666721.png\" alt=\"\" width=\"358\" height=\"669\" \/><\/a><\/p>\n<p>[\/vc_column_text][\/vc_column][vc_column width=\u00a0\u00bb1\/2&Prime;][vc_column_text]<\/p>\n<p style=\"text-align: center\"><em>Volet commun<\/em><a href=\"https:\/\/blogs.univ-tlse2.fr\/vie-etablissement\/files\/2022\/04\/Contrat-volet-commun-UFTMiP_2021-2026.pdf\"><img loading=\"lazy\" decoding=\"async\" class=\"wp-image-8133 aligncenter\" src=\"https:\/\/blogs.univ-tlse2.fr\/vie-etablissement\/files\/2022\/04\/Contrat-volet-commun-UFTMiP_2021-2026-1-e1649525689347.png\" alt=\"\" width=\"395\" height=\"559\" \/><\/a><\/p>\n<p>[\/vc_column_text][\/vc_column][\/vc_row]<\/p>\n<\/div>","protected":false},"excerpt":{"rendered":"<p>[vc_row][vc_column][vc_column_text] Au terme d&rsquo;un processus de travail au sein de l&rsquo;\u00e9tablissement et de dialogue avec le minist\u00e8re de l&rsquo;enseignement sup\u00e9rieur, de la recherche et de l&rsquo;innovation, le Conseil d&rsquo;administration a adopt\u00e9 mardi 29 mars 2022 le contrat de site (volet&#46;&#46;&#46;<\/p>\n","protected":false},"author":691,"featured_media":8268,"comment_status":"closed","ping_status":"closed","sticky":false,"template":"","format":"standard","meta":{"footnotes":""},"categories":[174585],"tags":[],"class_list":["post-8259","post","type-post","status-publish","format-standard","has-post-thumbnail","hentry","category-demarche-de-contractualisation"],"_links":{"self":[{"href":"https:\/\/blogs.univ-tlse2.fr\/vie-etablissement\/index.php?rest_route=\/wp\/v2\/posts\/8259","targetHints":{"allow":["GET"]}}],"collection":[{"href":"https:\/\/blogs.univ-tlse2.fr\/vie-etablissement\/index.php?rest_route=\/wp\/v2\/posts"}],"about":[{"href":"https:\/\/blogs.univ-tlse2.fr\/vie-etablissement\/index.php?rest_route=\/wp\/v2\/types\/post"}],"author":[{"embeddable":true,"href":"https:\/\/blogs.univ-tlse2.fr\/vie-etablissement\/index.php?rest_route=\/wp\/v2\/users\/691"}],"replies":[{"embeddable":true,"href":"https:\/\/blogs.univ-tlse2.fr\/vie-etablissement\/index.php?rest_route=%2Fwp%2Fv2%2Fcomments&post=8259"}],"version-history":[{"count":4,"href":"https:\/\/blogs.univ-tlse2.fr\/vie-etablissement\/index.php?rest_route=\/wp\/v2\/posts\/8259\/revisions"}],"predecessor-version":[{"id":8270,"href":"https:\/\/blogs.univ-tlse2.fr\/vie-etablissement\/index.php?rest_route=\/wp\/v2\/posts\/8259\/revisions\/8270"}],"wp:featuredmedia":[{"embeddable":true,"href":"https:\/\/blogs.univ-tlse2.fr\/vie-etablissement\/index.php?rest_route=\/wp\/v2\/media\/8268"}],"wp:attachment":[{"href":"https:\/\/blogs.univ-tlse2.fr\/vie-etablissement\/index.php?rest_route=%2Fwp%2Fv2%2Fmedia&parent=8259"}],"wp:term":[{"taxonomy":"category","embeddable":true,"href":"https:\/\/blogs.univ-tlse2.fr\/vie-etablissement\/index.php?rest_route=%2Fwp%2Fv2%2Fcategories&post=8259"},{"taxonomy":"post_tag","embeddable":true,"href":"https:\/\/blogs.univ-tlse2.fr\/vie-etablissement\/index.php?rest_route=%2Fwp%2Fv2%2Ftags&post=8259"}],"curies":[{"name":"wp","href":"https:\/\/api.w.org\/{rel}","templated":true}]}}