 {"id":8302,"date":"2022-06-08T09:30:46","date_gmt":"2022-06-08T07:30:46","guid":{"rendered":"https:\/\/blogs.univ-tlse2.fr\/vie-etablissement\/?p=8302"},"modified":"2024-01-22T11:01:13","modified_gmt":"2024-01-22T10:01:13","slug":"statuts-de-luniversite-de-toulouse-version-de-travail","status":"publish","type":"post","link":"https:\/\/blogs.univ-tlse2.fr\/vie-etablissement\/?p=8302","title":{"rendered":"Statuts de l\u2019Universit\u00e9 de Toulouse &#8211; version de travail (M\u00e0J)"},"content":{"rendered":"<p align=\"justify\">Au mois de f\u00e9vrier 2022, un groupe de travail a \u00e9t\u00e9 constitu\u00e9 dans le cadre du projet UT23\/mission L\u00e9vy pour la pr\u00e9paration des statuts de la future Universit\u00e9 de Toulouse. Ce groupe de travail \u00e9tait compos\u00e9 de repr\u00e9sentant\u00b7es des diff\u00e9rents \u00e9tablissements du site toulousain.<\/p>\n<p align=\"justify\">Pour nourrir ce chantier de pr\u00e9paration des statuts, des r\u00e9unions de concertation inter\u00e9tablissements ont \u00e9t\u00e9 organis\u00e9es :<\/p>\n<ul>\n<li>Le 10 mars 2022 : R\u00e9union pl\u00e9ni\u00e8re de concertation inter\u00e9tablissements pl\u00e9ni\u00e8re pour les membres des CA, CAc et CT des \u00e9tablissements.<\/li>\n<li>Le 05 avril 2022 : R\u00e9union de concertation inter\u00e9tablissements sur le p\u00e9rim\u00e8tre des \u00e9lu\u00b7es CA des diff\u00e9rents \u00e9tablissements pour les coll\u00e8ges des enseignant\u00b7es et enseignant\u00b7es-chercheur\u00b7es.<\/li>\n<li>Le 14 avril 2022 : R\u00e9union de concertation inter\u00e9tablissements sur le p\u00e9rim\u00e8tre des \u00e9lu\u00b7es CA des diff\u00e9rents \u00e9tablissements pour les coll\u00e8ges des personnels BIATSS.<\/li>\n<li>Le 15 avril 2022 : R\u00e9union de concertation inter\u00e9tablissements sur le p\u00e9rim\u00e8tre des \u00e9lu\u00b7es CA des diff\u00e9rents \u00e9tablissements pour les coll\u00e8ges des usager\u00b7\u00e8res.<\/li>\n<\/ul>\n<p align=\"justify\">En s\u2019appuyant sur ces temps d\u2019\u00e9change et de discussion avec les repr\u00e9sentant\u00b7es des communaut\u00e9s universitaires, le groupe de travail a produit une premi\u00e8re version du texte des statuts. Cette version a \u00e9t\u00e9 discut\u00e9e lors d\u2019une r\u00e9union derni\u00e8re r\u00e9union de concertation inter\u00e9tablissements pl\u00e9ni\u00e8re (membres des CA, CAc et CT des \u00e9tablissements) qui s\u2019est tenue le 31 mai 2022.<\/p>\n<p>Cons\u00e9cutivement, une nouvelle version du texte des statuts a \u00e9t\u00e9 produite :<\/p>\n<p style=\"text-align: center\"><a href=\"https:\/\/blogs.univ-tlse2.fr\/vie-etablissement\/files\/2022\/06\/20220607-V2-statuts-de-lUT-post-concertation.pdf\"><u>Statuts de l\u2019Universit\u00e9 de Toulouse \u2013 version de travail (2)<\/u><\/a><\/p>\n<p>Une version d\u00e9finitive sera stabilis\u00e9e prochainement, pour \u00eatre soumise aux votes des CT et CA des diff\u00e9rents \u00e9tablissements.<\/p>\n","protected":false},"excerpt":{"rendered":"<p>Au mois de f\u00e9vrier 2022, un groupe de travail a \u00e9t\u00e9 constitu\u00e9 dans le cadre du projet UT23\/mission L\u00e9vy pour la pr\u00e9paration des statuts de la future Universit\u00e9 de Toulouse. Ce groupe de travail \u00e9tait compos\u00e9 de repr\u00e9sentant\u00b7es des diff\u00e9rents&#46;&#46;&#46;<\/p>\n","protected":false},"author":691,"featured_media":8313,"comment_status":"closed","ping_status":"closed","sticky":false,"template":"","format":"standard","meta":{"footnotes":""},"categories":[174588],"tags":[],"class_list":["post-8302","post","type-post","status-publish","format-standard","has-post-thumbnail","hentry","category-evolution-de-site"],"_links":{"self":[{"href":"https:\/\/blogs.univ-tlse2.fr\/vie-etablissement\/index.php?rest_route=\/wp\/v2\/posts\/8302","targetHints":{"allow":["GET"]}}],"collection":[{"href":"https:\/\/blogs.univ-tlse2.fr\/vie-etablissement\/index.php?rest_route=\/wp\/v2\/posts"}],"about":[{"href":"https:\/\/blogs.univ-tlse2.fr\/vie-etablissement\/index.php?rest_route=\/wp\/v2\/types\/post"}],"author":[{"embeddable":true,"href":"https:\/\/blogs.univ-tlse2.fr\/vie-etablissement\/index.php?rest_route=\/wp\/v2\/users\/691"}],"replies":[{"embeddable":true,"href":"https:\/\/blogs.univ-tlse2.fr\/vie-etablissement\/index.php?rest_route=%2Fwp%2Fv2%2Fcomments&post=8302"}],"version-history":[{"count":3,"href":"https:\/\/blogs.univ-tlse2.fr\/vie-etablissement\/index.php?rest_route=\/wp\/v2\/posts\/8302\/revisions"}],"predecessor-version":[{"id":8312,"href":"https:\/\/blogs.univ-tlse2.fr\/vie-etablissement\/index.php?rest_route=\/wp\/v2\/posts\/8302\/revisions\/8312"}],"wp:featuredmedia":[{"embeddable":true,"href":"https:\/\/blogs.univ-tlse2.fr\/vie-etablissement\/index.php?rest_route=\/wp\/v2\/media\/8313"}],"wp:attachment":[{"href":"https:\/\/blogs.univ-tlse2.fr\/vie-etablissement\/index.php?rest_route=%2Fwp%2Fv2%2Fmedia&parent=8302"}],"wp:term":[{"taxonomy":"category","embeddable":true,"href":"https:\/\/blogs.univ-tlse2.fr\/vie-etablissement\/index.php?rest_route=%2Fwp%2Fv2%2Fcategories&post=8302"},{"taxonomy":"post_tag","embeddable":true,"href":"https:\/\/blogs.univ-tlse2.fr\/vie-etablissement\/index.php?rest_route=%2Fwp%2Fv2%2Ftags&post=8302"}],"curies":[{"name":"wp","href":"https:\/\/api.w.org\/{rel}","templated":true}]}}