 {"id":8498,"date":"2024-02-05T16:26:04","date_gmt":"2024-02-05T15:26:04","guid":{"rendered":"https:\/\/blogs.univ-tlse2.fr\/vie-etablissement\/?p=8498"},"modified":"2024-03-29T13:10:40","modified_gmt":"2024-03-29T12:10:40","slug":"schema-directeur-ddrse-un-chantier-collectif-pour-transformer-notre-universite","status":"publish","type":"post","link":"https:\/\/blogs.univ-tlse2.fr\/vie-etablissement\/?p=8498","title":{"rendered":"Sch\u00e9ma directeur DDRSE : un chantier collectif pour transformer notre universit\u00e9"},"content":{"rendered":"<div class=\"wpb-content-wrapper\"><p>[vc_row][vc_column][vc_column_text]<\/p>\n<div>\n<p style=\"font-weight: 400\">Lors du Congr\u00e8s du 30 janvier 2024 a \u00e9t\u00e9 pr\u00e9sent\u00e9e la d\u00e9marche d\u2019\u00e9laboration du Sch\u00e9ma directeur D\u00e9veloppement durable &amp; responsabilit\u00e9 soci\u00e9tale et environnementale (DDRSE). Cette d\u00e9marche avait d\u00e9j\u00e0 \u00e9t\u00e9 pr\u00e9sent\u00e9e et discut\u00e9e en Bureau et dans la commission Responsabilit\u00e9 soci\u00e9tale de l\u2019universit\u00e9 (8 janvier).<\/p>\n<p style=\"font-weight: 400\">Vous trouverez ci-apr\u00e8s le support de pr\u00e9sentation qui d\u00e9crit les grands principes retenus ainsi que l\u2019organisation g\u00e9n\u00e9rale des groupes de travail.<\/p>\n<p style=\"font-weight: 400\">Ce blog vous permettra de vous informer r\u00e9guli\u00e8rement sur l\u2019avanc\u00e9e des travaux. Vous trouverez prochainement les groupes de travail, leur composition, les calendriers, les documents li\u00e9s, etc.<\/p>\n<p style=\"font-weight: 400\"><strong>Pour toute information <a href=\"&#109;&#x61;i&#x6c;t&#x6f;:&#118;&#x70;&#45;&#x72;s&#x75;&#64;&#x75;n&#105;&#x76;-&#x74;l&#x73;e&#x32;&#x2e;&#102;&#x72;\">v&#112;&#x2d;&#x72;s&#117;&#x40;&#x75;n&#105;&#x76;&#x2d;tl&#x73;&#x65;2&#46;&#x66;&#x72;<\/a><\/strong><\/p>\n<\/div>\n<div><\/div>\n<p>[\/vc_column_text][\/vc_column][\/vc_row][vc_row][vc_column width=\u00a0\u00bb1\/2&Prime;][vc_column_text]<\/p>\n<div style=\"text-align: center\"><a href=\"https:\/\/blogs.univ-tlse2.fr\/vie-etablissement\/files\/2024\/02\/PRES_2024-02-05_Congres-RSU.pdf\">Pr\u00e9sentation<\/a><\/div>\n<div><\/div>\n<div style=\"text-align: center\"><a href=\"https:\/\/blogs.univ-tlse2.fr\/vie-etablissement\/files\/2024\/02\/PRES_2024-02-05_Congres-RSU.pdf\"><img loading=\"lazy\" decoding=\"async\" class=\"alignnone wp-image-8490 size-medium\" src=\"https:\/\/blogs.univ-tlse2.fr\/vie-etablissement\/files\/2024\/02\/PRES_ImgSC_DDRSE_Fichier_PDF-300x169.png\" alt=\"\" width=\"300\" height=\"169\" srcset=\"https:\/\/blogs.univ-tlse2.fr\/vie-etablissement\/files\/2024\/02\/PRES_ImgSC_DDRSE_Fichier_PDF-300x169.png 300w, https:\/\/blogs.univ-tlse2.fr\/vie-etablissement\/files\/2024\/02\/PRES_ImgSC_DDRSE_Fichier_PDF.png 600w\" sizes=\"auto, (max-width: 300px) 100vw, 300px\" \/><\/a><\/div>\n<p>[\/vc_column_text][\/vc_column][vc_column width=\u00a0\u00bb1\/2&Prime;][vc_column_text]<\/p>\n<div style=\"text-align: center\"><a href=\"https:\/\/blogs.univ-tlse2.fr\/vie-etablissement\/files\/2024\/02\/Organisation-generale-des-groupes-de-travail.pdf\">Organisation g\u00e9n\u00e9rale<\/a> des groupes de travail<\/div>\n<div><\/div>\n<div style=\"text-align: center\"><a href=\"https:\/\/blogs.univ-tlse2.fr\/vie-etablissement\/files\/2024\/02\/Organisation-generale-des-groupes-de-travail.pdf\"><img loading=\"lazy\" decoding=\"async\" class=\"alignnone wp-image-8493 size-medium\" src=\"https:\/\/blogs.univ-tlse2.fr\/vie-etablissement\/files\/2024\/02\/PRES_ImgGROUPE_Fichier_PDF-300x169.png\" alt=\"\" width=\"300\" height=\"169\" srcset=\"https:\/\/blogs.univ-tlse2.fr\/vie-etablissement\/files\/2024\/02\/PRES_ImgGROUPE_Fichier_PDF-300x169.png 300w, https:\/\/blogs.univ-tlse2.fr\/vie-etablissement\/files\/2024\/02\/PRES_ImgGROUPE_Fichier_PDF.png 600w\" sizes=\"auto, (max-width: 300px) 100vw, 300px\" \/><\/a><\/div>\n<p>[\/vc_column_text][\/vc_column][\/vc_row][vc_row][vc_column][\/vc_column][\/vc_row][vc_row][vc_column][\/vc_column][\/vc_row]<\/p>\n<\/div>","protected":false},"excerpt":{"rendered":"<p>[vc_row][vc_column][vc_column_text] Lors du Congr\u00e8s du 30 janvier 2024 a \u00e9t\u00e9 pr\u00e9sent\u00e9e la d\u00e9marche d\u2019\u00e9laboration du Sch\u00e9ma directeur D\u00e9veloppement durable &amp; responsabilit\u00e9 soci\u00e9tale et environnementale (DDRSE). Cette d\u00e9marche avait d\u00e9j\u00e0 \u00e9t\u00e9 pr\u00e9sent\u00e9e et discut\u00e9e en Bureau et dans la commission Responsabilit\u00e9&#46;&#46;&#46;<\/p>\n","protected":false},"author":839,"featured_media":8497,"comment_status":"closed","ping_status":"open","sticky":false,"template":"","format":"standard","meta":{"footnotes":""},"categories":[174591,174213],"tags":[],"class_list":["post-8498","post","type-post","status-publish","format-standard","has-post-thumbnail","hentry","category-ddrse","category-nos-engagements"],"_links":{"self":[{"href":"https:\/\/blogs.univ-tlse2.fr\/vie-etablissement\/index.php?rest_route=\/wp\/v2\/posts\/8498","targetHints":{"allow":["GET"]}}],"collection":[{"href":"https:\/\/blogs.univ-tlse2.fr\/vie-etablissement\/index.php?rest_route=\/wp\/v2\/posts"}],"about":[{"href":"https:\/\/blogs.univ-tlse2.fr\/vie-etablissement\/index.php?rest_route=\/wp\/v2\/types\/post"}],"author":[{"embeddable":true,"href":"https:\/\/blogs.univ-tlse2.fr\/vie-etablissement\/index.php?rest_route=\/wp\/v2\/users\/839"}],"replies":[{"embeddable":true,"href":"https:\/\/blogs.univ-tlse2.fr\/vie-etablissement\/index.php?rest_route=%2Fwp%2Fv2%2Fcomments&post=8498"}],"version-history":[{"count":2,"href":"https:\/\/blogs.univ-tlse2.fr\/vie-etablissement\/index.php?rest_route=\/wp\/v2\/posts\/8498\/revisions"}],"predecessor-version":[{"id":8501,"href":"https:\/\/blogs.univ-tlse2.fr\/vie-etablissement\/index.php?rest_route=\/wp\/v2\/posts\/8498\/revisions\/8501"}],"wp:featuredmedia":[{"embeddable":true,"href":"https:\/\/blogs.univ-tlse2.fr\/vie-etablissement\/index.php?rest_route=\/wp\/v2\/media\/8497"}],"wp:attachment":[{"href":"https:\/\/blogs.univ-tlse2.fr\/vie-etablissement\/index.php?rest_route=%2Fwp%2Fv2%2Fmedia&parent=8498"}],"wp:term":[{"taxonomy":"category","embeddable":true,"href":"https:\/\/blogs.univ-tlse2.fr\/vie-etablissement\/index.php?rest_route=%2Fwp%2Fv2%2Fcategories&post=8498"},{"taxonomy":"post_tag","embeddable":true,"href":"https:\/\/blogs.univ-tlse2.fr\/vie-etablissement\/index.php?rest_route=%2Fwp%2Fv2%2Ftags&post=8498"}],"curies":[{"name":"wp","href":"https:\/\/api.w.org\/{rel}","templated":true}]}}