 {"id":8516,"date":"2024-02-12T13:50:45","date_gmt":"2024-02-12T12:50:45","guid":{"rendered":"https:\/\/blogs.univ-tlse2.fr\/vie-etablissement\/?p=8516"},"modified":"2024-02-12T13:50:45","modified_gmt":"2024-02-12T12:50:45","slug":"bilan-a-mi-parcours-du-volet-ut2j-du-contrat-de-site-2021-2026","status":"publish","type":"post","link":"https:\/\/blogs.univ-tlse2.fr\/vie-etablissement\/?p=8516","title":{"rendered":"Bilan \u00e0 mi-parcours du volet UT2J du contrat de site 2021-2026"},"content":{"rendered":"<div class=\"wpb-content-wrapper\"><p>[vc_row][vc_column][vc_column_text]<\/p>\n<div>\n<p>Le Congr\u00e8s de l&rsquo;universit\u00e9, r\u00e9uni le 30 janvier 2024, a permis de pr\u00e9senter le bilan \u00e0 mi-parcours du volet UT2J du contrat de site 2021-2026. Vous trouverez ci-apr\u00e8s le support de pr\u00e9sentation.<\/p>\n<p align=\"justify\">\n<\/div>\n<div>Pour rappel :<\/div>\n<div>\u00ab\u00a0le contrat a eu pour objectif de favoriser un dialogue strat\u00e9gique entre l&rsquo;\u00c9tat et les \u00e9tablissements d&rsquo;enseignement sup\u00e9rieur, tenant compte de leur nouvelle autonomie de gestion. De quadriennal, le contrat est devenu quinquennal, la contractualisation s&rsquo;op\u00e9rant d\u00e9sormais en cinq vagues compos\u00e9es en moyenne de 30 \u00e9tablissements. [&#8230;]<\/div>\n<div>La prise de conscience du besoin d&rsquo;une vision strat\u00e9gique de moyen et long termes coh\u00e9rente aux \u00e9chelles territoriales, nationale et europ\u00e9enne s&rsquo;est traduite par une \u00e9volution du p\u00e9rim\u00e8tre des contrats pour les positionner au meilleur niveau strat\u00e9gique. Celui du \u00ab\u00a0site\u00a0\u00bb, entendu comme le lieu des coop\u00e9rations institutionnelles et scientifiques, est apparu comme le plus pertinent dans la mesure o\u00f9 il permet une vision int\u00e9gr\u00e9e et d\u00e9cloisonn\u00e9e des dynamiques \u00e0 l&rsquo;\u0153uvre sur un territoire d\u00e9termin\u00e9 [&#8230;].<\/div>\n<div>Le contrat de site comporte d\u00e9sormais deux volets distincts :<\/div>\n<ul>\n<li>un volet commun aux \u00e9tablissements du site d\u00e9crivant une trajectoire partag\u00e9e en formation, recherche et transfert<\/li>\n<li>un volet sp\u00e9cifique \u00e0 chaque \u00e9tablissement, d\u00e9crivant notamment la contribution dudit \u00e9tablissement \u00e0 la politique du site.\u00a0\u00bb<\/li>\n<\/ul>\n<div style=\"padding-left: 80px\"><i>Extrait du site du minist\u00e8re : <a href=\"https:\/\/www.enseignementsup-recherche.gouv.fr\/fr\/la-politique-contractuelle-de-site-45969\">https:\/\/www.enseignementsup-recherche.gouv.fr\/fr\/la-politique-contractuelle-de-site-45969<\/a><\/i><\/div>\n<p>&nbsp;<\/p>\n<p align=\"justify\">Pr\u00e9cisons que le contrat quinquennal 2021-2026, adopt\u00e9 lors du CA du 29 mars 2022, court exceptionnellement sur 6 ans, en raison de de la crise de la covid-19.<\/p>\n<p>[\/vc_column_text][\/vc_column][\/vc_row][vc_row][vc_column width=\u00a0\u00bb1\/3&Prime;][\/vc_column][vc_column width=\u00a0\u00bb1\/3&Prime;][vc_column_text]<\/p>\n<p style=\"text-align: center\"><a href=\"https:\/\/blogs.univ-tlse2.fr\/vie-etablissement\/files\/2024\/02\/Bilan-mi-parcours-du-contrat.pdf\">Pr\u00e9sentation<\/a><\/p>\n<p><a href=\"https:\/\/blogs.univ-tlse2.fr\/vie-etablissement\/files\/2024\/02\/Bilan-mi-parcours-du-contrat.pdf\"><img loading=\"lazy\" decoding=\"async\" class=\"size-medium wp-image-8510\" src=\"https:\/\/blogs.univ-tlse2.fr\/vie-etablissement\/files\/2024\/02\/Une_Article_BILAN_MI-PARCOURS-300x142.jpg\" alt=\"\" width=\"300\" height=\"142\" srcset=\"https:\/\/blogs.univ-tlse2.fr\/vie-etablissement\/files\/2024\/02\/Une_Article_BILAN_MI-PARCOURS-300x142.jpg 300w, https:\/\/blogs.univ-tlse2.fr\/vie-etablissement\/files\/2024\/02\/Une_Article_BILAN_MI-PARCOURS-520x245.jpg 520w, https:\/\/blogs.univ-tlse2.fr\/vie-etablissement\/files\/2024\/02\/Une_Article_BILAN_MI-PARCOURS.jpg 720w\" sizes=\"auto, (max-width: 300px) 100vw, 300px\" \/><\/a><\/p>\n<p>[\/vc_column_text][\/vc_column][vc_column width=\u00a0\u00bb1\/3&Prime;][\/vc_column][\/vc_row]<\/p>\n<\/div>","protected":false},"excerpt":{"rendered":"<p>[vc_row][vc_column][vc_column_text] Le Congr\u00e8s de l&rsquo;universit\u00e9, r\u00e9uni le 30 janvier 2024, a permis de pr\u00e9senter le bilan \u00e0 mi-parcours du volet UT2J du contrat de site 2021-2026. Vous trouverez ci-apr\u00e8s le support de pr\u00e9sentation. Pour rappel : \u00ab\u00a0le contrat a eu&#46;&#46;&#46;<\/p>\n","protected":false},"author":839,"featured_media":8510,"comment_status":"closed","ping_status":"open","sticky":false,"template":"","format":"standard","meta":{"footnotes":""},"categories":[174585],"tags":[],"class_list":["post-8516","post","type-post","status-publish","format-standard","has-post-thumbnail","hentry","category-demarche-de-contractualisation"],"_links":{"self":[{"href":"https:\/\/blogs.univ-tlse2.fr\/vie-etablissement\/index.php?rest_route=\/wp\/v2\/posts\/8516","targetHints":{"allow":["GET"]}}],"collection":[{"href":"https:\/\/blogs.univ-tlse2.fr\/vie-etablissement\/index.php?rest_route=\/wp\/v2\/posts"}],"about":[{"href":"https:\/\/blogs.univ-tlse2.fr\/vie-etablissement\/index.php?rest_route=\/wp\/v2\/types\/post"}],"author":[{"embeddable":true,"href":"https:\/\/blogs.univ-tlse2.fr\/vie-etablissement\/index.php?rest_route=\/wp\/v2\/users\/839"}],"replies":[{"embeddable":true,"href":"https:\/\/blogs.univ-tlse2.fr\/vie-etablissement\/index.php?rest_route=%2Fwp%2Fv2%2Fcomments&post=8516"}],"version-history":[{"count":1,"href":"https:\/\/blogs.univ-tlse2.fr\/vie-etablissement\/index.php?rest_route=\/wp\/v2\/posts\/8516\/revisions"}],"predecessor-version":[{"id":8517,"href":"https:\/\/blogs.univ-tlse2.fr\/vie-etablissement\/index.php?rest_route=\/wp\/v2\/posts\/8516\/revisions\/8517"}],"wp:featuredmedia":[{"embeddable":true,"href":"https:\/\/blogs.univ-tlse2.fr\/vie-etablissement\/index.php?rest_route=\/wp\/v2\/media\/8510"}],"wp:attachment":[{"href":"https:\/\/blogs.univ-tlse2.fr\/vie-etablissement\/index.php?rest_route=%2Fwp%2Fv2%2Fmedia&parent=8516"}],"wp:term":[{"taxonomy":"category","embeddable":true,"href":"https:\/\/blogs.univ-tlse2.fr\/vie-etablissement\/index.php?rest_route=%2Fwp%2Fv2%2Fcategories&post=8516"},{"taxonomy":"post_tag","embeddable":true,"href":"https:\/\/blogs.univ-tlse2.fr\/vie-etablissement\/index.php?rest_route=%2Fwp%2Fv2%2Ftags&post=8516"}],"curies":[{"name":"wp","href":"https:\/\/api.w.org\/{rel}","templated":true}]}}