 {"id":8529,"date":"2024-02-15T14:30:09","date_gmt":"2024-02-15T13:30:09","guid":{"rendered":"https:\/\/blogs.univ-tlse2.fr\/vie-etablissement\/?p=8529"},"modified":"2024-02-15T14:30:09","modified_gmt":"2024-02-15T13:30:09","slug":"luniversite-de-toulouse-apres-une-annee-dexperimentation","status":"publish","type":"post","link":"https:\/\/blogs.univ-tlse2.fr\/vie-etablissement\/?p=8529","title":{"rendered":"L&rsquo;Universit\u00e9 de Toulouse, apr\u00e8s une ann\u00e9e d&rsquo;exp\u00e9rimentation"},"content":{"rendered":"<div class=\"wpb-content-wrapper\"><p>[vc_row][vc_column][vc_column_text]<\/p>\n<div>\n<p>Le 1<sup>er<\/sup> janvier 2023 \u00e9tait cr\u00e9\u00e9e l&rsquo;Universit\u00e9 de Toulouse, sous la forme d&rsquo;une Comue exp\u00e9rimentale. Cette \u00e9volution institutionnelle s&rsquo;accompagnait de la mise en place du programme TIRIS, laur\u00e9at de l&rsquo;appel \u00e0 projets \u00ab\u00a0Excellence sous toutes ses formes &#8211; ExcellencES\u00a0\u00bb du PIA 4.<\/p>\n<p align=\"justify\">Au terme de la premi\u00e8re ann\u00e9e d&rsquo;exp\u00e9rimentation, le Congr\u00e8s de l&rsquo;universit\u00e9 r\u00e9uni le 30 janvier 2024 visait \u00e0 partager avec les repr\u00e9sentant\u00b7es de la communaut\u00e9 les premiers retours du programme TIRIS ainsi que l&rsquo;\u00e9tat du chantier relatif \u00e0 la dimension institutionnelle de l&rsquo;Universit\u00e9 de Toulouse qui doit conduire \u00e0 une sortie de l&rsquo;exp\u00e9rimentation au plus tard en 2028.<\/p>\n<p align=\"justify\">Ces \u00e9l\u00e9ments ont \u00e9t\u00e9 pr\u00e9sent\u00e9s, lors du Congr\u00e8s, par le Pr\u00e9sident de l&rsquo;Universit\u00e9 de Toulouse, M. Mike Toplis, par son Vice-pr\u00e9sident en charge des Ressources et de la transformation institutionnelle, M. Lukas Rass-Masson et par la coordinateur scientifique du programme TIRIS, M. Bertrand Jouve.<\/p>\n<p align=\"justify\">Afin que chacune et chacun puisse rester inform\u00e9\u00b7e, vous trouverez ci-apr\u00e8s le support de pr\u00e9sentation.<\/p>\n<\/div>\n<p>[\/vc_column_text][\/vc_column][\/vc_row][vc_row][vc_column width=\u00a0\u00bb1\/3&Prime;][\/vc_column][vc_column width=\u00a0\u00bb1\/3&Prime;][vc_column_text]<\/p>\n<p style=\"text-align: center\"><a href=\"https:\/\/blogs.univ-tlse2.fr\/vie-etablissement\/files\/2024\/02\/Universite-de-Toulouse_Congres-du-30-01-24.pdf\">Pr\u00e9sentation<\/a><\/p>\n<p><a href=\"https:\/\/blogs.univ-tlse2.fr\/vie-etablissement\/files\/2024\/02\/Bilan-mi-parcours-du-contrat.pdf\"><img loading=\"lazy\" decoding=\"async\" class=\"size-medium wp-image-8510 aligncenter\" src=\"https:\/\/blogs.univ-tlse2.fr\/vie-etablissement\/files\/2024\/02\/Une_Article_CONGRES_BILAN_APRES_UN_AN.jpg\" alt=\"\" width=\"300\" height=\"142\" \/><\/a><\/p>\n<p>[\/vc_column_text][\/vc_column][vc_column width=\u00a0\u00bb1\/3&Prime;][\/vc_column][\/vc_row][vc_row][vc_column][vc_column_text]<\/p>\n<p>[\/vc_column_text][\/vc_column][\/vc_row]<\/p>\n<\/div>","protected":false},"excerpt":{"rendered":"<p>[vc_row][vc_column][vc_column_text] Le 1er janvier 2023 \u00e9tait cr\u00e9\u00e9e l&rsquo;Universit\u00e9 de Toulouse, sous la forme d&rsquo;une Comue exp\u00e9rimentale. Cette \u00e9volution institutionnelle s&rsquo;accompagnait de la mise en place du programme TIRIS, laur\u00e9at de l&rsquo;appel \u00e0 projets \u00ab\u00a0Excellence sous toutes ses formes &#8211; ExcellencES\u00a0\u00bb&#46;&#46;&#46;<\/p>\n","protected":false},"author":839,"featured_media":8524,"comment_status":"closed","ping_status":"open","sticky":false,"template":"","format":"standard","meta":{"footnotes":""},"categories":[174588],"tags":[],"class_list":["post-8529","post","type-post","status-publish","format-standard","has-post-thumbnail","hentry","category-evolution-de-site"],"_links":{"self":[{"href":"https:\/\/blogs.univ-tlse2.fr\/vie-etablissement\/index.php?rest_route=\/wp\/v2\/posts\/8529","targetHints":{"allow":["GET"]}}],"collection":[{"href":"https:\/\/blogs.univ-tlse2.fr\/vie-etablissement\/index.php?rest_route=\/wp\/v2\/posts"}],"about":[{"href":"https:\/\/blogs.univ-tlse2.fr\/vie-etablissement\/index.php?rest_route=\/wp\/v2\/types\/post"}],"author":[{"embeddable":true,"href":"https:\/\/blogs.univ-tlse2.fr\/vie-etablissement\/index.php?rest_route=\/wp\/v2\/users\/839"}],"replies":[{"embeddable":true,"href":"https:\/\/blogs.univ-tlse2.fr\/vie-etablissement\/index.php?rest_route=%2Fwp%2Fv2%2Fcomments&post=8529"}],"version-history":[{"count":2,"href":"https:\/\/blogs.univ-tlse2.fr\/vie-etablissement\/index.php?rest_route=\/wp\/v2\/posts\/8529\/revisions"}],"predecessor-version":[{"id":8531,"href":"https:\/\/blogs.univ-tlse2.fr\/vie-etablissement\/index.php?rest_route=\/wp\/v2\/posts\/8529\/revisions\/8531"}],"wp:featuredmedia":[{"embeddable":true,"href":"https:\/\/blogs.univ-tlse2.fr\/vie-etablissement\/index.php?rest_route=\/wp\/v2\/media\/8524"}],"wp:attachment":[{"href":"https:\/\/blogs.univ-tlse2.fr\/vie-etablissement\/index.php?rest_route=%2Fwp%2Fv2%2Fmedia&parent=8529"}],"wp:term":[{"taxonomy":"category","embeddable":true,"href":"https:\/\/blogs.univ-tlse2.fr\/vie-etablissement\/index.php?rest_route=%2Fwp%2Fv2%2Fcategories&post=8529"},{"taxonomy":"post_tag","embeddable":true,"href":"https:\/\/blogs.univ-tlse2.fr\/vie-etablissement\/index.php?rest_route=%2Fwp%2Fv2%2Ftags&post=8529"}],"curies":[{"name":"wp","href":"https:\/\/api.w.org\/{rel}","templated":true}]}}