 {"id":8568,"date":"2024-04-23T16:47:42","date_gmt":"2024-04-23T14:47:42","guid":{"rendered":"https:\/\/blogs.univ-tlse2.fr\/vie-etablissement\/?p=8568"},"modified":"2025-06-19T10:46:44","modified_gmt":"2025-06-19T08:46:44","slug":"presentation-du-dispositif-de-traitement-des-signalements","status":"publish","type":"post","link":"https:\/\/blogs.univ-tlse2.fr\/vie-etablissement\/?p=8568","title":{"rendered":"Pr\u00e9sentation du dispositif de traitement des signalements"},"content":{"rendered":"<p align=\"justify\">La mise en place d\u2019un \u00ab dispositif de traitement des signalements \u00bb global vise \u00e0 am\u00e9liorer la r\u00e9ponse de l\u2019\u00e9tablissement face aux situations de d\u00e9tresses individuelles, quelle qu\u2019en soit l\u2019origine. Il concerne aussi bien les usager\u00b7\u00e8res que les agent\u00b7es. Il a \u00e9galement pour objectif de r\u00e9pondre aux obligations r\u00e9glementaires (d\u00e9cret du 13 mars 2020 relatif au dispositif de signalement des actes de violence, de discrimination, de harc\u00e8lement et d\u2019agissements sexistes dans la fonction publique).<br \/>\nCe dispositif n\u2019a pas pour vocation \u00e0 se substituer \u00e0 des dispositifs de signalement existants (cellule RPS ou fiches SST, par exemple), mais \u00e0 articuler et coordonner les dispositifs th\u00e9matiques (VSS, handicap, la\u00efcit\u00e9, etc.) de mani\u00e8re \u00e0 en am\u00e9liorer l\u2019efficacit\u00e9.<\/p>\n<p align=\"justify\">Nous proposons ci-dessous, en t\u00e9l\u00e9chargement, une pr\u00e9sentation synth\u00e9tique du dispositif. Celui-ci inclut l\u2019ensemble des phases de traitement de signalements : la phase de recueil, la phase d\u2019\u00e9coute, la phase d\u2019enqu\u00eate, et la phase de traitement administratif et juridique.<\/p>\n<p align=\"justify\"><em>Ce dispositif a \u00e9t\u00e9 vot\u00e9 en CA le 23 avril 2024 (20 voix pour, 12 voix contre et 1 abstention).<\/em><\/p>\n<p><a href=\"https:\/\/blogs.univ-tlse2.fr\/vie-etablissement\/files\/2024\/04\/Dispositifs-signalements-version-CA-vf.pptx\"><img loading=\"lazy\" decoding=\"async\" class=\" wp-image-8566 aligncenter\" src=\"https:\/\/blogs.univ-tlse2.fr\/vie-etablissement\/files\/2024\/04\/Dispositifs-signalements-version-CA-vf-300x169.png\" alt=\"\" width=\"435\" height=\"245\" srcset=\"https:\/\/blogs.univ-tlse2.fr\/vie-etablissement\/files\/2024\/04\/Dispositifs-signalements-version-CA-vf-300x169.png 300w, https:\/\/blogs.univ-tlse2.fr\/vie-etablissement\/files\/2024\/04\/Dispositifs-signalements-version-CA-vf-1024x576.png 1024w, https:\/\/blogs.univ-tlse2.fr\/vie-etablissement\/files\/2024\/04\/Dispositifs-signalements-version-CA-vf-768x432.png 768w, https:\/\/blogs.univ-tlse2.fr\/vie-etablissement\/files\/2024\/04\/Dispositifs-signalements-version-CA-vf.png 1440w\" sizes=\"auto, (max-width: 435px) 100vw, 435px\" \/><\/a><\/p>\n","protected":false},"excerpt":{"rendered":"<p>La mise en place d\u2019un \u00ab dispositif de traitement des signalements \u00bb global vise \u00e0 am\u00e9liorer la r\u00e9ponse de l\u2019\u00e9tablissement face aux situations de d\u00e9tresses individuelles, quelle qu\u2019en soit l\u2019origine. Il concerne aussi bien les usager\u00b7\u00e8res que les agent\u00b7es. Il&#46;&#46;&#46;<\/p>\n","protected":false},"author":839,"featured_media":8567,"comment_status":"closed","ping_status":"open","sticky":false,"template":"","format":"standard","meta":{"footnotes":""},"categories":[174570],"tags":[],"class_list":["post-8568","post","type-post","status-publish","format-standard","has-post-thumbnail","hentry","category-comprendre"],"_links":{"self":[{"href":"https:\/\/blogs.univ-tlse2.fr\/vie-etablissement\/index.php?rest_route=\/wp\/v2\/posts\/8568","targetHints":{"allow":["GET"]}}],"collection":[{"href":"https:\/\/blogs.univ-tlse2.fr\/vie-etablissement\/index.php?rest_route=\/wp\/v2\/posts"}],"about":[{"href":"https:\/\/blogs.univ-tlse2.fr\/vie-etablissement\/index.php?rest_route=\/wp\/v2\/types\/post"}],"author":[{"embeddable":true,"href":"https:\/\/blogs.univ-tlse2.fr\/vie-etablissement\/index.php?rest_route=\/wp\/v2\/users\/839"}],"replies":[{"embeddable":true,"href":"https:\/\/blogs.univ-tlse2.fr\/vie-etablissement\/index.php?rest_route=%2Fwp%2Fv2%2Fcomments&post=8568"}],"version-history":[{"count":2,"href":"https:\/\/blogs.univ-tlse2.fr\/vie-etablissement\/index.php?rest_route=\/wp\/v2\/posts\/8568\/revisions"}],"predecessor-version":[{"id":8570,"href":"https:\/\/blogs.univ-tlse2.fr\/vie-etablissement\/index.php?rest_route=\/wp\/v2\/posts\/8568\/revisions\/8570"}],"wp:featuredmedia":[{"embeddable":true,"href":"https:\/\/blogs.univ-tlse2.fr\/vie-etablissement\/index.php?rest_route=\/wp\/v2\/media\/8567"}],"wp:attachment":[{"href":"https:\/\/blogs.univ-tlse2.fr\/vie-etablissement\/index.php?rest_route=%2Fwp%2Fv2%2Fmedia&parent=8568"}],"wp:term":[{"taxonomy":"category","embeddable":true,"href":"https:\/\/blogs.univ-tlse2.fr\/vie-etablissement\/index.php?rest_route=%2Fwp%2Fv2%2Fcategories&post=8568"},{"taxonomy":"post_tag","embeddable":true,"href":"https:\/\/blogs.univ-tlse2.fr\/vie-etablissement\/index.php?rest_route=%2Fwp%2Fv2%2Ftags&post=8568"}],"curies":[{"name":"wp","href":"https:\/\/api.w.org\/{rel}","templated":true}]}}